{"id":341121,"date":"2024-03-21T17:47:49","date_gmt":"2024-03-21T20:47:49","guid":{"rendered":"https:\/\/jundiai.sp.gov.br\/noticias\/?p=341121"},"modified":"2024-03-22T14:21:53","modified_gmt":"2024-03-22T17:21:53","slug":"em-reuniao-com-prefeito-leroy-merlin-anuncia-investimento-de-r-140-mi-e-500-novos-empregos","status":"publish","type":"post","link":"https:\/\/jundiai.sp.gov.br\/noticias\/2024\/03\/21\/em-reuniao-com-prefeito-leroy-merlin-anuncia-investimento-de-r-140-mi-e-500-novos-empregos\/","title":{"rendered":"Em reuni\u00e3o com prefeito, Leroy Merlin anuncia investimento de R$ 140 mi e 500 novos empregos"},"content":{"rendered":"\n<p>O prefeito Luiz Fernando Machado recebeu representantes da Leroy Merlin para o tradicional Caf\u00e9 com Setor Produtivo. A empresa, gigante francesa, uma das mais importantes redes de varejo, focada em solu\u00e7\u00f5es completas para o lar, confirmou o investimento de aproximadamente R$ 140 milh\u00f5es na constru\u00e7\u00e3o de uma nova loja em Jundia\u00ed, que vai gerar cerca de 500 novos empregos &#8211; diretos e indiretos.<\/p>\n\n\n\n<p>A loja ser\u00e1 instalada em um terreno de mais de 27 mil metros quadrados, com \u00e1rea constru\u00edda de 13 mil metros quadrados. A previs\u00e3o de inaugura\u00e7\u00e3o \u00e9 para outubro de 2024. &#8220;O n\u00edvel de aten\u00e7\u00e3o e dedica\u00e7\u00e3o por parte da Prefeitura foi de excel\u00eancia. Isso demonstra o comprometimento em atrair investimentos e promover o desenvolvimento da cidade&#8221;, afirmou o Diretor de Expans\u00e3o, Desenvolvimento e Rela\u00e7\u00f5es Institucionais da Leroy Merlin, Renato Augusto Coltro.<\/p>\n\n\n\n<figure class=\"wp-block-image size-large\"><img loading=\"lazy\" decoding=\"async\" width=\"1280\" height=\"854\" src=\"https:\/\/jundiai.sp.gov.br\/noticias\/wp-content\/uploads\/sites\/32\/2024\/03\/luiz-fernando-machado-cafe-com-setor-produtivo-leroy-merlin_fm_-3-1280x854.jpg\" alt=\"\" class=\"wp-image-341145\" srcset=\"https:\/\/jundiai.sp.gov.br\/noticias\/wp-content\/uploads\/sites\/32\/2024\/03\/luiz-fernando-machado-cafe-com-setor-produtivo-leroy-merlin_fm_-3-1280x854.jpg 1280w, https:\/\/jundiai.sp.gov.br\/noticias\/wp-content\/uploads\/sites\/32\/2024\/03\/luiz-fernando-machado-cafe-com-setor-produtivo-leroy-merlin_fm_-3-300x200.jpg 300w, https:\/\/jundiai.sp.gov.br\/noticias\/wp-content\/uploads\/sites\/32\/2024\/03\/luiz-fernando-machado-cafe-com-setor-produtivo-leroy-merlin_fm_-3-768x512.jpg 768w, https:\/\/jundiai.sp.gov.br\/noticias\/wp-content\/uploads\/sites\/32\/2024\/03\/luiz-fernando-machado-cafe-com-setor-produtivo-leroy-merlin_fm_-3-1536x1024.jpg 1536w, https:\/\/jundiai.sp.gov.br\/noticias\/wp-content\/uploads\/sites\/32\/2024\/03\/luiz-fernando-machado-cafe-com-setor-produtivo-leroy-merlin_fm_-3-450x300.jpg 450w, https:\/\/jundiai.sp.gov.br\/noticias\/wp-content\/uploads\/sites\/32\/2024\/03\/luiz-fernando-machado-cafe-com-setor-produtivo-leroy-merlin_fm_-3.jpg 1900w\" sizes=\"auto, (max-width: 1280px) 100vw, 1280px\" \/><figcaption class=\"wp-element-caption\">Investimento de aproximadamente R$ 140 milh\u00f5es na constru\u00e7\u00e3o de uma nova loja em Jundia\u00ed<\/figcaption><\/figure>\n\n\n\n<p>Luiz Fernando agradeceu pela escolha da cidade como sede do investimento. &#8220;A chegada da Leroy Merlin \u00e9 uma excelente not\u00edcia para Jundia\u00ed. Agradecemos pela confian\u00e7a depositada em nosso munic\u00edpio e colocamos todos os servi\u00e7os do setor p\u00fablico \u00e0 disposi\u00e7\u00e3o da empresa para garantir o sucesso deste empreendimento.&#8221;<\/p>\n\n\n\n<p><strong>Jundia\u00ed Empreendedora<\/strong><\/p>\n\n\n\n<p>Uma parceria com o Espa\u00e7o Jundia\u00ed Empreendedora, localizado no Maxi Shopping (piso G3), ainda segundo o prefeito, vai ajudar na escolha dos novos profissionais da Leroy Merlin. &#8220;J\u00e1 estamos fechando parceria com a Leroy Merlin para que as contrata\u00e7\u00f5es da empresa sejam feitas por meio do Jundia\u00ed Empreendedora, visando facilitar o processo de contrata\u00e7\u00e3o e garantir oportunidades para os mun\u00edcipes&#8221;, afirmou o prefeito.<\/p>\n\n\n\n<p><strong><a href=\"https:\/\/negocios.jundiai.sp.gov.br\/\" data-type=\"link\" data-id=\"https:\/\/negocios.jundiai.sp.gov.br\/\">CONHE\u00c7A AS A\u00c7\u00d5ES DO JUNDIA\u00cd EMPREENDEDORA<\/a><\/strong><\/p>\n\n\n\n<figure class=\"wp-block-image size-large\"><img loading=\"lazy\" decoding=\"async\" width=\"1280\" height=\"854\" src=\"https:\/\/jundiai.sp.gov.br\/noticias\/wp-content\/uploads\/sites\/32\/2024\/03\/luiz-fernando-machado-cafe-com-setor-produtivo-leroy-merlin_fm_-88-1280x854.jpg\" alt=\"\" class=\"wp-image-341166\" srcset=\"https:\/\/jundiai.sp.gov.br\/noticias\/wp-content\/uploads\/sites\/32\/2024\/03\/luiz-fernando-machado-cafe-com-setor-produtivo-leroy-merlin_fm_-88-1280x854.jpg 1280w, https:\/\/jundiai.sp.gov.br\/noticias\/wp-content\/uploads\/sites\/32\/2024\/03\/luiz-fernando-machado-cafe-com-setor-produtivo-leroy-merlin_fm_-88-300x200.jpg 300w, https:\/\/jundiai.sp.gov.br\/noticias\/wp-content\/uploads\/sites\/32\/2024\/03\/luiz-fernando-machado-cafe-com-setor-produtivo-leroy-merlin_fm_-88-768x512.jpg 768w, https:\/\/jundiai.sp.gov.br\/noticias\/wp-content\/uploads\/sites\/32\/2024\/03\/luiz-fernando-machado-cafe-com-setor-produtivo-leroy-merlin_fm_-88-1536x1024.jpg 1536w, https:\/\/jundiai.sp.gov.br\/noticias\/wp-content\/uploads\/sites\/32\/2024\/03\/luiz-fernando-machado-cafe-com-setor-produtivo-leroy-merlin_fm_-88-450x300.jpg 450w, https:\/\/jundiai.sp.gov.br\/noticias\/wp-content\/uploads\/sites\/32\/2024\/03\/luiz-fernando-machado-cafe-com-setor-produtivo-leroy-merlin_fm_-88.jpg 1900w\" sizes=\"auto, (max-width: 1280px) 100vw, 1280px\" \/><figcaption class=\"wp-element-caption\">As contrata\u00e7\u00f5es ser\u00e3o feitas com apoio do Espa\u00e7o Jundia\u00ed Empreendedora<\/figcaption><\/figure>\n\n\n\n<p>O gestor de Governo e Finan\u00e7as, Jos\u00e9 Antonio Parimoschi, ressaltou os desafios enfrentados pela cidade e refor\u00e7ou o compromisso do governo municipal em apoiar o desenvolvimento econ\u00f4mico e social da cidade. &#8220;Temos ci\u00eancia dos desafios a serem enfrentados, mas estamos determinados em super\u00e1-los. A Prefeitura de Jundia\u00ed est\u00e1 sempre \u00e0 disposi\u00e7\u00e3o das empresas e temos uma gest\u00e3o comprometida em promover pol\u00edticas p\u00fablicas que potencializam a cidade como um todo&#8221;.<\/p>\n\n\n\n<p>Participaram tamb\u00e9m da reuni\u00e3o Isabela Ferreira, gerente de comunica\u00e7\u00e3o da Leroy Merlin. Al\u00e9m disso, pela Prefeitura, estiveram ainda os diretores Gilson Pichioli (Departamento de Fomento \u00e0 Ind\u00fastria), Enrico Milamonti (Fomento ao Com\u00e9rcio e Servi\u00e7os) e Daniele Ruiz (Parcerias Estrat\u00e9gicas).<\/p>\n\n\n\n<p><strong>Assessoria de Imprensa<br>Foto: Fot\u00f3grafos PMJ<\/strong><\/p>\n","protected":false},"excerpt":{"rendered":"<p>O prefeito Luiz Fernando Machado recebeu representantes da Leroy Merlin para o tradicional Caf\u00e9 com Setor Produtivo. A empresa, gigante francesa, uma das mais importantes redes de varejo, focada em solu\u00e7\u00f5es completas para o lar, confirmou o investimento de aproximadamente R$ 140 milh\u00f5es na constru\u00e7\u00e3o de uma nova loja em Jundia\u00ed, que vai gerar cerca [&hellip;]<\/p>\n","protected":false},"author":97,"featured_media":341150,"comment_status":"closed","ping_status":"0","sticky":false,"template":"","format":"standard","meta":{"footnotes":""},"categories":[2],"tags":[2465,3756,365],"ods":[4228,4229],"class_list":["post-341121","post","type-post","status-publish","format-standard","has-post-thumbnail","hentry","category-noticias","tag-cafe-com-prefeito","tag-cafe-com-setor-produtivo","tag-desenvolvimento-economico-ciencia-e-tecnologia","ods-ods-08","ods-ods-09"],"_links":{"self":[{"href":"https:\/\/jundiai.sp.gov.br\/noticias\/wp-json\/wp\/v2\/posts\/341121","targetHints":{"allow":["GET"]}}],"collection":[{"href":"https:\/\/jundiai.sp.gov.br\/noticias\/wp-json\/wp\/v2\/posts"}],"about":[{"href":"https:\/\/jundiai.sp.gov.br\/noticias\/wp-json\/wp\/v2\/types\/post"}],"author":[{"embeddable":true,"href":"https:\/\/jundiai.sp.gov.br\/noticias\/wp-json\/wp\/v2\/users\/97"}],"replies":[{"embeddable":true,"href":"https:\/\/jundiai.sp.gov.br\/noticias\/wp-json\/wp\/v2\/comments?post=341121"}],"version-history":[{"count":3,"href":"https:\/\/jundiai.sp.gov.br\/noticias\/wp-json\/wp\/v2\/posts\/341121\/revisions"}],"predecessor-version":[{"id":341260,"href":"https:\/\/jundiai.sp.gov.br\/noticias\/wp-json\/wp\/v2\/posts\/341121\/revisions\/341260"}],"wp:featuredmedia":[{"embeddable":true,"href":"https:\/\/jundiai.sp.gov.br\/noticias\/wp-json\/wp\/v2\/media\/341150"}],"wp:attachment":[{"href":"https:\/\/jundiai.sp.gov.br\/noticias\/wp-json\/wp\/v2\/media?parent=341121"}],"wp:term":[{"taxonomy":"category","embeddable":true,"href":"https:\/\/jundiai.sp.gov.br\/noticias\/wp-json\/wp\/v2\/categories?post=341121"},{"taxonomy":"post_tag","embeddable":true,"href":"https:\/\/jundiai.sp.gov.br\/noticias\/wp-json\/wp\/v2\/tags?post=341121"},{"taxonomy":"ods","embeddable":true,"href":"https:\/\/jundiai.sp.gov.br\/noticias\/wp-json\/wp\/v2\/ods?post=341121"}],"curies":[{"name":"wp","href":"https:\/\/api.w.org\/{rel}","templated":true}]}}