{"id":341817,"date":"2024-04-02T08:00:00","date_gmt":"2024-04-02T11:00:00","guid":{"rendered":"https:\/\/jundiai.sp.gov.br\/noticias\/?p=341817"},"modified":"2024-04-02T13:21:40","modified_gmt":"2024-04-02T16:21:40","slug":"prefeitura-promove-oficina-para-empreendimentos-com-interesse-em-integrar-a-rota-de-brincar","status":"publish","type":"post","link":"https:\/\/jundiai.sp.gov.br\/noticias\/2024\/04\/02\/prefeitura-promove-oficina-para-empreendimentos-com-interesse-em-integrar-a-rota-de-brincar\/","title":{"rendered":"Prefeitura promove oficina para empreendimentos com interesse em integrar a Rota de Brincar"},"content":{"rendered":"\n<p>No pr\u00f3ximo dia 15 de abril, a Prefeitura de Jundia\u00ed, por meio da Unidade de Agroneg\u00f3cio, Abastecimento e Turismo (UGAAT) e da Unidade de Gest\u00e3o de Cultura (UGC), promover\u00e1 uma oficina para empreendimentos com interesse em integrar a Rota de Brincar. A capacita\u00e7\u00e3o ser\u00e1 realizada no Bosque Hermindo Rossi (Bosquinho do Bonfiglioli), na R. Palermo, Jardim Bonfiglioli, das 15h \u00e0s 17h.<\/p>\n\n\n\n<p>O objetivo da oficina \u00e9 capacitar e familiarizar empreendimentos, entre eles restaurantes, caf\u00e9s, adegas, entre outros, com os elementos necess\u00e1rios para fornecer \u00e0s crian\u00e7as espa\u00e7os de brincar dentro do conceito de Jundia\u00ed Cidade das Crian\u00e7as, ser\u00e3o abordados os conceitos dos brinquedos n\u00e3o estruturados, que trabalham estimulando as fun\u00e7\u00f5es cognitivas das crian\u00e7as, como a organiza\u00e7\u00e3o, a criatividade e a mem\u00f3ria, al\u00e9m de auxiliarem de forma importante para o desenvolvimento motor delas.<\/p>\n\n\n<div class=\"wp-block-image\">\n<figure class=\"aligncenter size-full\"><img loading=\"lazy\" decoding=\"async\" width=\"1280\" height=\"854\" src=\"https:\/\/jundiai.sp.gov.br\/noticias\/wp-content\/uploads\/sites\/32\/2024\/04\/fabrica_japy_brincar_livre_agosto_dourado-539.jpg\" alt=\"\" class=\"wp-image-341819\" srcset=\"https:\/\/jundiai.sp.gov.br\/noticias\/wp-content\/uploads\/sites\/32\/2024\/04\/fabrica_japy_brincar_livre_agosto_dourado-539.jpg 1280w, https:\/\/jundiai.sp.gov.br\/noticias\/wp-content\/uploads\/sites\/32\/2024\/04\/fabrica_japy_brincar_livre_agosto_dourado-539-300x200.jpg 300w, https:\/\/jundiai.sp.gov.br\/noticias\/wp-content\/uploads\/sites\/32\/2024\/04\/fabrica_japy_brincar_livre_agosto_dourado-539-768x512.jpg 768w, https:\/\/jundiai.sp.gov.br\/noticias\/wp-content\/uploads\/sites\/32\/2024\/04\/fabrica_japy_brincar_livre_agosto_dourado-539-450x300.jpg 450w\" sizes=\"auto, (max-width: 1280px) 100vw, 1280px\" \/><figcaption class=\"wp-element-caption\">Prefeitura promove oficina para empreendimentos com interesse em integrar a Rota de Brincar<\/figcaption><\/figure>\n<\/div>\n\n\n<p>&#8220;Se voc\u00ea tem um neg\u00f3cio em Jundia\u00ed e ficou interessado em somar neste projeto &#8211; que tamb\u00e9m \u00e9 fundamental para ajudar a desenvolver o conceito de Cidade das Crian\u00e7as, n\u00f3s convidamos para essa oficina exclusiva. Sem d\u00favida, \u00e9 uma excelente forma de ampliar os neg\u00f3cios e receber bem as crian\u00e7as&#8221;, disse o gestor da UGAAT, Eduardo Alvarez. &#8220;Aqui na nossa cidade, brincar \u00e9 coisa s\u00e9ria. Al\u00e9m do mais, lidamos com crian\u00e7as em v\u00e1rios momentos do nosso dia a dia. Por isso, \u00e9 muito importante que os nossos empreendimentos tamb\u00e9m estejam treinados e aptos a receber os pequenos da melhor forma poss\u00edvel\u201d, comentou o gestor de Cultura, Marcelo Peroni.<\/p>\n\n\n\n<p>As inscri\u00e7\u00f5es, que s\u00e3o gratuitas, devem ser feitas por este link: <a href=\"https:\/\/forms.gle\/XCEsyLY9wKwqzwSf6\">https:\/\/forms.gle\/XCEsyLY9wKwqzwSf6<\/a><\/p>\n\n\n\n<p><strong>Assessoria de Imprensa<br>Foto: Fot\u00f3grafos PMJ<\/strong><\/p>\n","protected":false},"excerpt":{"rendered":"<p>No pr\u00f3ximo dia 15 de abril, a Prefeitura de Jundia\u00ed, por meio da Unidade de Agroneg\u00f3cio, Abastecimento e Turismo (UGAAT) e da Unidade de Gest\u00e3o de Cultura (UGC), promover\u00e1 uma oficina para empreendimentos com interesse em integrar a Rota de Brincar. A capacita\u00e7\u00e3o ser\u00e1 realizada no Bosque Hermindo Rossi (Bosquinho do Bonfiglioli), na R. Palermo, [&hellip;]<\/p>\n","protected":false},"author":100,"featured_media":341819,"comment_status":"closed","ping_status":"0","sticky":false,"template":"","format":"standard","meta":{"footnotes":""},"categories":[2],"tags":[974,29,4493],"ods":[],"class_list":["post-341817","post","type-post","status-publish","format-standard","has-post-thumbnail","hentry","category-noticias","tag-agronegocio-abastecimento-e-turismo","tag-cultura","tag-rota-do-brincar"],"_links":{"self":[{"href":"https:\/\/jundiai.sp.gov.br\/noticias\/wp-json\/wp\/v2\/posts\/341817","targetHints":{"allow":["GET"]}}],"collection":[{"href":"https:\/\/jundiai.sp.gov.br\/noticias\/wp-json\/wp\/v2\/posts"}],"about":[{"href":"https:\/\/jundiai.sp.gov.br\/noticias\/wp-json\/wp\/v2\/types\/post"}],"author":[{"embeddable":true,"href":"https:\/\/jundiai.sp.gov.br\/noticias\/wp-json\/wp\/v2\/users\/100"}],"replies":[{"embeddable":true,"href":"https:\/\/jundiai.sp.gov.br\/noticias\/wp-json\/wp\/v2\/comments?post=341817"}],"version-history":[{"count":10,"href":"https:\/\/jundiai.sp.gov.br\/noticias\/wp-json\/wp\/v2\/posts\/341817\/revisions"}],"predecessor-version":[{"id":341851,"href":"https:\/\/jundiai.sp.gov.br\/noticias\/wp-json\/wp\/v2\/posts\/341817\/revisions\/341851"}],"wp:featuredmedia":[{"embeddable":true,"href":"https:\/\/jundiai.sp.gov.br\/noticias\/wp-json\/wp\/v2\/media\/341819"}],"wp:attachment":[{"href":"https:\/\/jundiai.sp.gov.br\/noticias\/wp-json\/wp\/v2\/media?parent=341817"}],"wp:term":[{"taxonomy":"category","embeddable":true,"href":"https:\/\/jundiai.sp.gov.br\/noticias\/wp-json\/wp\/v2\/categories?post=341817"},{"taxonomy":"post_tag","embeddable":true,"href":"https:\/\/jundiai.sp.gov.br\/noticias\/wp-json\/wp\/v2\/tags?post=341817"},{"taxonomy":"ods","embeddable":true,"href":"https:\/\/jundiai.sp.gov.br\/noticias\/wp-json\/wp\/v2\/ods?post=341817"}],"curies":[{"name":"wp","href":"https:\/\/api.w.org\/{rel}","templated":true}]}}