{"id":341846,"date":"2024-04-01T17:51:03","date_gmt":"2024-04-01T20:51:03","guid":{"rendered":"https:\/\/jundiai.sp.gov.br\/noticias\/?p=341846"},"modified":"2024-04-01T17:51:03","modified_gmt":"2024-04-01T20:51:03","slug":"5a-fens-rock-seixas-tios-brothers-e-salada-russa-participam-do-primeiro-final-de-semana","status":"publish","type":"post","link":"https:\/\/jundiai.sp.gov.br\/noticias\/2024\/04\/01\/5a-fens-rock-seixas-tios-brothers-e-salada-russa-participam-do-primeiro-final-de-semana\/","title":{"rendered":"5\u00aa FENS: Rock Seixas, Tios Brothers e Salada Russa participam do primeiro final de semana"},"content":{"rendered":"\n<p>O primeiro final de semana da 5\u00aa Feira do Empreendedor, Neg\u00f3cios e Servi\u00e7os (FENS), da Prefeitura de Jundia\u00ed, promete agitar o p\u00fablico que comparecer ao Parque Comendador Ant\u00f4nio Carbonari, neste final de semana. A entrada e o estacionamento s\u00e3o gratuitos.<\/p>\n\n\n\n<p><strong><a href=\"https:\/\/jundiai.sp.gov.br\/fens\/\" data-type=\"link\" data-id=\"https:\/\/jundiai.sp.gov.br\/fens\/\">CONFIRA A PROGRAMA\u00c7\u00c3O COMPLETA DA FENS<\/a><\/strong><\/p>\n\n\n\n<p>Al\u00e9m de muitas novidades, descontos e promo\u00e7\u00f5es exclusivas dos empreendedores, a FENS oferece uma rica programa\u00e7\u00e3o cultural, com shows, apresenta\u00e7\u00f5es de dan\u00e7a e teatro, entre outras. \u201cEssa \u00e9 uma importante iniciativa, porque a circula\u00e7\u00e3o dos recursos fica na cidade, gera empregos e renda. S\u00e3o mais de 400 fam\u00edlias que estar\u00e3o representadas aqui pelos expositores, nos dois finais de semana\u201d, ressaltou o prefeito Luiz Fernando Machado.<\/p>\n\n\n\n<figure class=\"wp-block-image size-large\"><img loading=\"lazy\" decoding=\"async\" width=\"1280\" height=\"854\" src=\"https:\/\/jundiai.sp.gov.br\/noticias\/wp-content\/uploads\/sites\/32\/2024\/04\/53596209513_fe5cfd66bf_o-1280x854.jpg\" alt=\"\" class=\"wp-image-341847\" srcset=\"https:\/\/jundiai.sp.gov.br\/noticias\/wp-content\/uploads\/sites\/32\/2024\/04\/53596209513_fe5cfd66bf_o-1280x854.jpg 1280w, https:\/\/jundiai.sp.gov.br\/noticias\/wp-content\/uploads\/sites\/32\/2024\/04\/53596209513_fe5cfd66bf_o-300x200.jpg 300w, https:\/\/jundiai.sp.gov.br\/noticias\/wp-content\/uploads\/sites\/32\/2024\/04\/53596209513_fe5cfd66bf_o-768x512.jpg 768w, https:\/\/jundiai.sp.gov.br\/noticias\/wp-content\/uploads\/sites\/32\/2024\/04\/53596209513_fe5cfd66bf_o-1536x1024.jpg 1536w, https:\/\/jundiai.sp.gov.br\/noticias\/wp-content\/uploads\/sites\/32\/2024\/04\/53596209513_fe5cfd66bf_o-450x300.jpg 450w, https:\/\/jundiai.sp.gov.br\/noticias\/wp-content\/uploads\/sites\/32\/2024\/04\/53596209513_fe5cfd66bf_o.jpg 1900w\" sizes=\"auto, (max-width: 1280px) 100vw, 1280px\" \/><figcaption class=\"wp-element-caption\"> FENS no Parque da Uva: a entrada e o estacionamento s\u00e3o gratuitos<\/figcaption><\/figure>\n\n\n\n<p>\u201cA cultura \u00e9 um dos pilares do desenvolvimento de Jundia\u00ed. A FENS 2024 trar\u00e1 uma programa\u00e7\u00e3o cultural diversificada e de alta qualidade para todos os p\u00fablicos&#8221;, destacou Sami Mansour, gestor de Desenvolvimento Econ\u00f4mico, Ci\u00eancia e Tecnologia da Prefeitura de Jundia\u00ed.<\/p>\n\n\n\n<p><strong>Bandas<\/strong><\/p>\n\n\n\n<p>A primeira banda a subir ao palco da FENS \u00e9 Salada Russa, na sexta (5), \u00e0s 19h30, tocando rock, pop e flashbacks.<\/p>\n\n\n\n<p>No s\u00e1bado (6), est\u00e3o previstas apresenta\u00e7\u00f5es de Clarina Fasanaro &#8211; Banda Delas Cantam Elas, \u00e0s 16h, e Shania Twain Tribute (ac\u00fastico), \u00e0s 19h30.<\/p>\n\n\n\n<p>J\u00e1 no domingo, o Tios Brothers Band chega \u00e0s 14h com promessa de um show especial para os f\u00e3s. E \u00e0s 17h30, a 5\u00aa FENS recebe Danielzito &amp; Banda Rock Seixas.<\/p>\n\n\n\n<p><strong>Organiza\u00e7\u00e3o<\/strong><\/p>\n\n\n\n<p>&#8220;Estamos entusiasmados em oferecer uma programa\u00e7\u00e3o cultural diversificada que abrange m\u00fasica, dan\u00e7a, teatro e artes visuais. Queremos proporcionar uma experi\u00eancia enriquecedora para todos os participantes da FENS, promovendo a integra\u00e7\u00e3o e a valoriza\u00e7\u00e3o da cultura local&#8221;, comentou Bruna Lazarini, diretora de Planejamento, Gest\u00e3o e Finan\u00e7as (UGDECT) e respons\u00e1vel pela organiza\u00e7\u00e3o da FENS.<\/p>\n\n\n\n<p><strong><a href=\"https:\/\/jundiai.sp.gov.br\/fens\/\" data-type=\"link\" data-id=\"https:\/\/jundiai.sp.gov.br\/fens\/\">A programa\u00e7\u00e3o completa da 5\u00aa FENS est\u00e1 dispon\u00edvel no site do evento &#8211; CLIQUE AQUI.<\/a><\/strong><\/p>\n\n\n\n<p><strong>Assessoria de Imprensa<br>Foto: Fot\u00f3grafos PMJ<\/strong><\/p>\n","protected":false},"excerpt":{"rendered":"<p>O primeiro final de semana da 5\u00aa Feira do Empreendedor, Neg\u00f3cios e Servi\u00e7os (FENS), da Prefeitura de Jundia\u00ed, promete agitar o p\u00fablico que comparecer ao Parque Comendador Ant\u00f4nio Carbonari, neste final de semana. A entrada e o estacionamento s\u00e3o gratuitos. CONFIRA A PROGRAMA\u00c7\u00c3O COMPLETA DA FENS Al\u00e9m de muitas novidades, descontos e promo\u00e7\u00f5es exclusivas dos [&hellip;]<\/p>\n","protected":false},"author":97,"featured_media":341847,"comment_status":"closed","ping_status":"0","sticky":false,"template":"","format":"standard","meta":{"footnotes":""},"categories":[2],"tags":[365,3163],"ods":[4228,4229],"class_list":["post-341846","post","type-post","status-publish","format-standard","has-post-thumbnail","hentry","category-noticias","tag-desenvolvimento-economico-ciencia-e-tecnologia","tag-fens","ods-ods-08","ods-ods-09"],"_links":{"self":[{"href":"https:\/\/jundiai.sp.gov.br\/noticias\/wp-json\/wp\/v2\/posts\/341846","targetHints":{"allow":["GET"]}}],"collection":[{"href":"https:\/\/jundiai.sp.gov.br\/noticias\/wp-json\/wp\/v2\/posts"}],"about":[{"href":"https:\/\/jundiai.sp.gov.br\/noticias\/wp-json\/wp\/v2\/types\/post"}],"author":[{"embeddable":true,"href":"https:\/\/jundiai.sp.gov.br\/noticias\/wp-json\/wp\/v2\/users\/97"}],"replies":[{"embeddable":true,"href":"https:\/\/jundiai.sp.gov.br\/noticias\/wp-json\/wp\/v2\/comments?post=341846"}],"version-history":[{"count":4,"href":"https:\/\/jundiai.sp.gov.br\/noticias\/wp-json\/wp\/v2\/posts\/341846\/revisions"}],"predecessor-version":[{"id":341863,"href":"https:\/\/jundiai.sp.gov.br\/noticias\/wp-json\/wp\/v2\/posts\/341846\/revisions\/341863"}],"wp:featuredmedia":[{"embeddable":true,"href":"https:\/\/jundiai.sp.gov.br\/noticias\/wp-json\/wp\/v2\/media\/341847"}],"wp:attachment":[{"href":"https:\/\/jundiai.sp.gov.br\/noticias\/wp-json\/wp\/v2\/media?parent=341846"}],"wp:term":[{"taxonomy":"category","embeddable":true,"href":"https:\/\/jundiai.sp.gov.br\/noticias\/wp-json\/wp\/v2\/categories?post=341846"},{"taxonomy":"post_tag","embeddable":true,"href":"https:\/\/jundiai.sp.gov.br\/noticias\/wp-json\/wp\/v2\/tags?post=341846"},{"taxonomy":"ods","embeddable":true,"href":"https:\/\/jundiai.sp.gov.br\/noticias\/wp-json\/wp\/v2\/ods?post=341846"}],"curies":[{"name":"wp","href":"https:\/\/api.w.org\/{rel}","templated":true}]}}