{"id":342082,"date":"2024-04-04T17:37:06","date_gmt":"2024-04-04T20:37:06","guid":{"rendered":"https:\/\/jundiai.sp.gov.br\/noticias\/?p=342082"},"modified":"2024-04-04T17:37:06","modified_gmt":"2024-04-04T20:37:06","slug":"aprenda-e-participe-voce-tambem-da-coreografia-do-flashmob-do-26o-enredanca","status":"publish","type":"post","link":"https:\/\/jundiai.sp.gov.br\/noticias\/2024\/04\/04\/aprenda-e-participe-voce-tambem-da-coreografia-do-flashmob-do-26o-enredanca\/","title":{"rendered":"Aprenda e participe voc\u00ea tamb\u00e9m da coreografia do flashmob do 26\u00ba Enredan\u00e7a"},"content":{"rendered":"\n<p>O tradicional Flashmob do <a href=\"https:\/\/cultura.jundiai.sp.gov.br\/enredanca\/\" target=\"_blank\" rel=\"noreferrer noopener\">Enredan\u00e7a<\/a>, que todos anos envolve os bailarinos inscritos para apresenta\u00e7\u00f5es surpresas na cidade, traz para a 26\u00aa edi\u00e7\u00e3o do festival uma nova proposta. Desta vez, mais democr\u00e1tica e participativa, a coreografia da performance de dan\u00e7a est\u00e1 dispon\u00edvel em v\u00eddeo no site do festival para que todos os interessados possam aprender e, assim, participar do flashmob toda vez que ele for realizado durante as atra\u00e7\u00f5es do festival.<\/p>\n\n\n\n<p>A trilha escolhida para esta edi\u00e7\u00e3o foi \u201cDance The Night\u201d, can\u00e7\u00e3o de Dua Lipa tema do filme \u201cBarbie\u201d. Todo o processo de escolha, concep\u00e7\u00e3o e montagem da coreografia ficou a cargo dos bailarinos Jo\u00e3o Lucas Alves, Lucas Vicente e Mychael Nascimento da Cia. Jovem de Dan\u00e7a, corpo art\u00edstico municipal ligado \u00e0 Unidade de Gest\u00e3o de Cultura (UGC).<\/p>\n\n\n\n<figure class=\"wp-block-embed is-type-video is-provider-youtube wp-block-embed-youtube wp-embed-aspect-16-9 wp-has-aspect-ratio\"><div class=\"wp-block-embed__wrapper\">\n<iframe loading=\"lazy\" title=\"Coreografia para o flashmob do 26\u00ba Festival Enredan\u00e7a - Cia. Jovem de Dan\u00e7a\" width=\"500\" height=\"281\" src=\"https:\/\/www.youtube.com\/embed\/h7xaOh6uX2Y?feature=oembed\" frameborder=\"0\" allow=\"accelerometer; autoplay; clipboard-write; encrypted-media; gyroscope; picture-in-picture; web-share\" referrerpolicy=\"strict-origin-when-cross-origin\" allowfullscreen><\/iframe>\n<\/div><\/figure>\n\n\n\n<p>Jo\u00e3o Lucas explica o processo de escolha e concep\u00e7\u00e3o. \u201cSugerimos algumas m\u00fasicas que trouxessem boa energia, que fossem a cara do festival, divertidas, que dessem vontade de dan\u00e7ar. Em seguida, na coreografia, para a parte que compus, busquei como inspira\u00e7\u00e3o os anos 80 e 90, com influ\u00eancia do Jazz e Contempor\u00e2neo, que s\u00e3o, inclusive, modalidades concorrentes no Enredan\u00e7a. Fazendo assim uma conex\u00e3o com o festival e o trabalho da companhia, al\u00e9m de uma movimenta\u00e7\u00e3o mais voltada para o que vemos atualmente nas redes sociais\u201d, comentou o bailarino, que h\u00e1 dois anos faz parte da companhia.<\/p>\n\n\n\n<p>H\u00e1 dez meses na companhia, Mychael participar\u00e1 pela primeira vez do festival e explica a proposta de sua contribui\u00e7\u00e3o para a coreografia. \u201cComo o Jo\u00e3o indicou, a escolha da m\u00fasica tem a ver com a energia que ela transmite, algo prazeroso para se dan\u00e7ar. E trabalhando com o \u2018feeling\u2019 dela, eu trouxe para a minha parte da coreografia alguns elementos populares nas dan\u00e7as urbanas.\u201d<\/p>\n\n\n\n<p>E Lucas Vicente acrescenta: \u201cEm 2022, participei do flashmob e agora estou tendo a oportunidade de colaborar com meus colegas de trabalho na cria\u00e7\u00e3o. Adotei passos acess\u00edveis n\u00e3o apenas para os dan\u00e7arinos, mas tamb\u00e9m para aqueles que desejam experimentar uma viagem ao passado e relembrar momentos especiais\u201d, comentou o bailarino, que, falando em passado, relembra suas premia\u00e7\u00f5es como o primeiro lugar no solo de jazz e melhor bailarino, ambos na categoria Juvenil II, em sua estreia no festival, em 2019.<\/p>\n\n\n\n<figure class=\"wp-block-image size-large\"><img loading=\"lazy\" decoding=\"async\" width=\"1280\" height=\"854\" src=\"https:\/\/jundiai.sp.gov.br\/noticias\/wp-content\/uploads\/sites\/32\/2024\/04\/bailarinos-da-cia-faz-coreografia-flashmob-no-26-enredanca-lucas-vicente-mychael-nascimento-joao-lucas-alves_fm_-22-1280x854.jpg\" alt=\"\" class=\"wp-image-342084\" srcset=\"https:\/\/jundiai.sp.gov.br\/noticias\/wp-content\/uploads\/sites\/32\/2024\/04\/bailarinos-da-cia-faz-coreografia-flashmob-no-26-enredanca-lucas-vicente-mychael-nascimento-joao-lucas-alves_fm_-22-1280x854.jpg 1280w, https:\/\/jundiai.sp.gov.br\/noticias\/wp-content\/uploads\/sites\/32\/2024\/04\/bailarinos-da-cia-faz-coreografia-flashmob-no-26-enredanca-lucas-vicente-mychael-nascimento-joao-lucas-alves_fm_-22-300x200.jpg 300w, https:\/\/jundiai.sp.gov.br\/noticias\/wp-content\/uploads\/sites\/32\/2024\/04\/bailarinos-da-cia-faz-coreografia-flashmob-no-26-enredanca-lucas-vicente-mychael-nascimento-joao-lucas-alves_fm_-22-768x512.jpg 768w, https:\/\/jundiai.sp.gov.br\/noticias\/wp-content\/uploads\/sites\/32\/2024\/04\/bailarinos-da-cia-faz-coreografia-flashmob-no-26-enredanca-lucas-vicente-mychael-nascimento-joao-lucas-alves_fm_-22-1536x1024.jpg 1536w, https:\/\/jundiai.sp.gov.br\/noticias\/wp-content\/uploads\/sites\/32\/2024\/04\/bailarinos-da-cia-faz-coreografia-flashmob-no-26-enredanca-lucas-vicente-mychael-nascimento-joao-lucas-alves_fm_-22-450x300.jpg 450w, https:\/\/jundiai.sp.gov.br\/noticias\/wp-content\/uploads\/sites\/32\/2024\/04\/bailarinos-da-cia-faz-coreografia-flashmob-no-26-enredanca-lucas-vicente-mychael-nascimento-joao-lucas-alves_fm_-22.jpg 1900w\" sizes=\"auto, (max-width: 1280px) 100vw, 1280px\" \/><figcaption class=\"wp-element-caption\">Para a grava\u00e7\u00e3o, Lucas Vicente, Mychael e Jo\u00e3o Lucas aproveitaram como cen\u00e1rio a Plataforma Tur\u00edstica do Espa\u00e7o Expressa<\/figcaption><\/figure>\n\n\n\n<p>A participa\u00e7\u00e3o da Cia. Jovem de Dan\u00e7a no festival n\u00e3o ir\u00e1 se resumir ao flashmob. Entre outros momentos, o grupo abre a noite de estreia da programa\u00e7\u00e3o no Teatro Polytheama na sexta-feira (12), a partir das 19h30, com a apresenta\u00e7\u00e3o das coreografias: \u201cAquilo que guardo\u201d, \u201cMulher Jovem com os olhos fechados\u201d e \u201cDan\u00e7a pra Lua\u201d. \u201cPara a companhia e para os bailarinos, \u00e9 sempre bom estar perto de quem faz Dan\u00e7a nas escolas de Jundia\u00ed, e o Enredanca \u00e9 este ponto de encontro\u201d, comentou o diretor art\u00edstico da Cia. Jovem de Dan\u00e7a, Alex Soares.<\/p>\n\n\n\n<p><strong>Sexta no Centro<\/strong><br>Quem tiver aprendido a coreografia ou simplesmente quiser arriscar seus passos j\u00e1 ter\u00e1 uma oportunidade nesta sexta-feira (05). Uma n\u00e3o. Tr\u00eas! Antes de cada atra\u00e7\u00e3o musical desta <a href=\"https:\/\/jundiai.sp.gov.br\/noticias\/2024\/04\/03\/cultura-sexta-no-centro-esta-de-volta-com-musica-danca-e-gastronomia\/\">Sexta no Centro, na Pra\u00e7a Marechal Floriano Peixoto (Pra\u00e7a do Coreto)<\/a>, os interessados poder\u00e3o participar deste movimento da dan\u00e7a. Os hor\u00e1rios s\u00e3o: \u00e0s 16h, antes do show com hits do Flashback dos anos 60, 70 e 80 com a banda Audio Hits; \u00e0s 18h, abrindo o show en\u00e9rgico com cl\u00e1ssicos do Rock da Banda Side Rock; e \u00e0s 20h, antes do show musical da Banda Lado B e do show de performance da Fam\u00edlia Flashback.<\/p>\n\n\n\n<p>O Enredan\u00e7a segue at\u00e9 o domingo (21), com apresenta\u00e7\u00f5es das Mostras Competitiva e Paralela e a\u00e7\u00f5es formativas, espalhadas por diversos pontos da cidade, como o Teatro Polytheama, Centro das Artes Prefeito Pedro F\u00e1varo, Maxi Shopping, escolas e outros espa\u00e7os culturais. <\/p>\n\n\n\n<p>Os detalhes da programa\u00e7\u00e3o completa podem ser conferidos no <a href=\"https:\/\/cultura.jundiai.sp.gov.br\/enredanca\/\" target=\"_blank\" rel=\"noreferrer noopener\">site do festival<\/a>.<\/p>\n\n\n\n<p><strong>Assessoria de Imprensa<br>Fotos: Fot\u00f3grafos PMJ<\/strong><\/p>\n","protected":false},"excerpt":{"rendered":"<p>O tradicional Flashmob do Enredan\u00e7a, que todos anos envolve os bailarinos inscritos para apresenta\u00e7\u00f5es surpresas na cidade, traz para a 26\u00aa edi\u00e7\u00e3o do festival uma nova proposta. Desta vez, mais democr\u00e1tica e participativa, a coreografia da performance de dan\u00e7a est\u00e1 dispon\u00edvel em v\u00eddeo no site do festival para que todos os interessados possam aprender e, [&hellip;]<\/p>\n","protected":false},"author":14,"featured_media":342085,"comment_status":"closed","ping_status":"0","sticky":false,"template":"","format":"standard","meta":{"footnotes":""},"categories":[2],"tags":[1130,29,1006],"ods":[],"class_list":["post-342082","post","type-post","status-publish","format-standard","has-post-thumbnail","hentry","category-noticias","tag-cia-jovem-de-danca","tag-cultura","tag-festival-enredanca"],"_links":{"self":[{"href":"https:\/\/jundiai.sp.gov.br\/noticias\/wp-json\/wp\/v2\/posts\/342082","targetHints":{"allow":["GET"]}}],"collection":[{"href":"https:\/\/jundiai.sp.gov.br\/noticias\/wp-json\/wp\/v2\/posts"}],"about":[{"href":"https:\/\/jundiai.sp.gov.br\/noticias\/wp-json\/wp\/v2\/types\/post"}],"author":[{"embeddable":true,"href":"https:\/\/jundiai.sp.gov.br\/noticias\/wp-json\/wp\/v2\/users\/14"}],"replies":[{"embeddable":true,"href":"https:\/\/jundiai.sp.gov.br\/noticias\/wp-json\/wp\/v2\/comments?post=342082"}],"version-history":[{"count":4,"href":"https:\/\/jundiai.sp.gov.br\/noticias\/wp-json\/wp\/v2\/posts\/342082\/revisions"}],"predecessor-version":[{"id":342093,"href":"https:\/\/jundiai.sp.gov.br\/noticias\/wp-json\/wp\/v2\/posts\/342082\/revisions\/342093"}],"wp:featuredmedia":[{"embeddable":true,"href":"https:\/\/jundiai.sp.gov.br\/noticias\/wp-json\/wp\/v2\/media\/342085"}],"wp:attachment":[{"href":"https:\/\/jundiai.sp.gov.br\/noticias\/wp-json\/wp\/v2\/media?parent=342082"}],"wp:term":[{"taxonomy":"category","embeddable":true,"href":"https:\/\/jundiai.sp.gov.br\/noticias\/wp-json\/wp\/v2\/categories?post=342082"},{"taxonomy":"post_tag","embeddable":true,"href":"https:\/\/jundiai.sp.gov.br\/noticias\/wp-json\/wp\/v2\/tags?post=342082"},{"taxonomy":"ods","embeddable":true,"href":"https:\/\/jundiai.sp.gov.br\/noticias\/wp-json\/wp\/v2\/ods?post=342082"}],"curies":[{"name":"wp","href":"https:\/\/api.w.org\/{rel}","templated":true}]}}