{"id":342196,"date":"2024-04-05T16:15:29","date_gmt":"2024-04-05T19:15:29","guid":{"rendered":"https:\/\/jundiai.sp.gov.br\/noticias\/?p=342196"},"modified":"2024-04-05T16:15:29","modified_gmt":"2024-04-05T19:15:29","slug":"piquenique-no-parque-da-cidade-celebra-o-mes-de-conscientizacao-sobre-o-autismo","status":"publish","type":"post","link":"https:\/\/jundiai.sp.gov.br\/noticias\/2024\/04\/05\/piquenique-no-parque-da-cidade-celebra-o-mes-de-conscientizacao-sobre-o-autismo\/","title":{"rendered":"Piquenique no Parque da Cidade celebra o m\u00eas de conscientiza\u00e7\u00e3o sobre o autismo"},"content":{"rendered":"\n<p>Neste domingo (7), o Parque da Cidade vai sediar um piquenique em comemora\u00e7\u00e3o ao Abril Azul \u2013 m\u00eas de conscientiza\u00e7\u00e3o sobre o autismo. O evento, que tamb\u00e9m faz parte da programa\u00e7\u00e3o oficial em celebra\u00e7\u00e3o aos 20 anos do Parque da Cidade &#8211; ser\u00e1 realizado das 9 \u00e0s 13 horas no quiosque pr\u00f3ximo ao playground de madeira.<\/p>\n\n\n\n<p>Organizado pela cl\u00ednica Pediatherapies, o encontro tem como tema \u2018Valorize as capacidades e respeite os limites\u2019, e contar\u00e1 com a participa\u00e7\u00e3o de fam\u00edlias ligadas a mais de 20 cl\u00ednicas e entidades que trabalham com TEA (Transtorno do Espectro Autista). \u201cNosso objetivo \u00e9 conscientizar que cada pessoa com TEA tem sua individualidade, e, com base nisso, buscamos criar oportunidades\u201d, explica o diretor cl\u00ednico da Pediatherapies, Eduardo Bagne.<\/p>\n\n\n\n<p>A programa\u00e7\u00e3o inclui oficinas de confec\u00e7\u00e3o de pompons e instrumentos musicais com materiais recicl\u00e1veis, atividades musicais em grupo, rodas de conversa entre as fam\u00edlias, alongamento, caminhada e gincanas.<\/p>\n\n\n\n<p>Aberto ao p\u00fablico, os interessados em participar do piquenique devem levar comes e bebes para compartilhar durante as atividades.<\/p>\n\n\n\n<p><\/p>\n\n\n\n<figure class=\"wp-block-image size-large\"><a href=\"https:\/\/jundiai.sp.gov.br\/noticias\/wp-content\/uploads\/sites\/32\/2024\/04\/piquenique-abril-azul-2.jpeg\"><img loading=\"lazy\" decoding=\"async\" width=\"768\" height=\"960\" src=\"https:\/\/jundiai.sp.gov.br\/noticias\/wp-content\/uploads\/sites\/32\/2024\/04\/piquenique-abril-azul-2-768x960.jpeg\" alt=\"\" class=\"wp-image-342198\" srcset=\"https:\/\/jundiai.sp.gov.br\/noticias\/wp-content\/uploads\/sites\/32\/2024\/04\/piquenique-abril-azul-2-768x960.jpeg 768w, https:\/\/jundiai.sp.gov.br\/noticias\/wp-content\/uploads\/sites\/32\/2024\/04\/piquenique-abril-azul-2-300x375.jpeg 300w, https:\/\/jundiai.sp.gov.br\/noticias\/wp-content\/uploads\/sites\/32\/2024\/04\/piquenique-abril-azul-2.jpeg 1080w\" sizes=\"auto, (max-width: 768px) 100vw, 768px\" \/><\/a><figcaption class=\"wp-element-caption\">O evento, que tamb\u00e9m faz parte da programa\u00e7\u00e3o oficial em celebra\u00e7\u00e3o aos 20 anos do Parque da Cidade &#8211; ser\u00e1 realizado das 9 \u00e0s 13 horas no quiosque pr\u00f3ximo ao playground de madeira.<\/figcaption><\/figure>\n","protected":false},"excerpt":{"rendered":"<p>Neste domingo (7), o Parque da Cidade vai sediar um piquenique em comemora\u00e7\u00e3o ao Abril Azul \u2013 m\u00eas de conscientiza\u00e7\u00e3o sobre o autismo. O evento, que tamb\u00e9m faz parte da programa\u00e7\u00e3o oficial em celebra\u00e7\u00e3o aos 20 anos do Parque da Cidade &#8211; ser\u00e1 realizado das 9 \u00e0s 13 horas no quiosque pr\u00f3ximo ao playground de [&hellip;]<\/p>\n","protected":false},"author":89,"featured_media":342199,"comment_status":"closed","ping_status":"0","sticky":false,"template":"","format":"standard","meta":{"footnotes":""},"categories":[2],"tags":[4501,3923,1940,47],"ods":[],"class_list":["post-342196","post","type-post","status-publish","format-standard","has-post-thumbnail","hentry","category-noticias","tag-abril-azul","tag-aniversario-do-parque","tag-dae-jundiai","tag-parque-da-cidade"],"_links":{"self":[{"href":"https:\/\/jundiai.sp.gov.br\/noticias\/wp-json\/wp\/v2\/posts\/342196","targetHints":{"allow":["GET"]}}],"collection":[{"href":"https:\/\/jundiai.sp.gov.br\/noticias\/wp-json\/wp\/v2\/posts"}],"about":[{"href":"https:\/\/jundiai.sp.gov.br\/noticias\/wp-json\/wp\/v2\/types\/post"}],"author":[{"embeddable":true,"href":"https:\/\/jundiai.sp.gov.br\/noticias\/wp-json\/wp\/v2\/users\/89"}],"replies":[{"embeddable":true,"href":"https:\/\/jundiai.sp.gov.br\/noticias\/wp-json\/wp\/v2\/comments?post=342196"}],"version-history":[{"count":1,"href":"https:\/\/jundiai.sp.gov.br\/noticias\/wp-json\/wp\/v2\/posts\/342196\/revisions"}],"predecessor-version":[{"id":342200,"href":"https:\/\/jundiai.sp.gov.br\/noticias\/wp-json\/wp\/v2\/posts\/342196\/revisions\/342200"}],"wp:featuredmedia":[{"embeddable":true,"href":"https:\/\/jundiai.sp.gov.br\/noticias\/wp-json\/wp\/v2\/media\/342199"}],"wp:attachment":[{"href":"https:\/\/jundiai.sp.gov.br\/noticias\/wp-json\/wp\/v2\/media?parent=342196"}],"wp:term":[{"taxonomy":"category","embeddable":true,"href":"https:\/\/jundiai.sp.gov.br\/noticias\/wp-json\/wp\/v2\/categories?post=342196"},{"taxonomy":"post_tag","embeddable":true,"href":"https:\/\/jundiai.sp.gov.br\/noticias\/wp-json\/wp\/v2\/tags?post=342196"},{"taxonomy":"ods","embeddable":true,"href":"https:\/\/jundiai.sp.gov.br\/noticias\/wp-json\/wp\/v2\/ods?post=342196"}],"curies":[{"name":"wp","href":"https:\/\/api.w.org\/{rel}","templated":true}]}}