{"id":342246,"date":"2024-04-06T17:45:00","date_gmt":"2024-04-06T20:45:00","guid":{"rendered":"https:\/\/jundiai.sp.gov.br\/noticias\/?p=342246"},"modified":"2024-04-07T10:06:35","modified_gmt":"2024-04-07T13:06:35","slug":"consumidores-se-encantam-com-novo-layout-da-5a-fens","status":"publish","type":"post","link":"https:\/\/jundiai.sp.gov.br\/noticias\/2024\/04\/06\/consumidores-se-encantam-com-novo-layout-da-5a-fens\/","title":{"rendered":"Consumidores se encantam com novo layout da 5\u00aa FENS"},"content":{"rendered":"\n<p>Atra\u00e7\u00f5es espalhadas pelos pavilh\u00f5es, um Espa\u00e7o PET com t\u00fanel sensorial e creche para os c\u00e3es, \u201ccorredor verde\u201d repleto de gostosuras dos produtores rurais, Circuito Crian\u00e7as Empreendedoras com expositores voltados para o mundo infantil e muito mais.<\/p>\n\n\n\n<p> As novidades da 5\u00aa FENS (Feira do Empreendedor, Neg\u00f3cios e Servi\u00e7os) t\u00eam encantado o p\u00fablico no Parque Comendador Ant\u00f4nio Carbonari, durante o primeiro final de semana do evento. A entrada e o estacionamento s\u00e3o gratuitos, com shows musicais, pra\u00e7a de alimenta\u00e7\u00e3o, brinquedos infl\u00e1veis e muitas atra\u00e7\u00f5es.<\/p>\n\n\n\n<figure class=\"wp-block-image size-full\"><img loading=\"lazy\" decoding=\"async\" width=\"1280\" height=\"960\" src=\"https:\/\/jundiai.sp.gov.br\/noticias\/wp-content\/uploads\/sites\/32\/2024\/04\/imagem-do-whatsapp-de-2024-04-06-as-17-22-48_fa3ead02-1.jpg\" alt=\"\" class=\"wp-image-342248\" srcset=\"https:\/\/jundiai.sp.gov.br\/noticias\/wp-content\/uploads\/sites\/32\/2024\/04\/imagem-do-whatsapp-de-2024-04-06-as-17-22-48_fa3ead02-1.jpg 1280w, https:\/\/jundiai.sp.gov.br\/noticias\/wp-content\/uploads\/sites\/32\/2024\/04\/imagem-do-whatsapp-de-2024-04-06-as-17-22-48_fa3ead02-1-300x225.jpg 300w, https:\/\/jundiai.sp.gov.br\/noticias\/wp-content\/uploads\/sites\/32\/2024\/04\/imagem-do-whatsapp-de-2024-04-06-as-17-22-48_fa3ead02-1-768x576.jpg 768w\" sizes=\"auto, (max-width: 1280px) 100vw, 1280px\" \/><figcaption class=\"wp-element-caption\">A entrada e o estacionamento s\u00e3o gratuitos, com shows musicais, pra\u00e7a de alimenta\u00e7\u00e3o, brinquedos infl\u00e1veis e muitas atra\u00e7\u00f5es<\/figcaption><\/figure>\n\n\n\n<p>Neste domingo (7), inclusive, haver\u00e1 um dia especial voltado \u00e0 beleza e atendimento gratuito aos consumidores, a partir das 10h30. Outro destaque \u00e9 o desfile com modelos profissionais, que v\u00e3o usar produtos dos pr\u00f3prios expositores da feira. \u201cAchei tudo maravilhoso. J\u00e1 tinha vindo nos outros anos, mas dessa vez a organiza\u00e7\u00e3o se superou. Acho muito legal, pois podemos conhecer lojas que n\u00e3o sab\u00edamos que existia aqui na cidade\u201d, afirmou Giorgia Nascimento, contadora, enquanto comprava produto no estande da L\u00e1 Store, um dos mais de 400 expositores da FENS.<\/p>\n\n\n\n<p><a href=\"https:\/\/jundiai.sp.gov.br\/fens\">CONFIRA A PROGRAMA\u00c7\u00c3O DA FENS<\/a><\/p>\n\n\n\n<p>\u201cEu fa\u00e7o exerc\u00edcios no Bol\u00e3o, vi a divulga\u00e7\u00e3o e vim prestigiar o evento. Acho muito importante a proposta, pois ajuda a economia da cidade e valoriza quem est\u00e1 perto da gente\u201d, afirmou Ana Teixeira, empreendedora, que comprou do estande Tal M\u00e3e, Tal Filha.&nbsp;<\/p>\n\n\n\n<p>\u201cUnimos esfor\u00e7os para apoiar e fomentar os empreendedores locais, construindo assim um futuro pr\u00f3spero e inclusivo para todos\u201d, ressaltou Sami Mansour, gestor de Desenvolvimento Econ\u00f4mico, Ci\u00eancia e Tecnologia (UGDECT) &#8211; respons\u00e1vel pela organiza\u00e7\u00e3o da FENS. \u201c\u00c9 fundamental destacar a import\u00e2ncia vital da valoriza\u00e7\u00e3o do empreendedorismo local. N\u00e3o apenas fortalecemos nossa economia, mas tamb\u00e9m promovemos o desenvolvimento sustent\u00e1vel e a cria\u00e7\u00e3o de empregos dentro de nossa comunidade\u201d, completou Bruna Lazarini, diretora de Planejamento, Gest\u00e3o e Finan\u00e7as da UGDECT.<\/p>\n\n\n\n<p>A FENS teve in\u00edcio em agosto de 2022 e quatro edi\u00e7\u00f5es j\u00e1 foram realizadas. Os n\u00fameros mostram, inclusive, o sucesso: mais de R$ 5 milh\u00f5es em movimenta\u00e7\u00e3o financeira dos expositores, com p\u00fablico superior a 100 mil pessoas e mais de 1,5 mil pequenos e microempreendedores participantes.<\/p>\n\n\n\n<figure class=\"wp-block-image size-large\"><img loading=\"lazy\" decoding=\"async\" width=\"1280\" height=\"854\" src=\"https:\/\/jundiai.sp.gov.br\/noticias\/wp-content\/uploads\/sites\/32\/2024\/04\/abertura_5a_fens_pa-70-1280x854.jpg\" alt=\"\" class=\"wp-image-342251\" srcset=\"https:\/\/jundiai.sp.gov.br\/noticias\/wp-content\/uploads\/sites\/32\/2024\/04\/abertura_5a_fens_pa-70-1280x854.jpg 1280w, https:\/\/jundiai.sp.gov.br\/noticias\/wp-content\/uploads\/sites\/32\/2024\/04\/abertura_5a_fens_pa-70-300x200.jpg 300w, https:\/\/jundiai.sp.gov.br\/noticias\/wp-content\/uploads\/sites\/32\/2024\/04\/abertura_5a_fens_pa-70-768x512.jpg 768w, https:\/\/jundiai.sp.gov.br\/noticias\/wp-content\/uploads\/sites\/32\/2024\/04\/abertura_5a_fens_pa-70-1536x1024.jpg 1536w, https:\/\/jundiai.sp.gov.br\/noticias\/wp-content\/uploads\/sites\/32\/2024\/04\/abertura_5a_fens_pa-70-450x300.jpg 450w, https:\/\/jundiai.sp.gov.br\/noticias\/wp-content\/uploads\/sites\/32\/2024\/04\/abertura_5a_fens_pa-70.jpg 1900w\" sizes=\"auto, (max-width: 1280px) 100vw, 1280px\" \/><figcaption class=\"wp-element-caption\">A FENS continua neste domingo, das 10h \u00e0s 20h, no Parque da Uva<\/figcaption><\/figure>\n\n\n\n<p><strong>Servi\u00e7o<\/strong> &#8211; <em><strong>5\u00aa FENS \u2013 Feira do Empreendedor, Neg\u00f3cios e Servi\u00e7os<\/strong><\/em><\/p>\n\n\n\n<p><strong>Datas:<\/strong> 05, 06 e 07 \/ 12, 13 e 14 de abril<br><strong>Hor\u00e1rios:<\/strong> sextas, das 12h \u00e0s 22h; s\u00e1bados, das 10h \u00e0s 22h; e domingos, das 10h \u00e0s 20h<br><strong>Local:<\/strong> Parque Comendador Ant\u00f4nio Carbonari (avenida Jundia\u00ed, s\/n, Anhangaba\u00fa)<br><strong>Entrada e estacionamento:<\/strong> gratuitos<br><strong>Atra\u00e7\u00f5es:<\/strong> shows musicais, atra\u00e7\u00f5es culturais, espa\u00e7o kids, pra\u00e7a de alimenta\u00e7\u00e3o<br><strong>Aceita animais de estima\u00e7\u00e3o?<\/strong> Sim, o evento \u00e9 pet friendly<\/p>\n\n\n\n<p><strong>Assessoria de Imprensa<\/strong><strong><br><\/strong><strong>Fotos: Fot\u00f3grafos PMJ<\/strong><\/p>\n","protected":false},"excerpt":{"rendered":"<p>Atra\u00e7\u00f5es espalhadas pelos pavilh\u00f5es, um Espa\u00e7o PET com t\u00fanel sensorial e creche para os c\u00e3es, \u201ccorredor verde\u201d repleto de gostosuras dos produtores rurais, Circuito Crian\u00e7as Empreendedoras com expositores voltados para o mundo infantil e muito mais. As novidades da 5\u00aa FENS (Feira do Empreendedor, Neg\u00f3cios e Servi\u00e7os) t\u00eam encantado o p\u00fablico no Parque Comendador Ant\u00f4nio [&hellip;]<\/p>\n","protected":false},"author":97,"featured_media":342251,"comment_status":"closed","ping_status":"0","sticky":false,"template":"","format":"standard","meta":{"footnotes":""},"categories":[2],"tags":[365,3163],"ods":[4228,4229],"class_list":["post-342246","post","type-post","status-publish","format-standard","has-post-thumbnail","hentry","category-noticias","tag-desenvolvimento-economico-ciencia-e-tecnologia","tag-fens","ods-ods-08","ods-ods-09"],"_links":{"self":[{"href":"https:\/\/jundiai.sp.gov.br\/noticias\/wp-json\/wp\/v2\/posts\/342246","targetHints":{"allow":["GET"]}}],"collection":[{"href":"https:\/\/jundiai.sp.gov.br\/noticias\/wp-json\/wp\/v2\/posts"}],"about":[{"href":"https:\/\/jundiai.sp.gov.br\/noticias\/wp-json\/wp\/v2\/types\/post"}],"author":[{"embeddable":true,"href":"https:\/\/jundiai.sp.gov.br\/noticias\/wp-json\/wp\/v2\/users\/97"}],"replies":[{"embeddable":true,"href":"https:\/\/jundiai.sp.gov.br\/noticias\/wp-json\/wp\/v2\/comments?post=342246"}],"version-history":[{"count":2,"href":"https:\/\/jundiai.sp.gov.br\/noticias\/wp-json\/wp\/v2\/posts\/342246\/revisions"}],"predecessor-version":[{"id":342252,"href":"https:\/\/jundiai.sp.gov.br\/noticias\/wp-json\/wp\/v2\/posts\/342246\/revisions\/342252"}],"wp:featuredmedia":[{"embeddable":true,"href":"https:\/\/jundiai.sp.gov.br\/noticias\/wp-json\/wp\/v2\/media\/342251"}],"wp:attachment":[{"href":"https:\/\/jundiai.sp.gov.br\/noticias\/wp-json\/wp\/v2\/media?parent=342246"}],"wp:term":[{"taxonomy":"category","embeddable":true,"href":"https:\/\/jundiai.sp.gov.br\/noticias\/wp-json\/wp\/v2\/categories?post=342246"},{"taxonomy":"post_tag","embeddable":true,"href":"https:\/\/jundiai.sp.gov.br\/noticias\/wp-json\/wp\/v2\/tags?post=342246"},{"taxonomy":"ods","embeddable":true,"href":"https:\/\/jundiai.sp.gov.br\/noticias\/wp-json\/wp\/v2\/ods?post=342246"}],"curies":[{"name":"wp","href":"https:\/\/api.w.org\/{rel}","templated":true}]}}