{"id":342334,"date":"2024-04-09T12:55:17","date_gmt":"2024-04-09T15:55:17","guid":{"rendered":"https:\/\/jundiai.sp.gov.br\/noticias\/?p=342334"},"modified":"2024-04-09T12:55:17","modified_gmt":"2024-04-09T15:55:17","slug":"curso-historias-que-vendem-capacita-a-conectar-se-com-o-publico-e-impulsionar-negocios","status":"publish","type":"post","link":"https:\/\/jundiai.sp.gov.br\/noticias\/2024\/04\/09\/curso-historias-que-vendem-capacita-a-conectar-se-com-o-publico-e-impulsionar-negocios\/","title":{"rendered":"Curso &#8220;Hist\u00f3rias que Vendem&#8221; capacita a conectar-se com o p\u00fablico e impulsionar neg\u00f3cios"},"content":{"rendered":"\n<p>Em um mundo empresarial cada vez mais competitivo, a habilidade de contar hist\u00f3rias surge como uma ferramenta crucial para estabelecer conex\u00f5es genu\u00ednas com o p\u00fablico e impulsionar o sucesso dos empreendimentos. Reconhecendo essa import\u00e2ncia, o Espa\u00e7o Jundia\u00ed Empreendedora, em parceria com o Sebrae, realizou o curso \u201cHist\u00f3rias que Vendem\u201d, voltado especificamente para mulheres empreendedoras.<\/p>\n\n\n\n<p>O treinamento ofereceu uma jornada de aprendizado e capacita\u00e7\u00e3o em storytelling. A iniciativa visou capacitar empreendedoras a criar narrativas cativantes para comunicar suas ideias, motivar equipes e atrair clientes, proporcionando uma vantagem competitiva no mercado.<\/p>\n\n\n\n<figure class=\"wp-block-image size-large\"><img loading=\"lazy\" decoding=\"async\" width=\"1280\" height=\"960\" src=\"https:\/\/jundiai.sp.gov.br\/noticias\/wp-content\/uploads\/sites\/32\/2024\/04\/imagem-do-whatsapp-de-2024-04-09-as-12-29-26_b0778bd7-1280x960.jpg\" alt=\"\" class=\"wp-image-342336\" srcset=\"https:\/\/jundiai.sp.gov.br\/noticias\/wp-content\/uploads\/sites\/32\/2024\/04\/imagem-do-whatsapp-de-2024-04-09-as-12-29-26_b0778bd7-1280x960.jpg 1280w, https:\/\/jundiai.sp.gov.br\/noticias\/wp-content\/uploads\/sites\/32\/2024\/04\/imagem-do-whatsapp-de-2024-04-09-as-12-29-26_b0778bd7-300x225.jpg 300w, https:\/\/jundiai.sp.gov.br\/noticias\/wp-content\/uploads\/sites\/32\/2024\/04\/imagem-do-whatsapp-de-2024-04-09-as-12-29-26_b0778bd7-768x576.jpg 768w, https:\/\/jundiai.sp.gov.br\/noticias\/wp-content\/uploads\/sites\/32\/2024\/04\/imagem-do-whatsapp-de-2024-04-09-as-12-29-26_b0778bd7-1536x1152.jpg 1536w, https:\/\/jundiai.sp.gov.br\/noticias\/wp-content\/uploads\/sites\/32\/2024\/04\/imagem-do-whatsapp-de-2024-04-09-as-12-29-26_b0778bd7.jpg 1600w\" sizes=\"auto, (max-width: 1280px) 100vw, 1280px\" \/><figcaption class=\"wp-element-caption\">O treinamento ofereceu uma jornada de aprendizado e capacita\u00e7\u00e3o em storytelling<\/figcaption><\/figure>\n\n\n\n<p>O coordenador do Espa\u00e7o Jundia\u00ed Empreendedora, Wagner Soares, enfatizou a import\u00e2ncia do curso para o apoio ao crescimento das micro e pequenas empresas. &#8220;O HUB refor\u00e7a seu compromisso de apoiar o crescimento das micro e pequenas empresas. Por isso, oferecemos o curso de storytelling, que capacita empreendedoras a criar narrativas cativantes para comunicar suas ideias, motivar equipes e atrair clientes, proporcionando uma vantagem competitiva no mercado.&#8221;<\/p>\n\n\n\n<p>Al\u00e9m das t\u00e9cnicas apresentadas e do ambiente prop\u00edcio para a troca de experi\u00eancias entre as participantes, duas empreendedoras compartilharam suas impress\u00f5es sobre o curso.<\/p>\n\n\n\n<p>\u201cSou da \u00e1rea da beleza e o curso realmente \u00e9 uma excelente oportunidade para se atualizar, especialmente por ser um treinamento voltado exclusivamente para mulheres. Acredito que essa iniciativa seja muito valiosa para promover o empoderamento feminino e o empreendedorismo\u201d, comentou Maiara Martins, uma das participantes.<\/p>\n\n\n\n<p>&#8220;Foi muito bom participar da oficina de storytelling do Sebrae, trazer temas atuais e estudar para melhorar a entrega dos nossos produtos aos clientes \u00e9 essencial para o crescimento do nosso neg\u00f3cio, sem contar a oportunidade de networking, onde conhecemos outras empres\u00e1rias e aumentam as chances de parcerias. Foi minha primeira vez no espa\u00e7o Jundia\u00ed Empreendedora e fiquei deslumbrada com o lugar&#8221;, acrescentou Bruna Siqueira, corretora de seguros, que tamb\u00e9m participou do treinamento.<\/p>\n\n\n\n<p><strong>ATUALIZA\u00c7\u00c3O<\/strong><br>O Espa\u00e7o Jundia\u00ed Empreendedora est\u00e1 com inscri\u00e7\u00f5es abertas para o curso: Fa\u00e7a Suas Vendas Decolarem, para o dia 29 de abril, das 13h \u00e0s 17h. Para participar, <strong><a href=\"https:\/\/docs.google.com\/forms\/d\/1lbdYhQ6jcW0R9kG__2oKe-RJAy-zR_DWs-RIaiPW8Fk\/viewform?ts=660a9ebb&amp;edit_requested=true\" data-type=\"link\" data-id=\"https:\/\/docs.google.com\/forms\/d\/1lbdYhQ6jcW0R9kG__2oKe-RJAy-zR_DWs-RIaiPW8Fk\/viewform?ts=660a9ebb&amp;edit_requested=true\">CLIQUE AQUI E FA\u00c7A SUA INSCRI\u00c7\u00c3O.<\/a><\/strong><\/p>\n\n\n\n<p>A participa\u00e7\u00e3o \u00e9 aberta a todos os empreendedores da cidade. \u201cAtrav\u00e9s do fomento ao empreendedorismo, proporcionamos as ferramentas e o suporte necess\u00e1rios para que ideias transformadoras se tornem realidade\u201d, concluiu o gestor de Desenvolvimento Econ\u00f4mico, Ci\u00eancia e Tecnologia, Sami Mansour.<\/p>\n\n\n\n<p>Para mais informa\u00e7\u00f5es sobre futuros eventos e cursos oferecidos pelo Espa\u00e7o Jundia\u00ed Empreendedora, entre em contato pelo site \u2013 <strong>neg\u00f3cios.jundiai.sp.gov.br.<\/strong><\/p>\n\n\n\n<p><strong>Assessoria de Imprensa<br>Foto: Fot\u00f3grafos PMJ<\/strong><\/p>\n","protected":false},"excerpt":{"rendered":"<p>Em um mundo empresarial cada vez mais competitivo, a habilidade de contar hist\u00f3rias surge como uma ferramenta crucial para estabelecer conex\u00f5es genu\u00ednas com o p\u00fablico e impulsionar o sucesso dos empreendimentos. Reconhecendo essa import\u00e2ncia, o Espa\u00e7o Jundia\u00ed Empreendedora, em parceria com o Sebrae, realizou o curso \u201cHist\u00f3rias que Vendem\u201d, voltado especificamente para mulheres empreendedoras. O [&hellip;]<\/p>\n","protected":false},"author":97,"featured_media":342335,"comment_status":"closed","ping_status":"0","sticky":false,"template":"","format":"standard","meta":{"footnotes":""},"categories":[2],"tags":[365,3431,2736],"ods":[4228,4229],"class_list":["post-342334","post","type-post","status-publish","format-standard","has-post-thumbnail","hentry","category-noticias","tag-desenvolvimento-economico-ciencia-e-tecnologia","tag-espaco-jundiai-empreendedora","tag-jundiai-empreendedora-2","ods-ods-08","ods-ods-09"],"_links":{"self":[{"href":"https:\/\/jundiai.sp.gov.br\/noticias\/wp-json\/wp\/v2\/posts\/342334","targetHints":{"allow":["GET"]}}],"collection":[{"href":"https:\/\/jundiai.sp.gov.br\/noticias\/wp-json\/wp\/v2\/posts"}],"about":[{"href":"https:\/\/jundiai.sp.gov.br\/noticias\/wp-json\/wp\/v2\/types\/post"}],"author":[{"embeddable":true,"href":"https:\/\/jundiai.sp.gov.br\/noticias\/wp-json\/wp\/v2\/users\/97"}],"replies":[{"embeddable":true,"href":"https:\/\/jundiai.sp.gov.br\/noticias\/wp-json\/wp\/v2\/comments?post=342334"}],"version-history":[{"count":4,"href":"https:\/\/jundiai.sp.gov.br\/noticias\/wp-json\/wp\/v2\/posts\/342334\/revisions"}],"predecessor-version":[{"id":342342,"href":"https:\/\/jundiai.sp.gov.br\/noticias\/wp-json\/wp\/v2\/posts\/342334\/revisions\/342342"}],"wp:featuredmedia":[{"embeddable":true,"href":"https:\/\/jundiai.sp.gov.br\/noticias\/wp-json\/wp\/v2\/media\/342335"}],"wp:attachment":[{"href":"https:\/\/jundiai.sp.gov.br\/noticias\/wp-json\/wp\/v2\/media?parent=342334"}],"wp:term":[{"taxonomy":"category","embeddable":true,"href":"https:\/\/jundiai.sp.gov.br\/noticias\/wp-json\/wp\/v2\/categories?post=342334"},{"taxonomy":"post_tag","embeddable":true,"href":"https:\/\/jundiai.sp.gov.br\/noticias\/wp-json\/wp\/v2\/tags?post=342334"},{"taxonomy":"ods","embeddable":true,"href":"https:\/\/jundiai.sp.gov.br\/noticias\/wp-json\/wp\/v2\/ods?post=342334"}],"curies":[{"name":"wp","href":"https:\/\/api.w.org\/{rel}","templated":true}]}}