{"id":342371,"date":"2024-04-10T08:35:45","date_gmt":"2024-04-10T11:35:45","guid":{"rendered":"https:\/\/jundiai.sp.gov.br\/noticias\/?p=342371"},"modified":"2024-04-10T08:35:45","modified_gmt":"2024-04-10T11:35:45","slug":"prefeitura-de-jundiai-e-cetesb-se-reunem-para-acoes-em-parceria","status":"publish","type":"post","link":"https:\/\/jundiai.sp.gov.br\/noticias\/2024\/04\/10\/prefeitura-de-jundiai-e-cetesb-se-reunem-para-acoes-em-parceria\/","title":{"rendered":"Prefeitura de Jundia\u00ed e Cetesb se re\u00fanem para a\u00e7\u00f5es em parceria"},"content":{"rendered":"\n<p>Na manh\u00e3 desta ter\u00e7a-feira (09), o prefeito Luiz Fernando Machado recebeu, no gabinete do Pa\u00e7o Municipal, o presidente da Cetesb, Thomaz Miazaki de Toledo e comitiva de executivos da ag\u00eancia para reuni\u00e3o sobre a\u00e7\u00f5es em parceria. Tamb\u00e9m participaram do encontro gestores municipais da Casa Civil, Dr Gustavo Maryssael de Campos e de Planejamento Urbano e Meio Ambiente, Sin\u00e9sio Scarabello Filho. <\/p>\n\n\n\n<p>De acordo com o presidente da Cetesb, a ag\u00eancia de Jundia\u00ed da empresa estatal figura entre as tr\u00eas primeiras no ranking da companhia em n\u00famero de demandas para licenciamentos ambientais. &#8220;S\u00e3o 20 mil demandas por ano, um n\u00famero bastante expressivo&#8221;, refor\u00e7ou Thomaz Miazaki Toledo. <\/p>\n\n\n\n<figure class=\"wp-block-image size-large\"><img loading=\"lazy\" decoding=\"async\" width=\"1280\" height=\"854\" src=\"https:\/\/jundiai.sp.gov.br\/noticias\/wp-content\/uploads\/sites\/32\/2024\/04\/reuniao_cetesb_gabinete_pa-6-1280x854.jpg\" alt=\"\" class=\"wp-image-342382\" srcset=\"https:\/\/jundiai.sp.gov.br\/noticias\/wp-content\/uploads\/sites\/32\/2024\/04\/reuniao_cetesb_gabinete_pa-6-1280x854.jpg 1280w, https:\/\/jundiai.sp.gov.br\/noticias\/wp-content\/uploads\/sites\/32\/2024\/04\/reuniao_cetesb_gabinete_pa-6-300x200.jpg 300w, https:\/\/jundiai.sp.gov.br\/noticias\/wp-content\/uploads\/sites\/32\/2024\/04\/reuniao_cetesb_gabinete_pa-6-768x512.jpg 768w, https:\/\/jundiai.sp.gov.br\/noticias\/wp-content\/uploads\/sites\/32\/2024\/04\/reuniao_cetesb_gabinete_pa-6-1536x1024.jpg 1536w, https:\/\/jundiai.sp.gov.br\/noticias\/wp-content\/uploads\/sites\/32\/2024\/04\/reuniao_cetesb_gabinete_pa-6-450x300.jpg 450w, https:\/\/jundiai.sp.gov.br\/noticias\/wp-content\/uploads\/sites\/32\/2024\/04\/reuniao_cetesb_gabinete_pa-6.jpg 1900w\" sizes=\"auto, (max-width: 1280px) 100vw, 1280px\" \/><figcaption class=\"wp-element-caption\">Encontro com gestores, prefeito e executivos da Cetesb foi realizado no Gabinete do Pa\u00e7o Municipal<\/figcaption><\/figure>\n\n\n\n<p>&#8220;Jundia\u00ed \u00e9 uma cidade que tem qualidade de vida, e isso se deve ao desenvolvimento alinhado \u00e0 prote\u00e7\u00e3o ao meio ambiente. Esses ativos do Munic\u00edpio s\u00e3o diferenciais e que fazem de nossa cidade destaque, com reconhecimento na qualidade de vida e no desenvolvimento econ\u00f4mico, sendo a 7\u00aa e a 18\u00aa economia paulista e nacional, respectivamente&#8221;, refor\u00e7ou o prefeito Luiz Fernando Machado. <\/p>\n\n\n\n<p>Os gestores conversaram sobre programas e projetos de inova\u00e7\u00e3o que est\u00e3o em implanta\u00e7\u00e3o na Cetesb e que poder\u00e3o ser acrescentados ao munic\u00edpio, com foco na agilidade do atendimento. <\/p>\n\n\n\n<p><strong>Assessoria de Imprensa<br>Fotos: Fot\u00f3grafos PMJ<\/strong><\/p>\n","protected":false},"excerpt":{"rendered":"<p>Na manh\u00e3 desta ter\u00e7a-feira (09), o prefeito Luiz Fernando Machado recebeu, no gabinete do Pa\u00e7o Municipal, o presidente da Cetesb, Thomaz Miazaki de Toledo e comitiva de executivos da ag\u00eancia para reuni\u00e3o sobre a\u00e7\u00f5es em parceria. Tamb\u00e9m participaram do encontro gestores municipais da Casa Civil, Dr Gustavo Maryssael de Campos e de Planejamento Urbano e [&hellip;]<\/p>\n","protected":false},"author":39,"featured_media":342382,"comment_status":"closed","ping_status":"0","sticky":false,"template":"","format":"standard","meta":{"footnotes":""},"categories":[2],"tags":[984,1176,2190],"ods":[],"class_list":["post-342371","post","type-post","status-publish","format-standard","has-post-thumbnail","hentry","category-noticias","tag-planejamento-urbano-e-meio-ambiente","tag-prefeito-luiz-fernando-machado","tag-unidade-de-gestao-da-casa-civil"],"_links":{"self":[{"href":"https:\/\/jundiai.sp.gov.br\/noticias\/wp-json\/wp\/v2\/posts\/342371","targetHints":{"allow":["GET"]}}],"collection":[{"href":"https:\/\/jundiai.sp.gov.br\/noticias\/wp-json\/wp\/v2\/posts"}],"about":[{"href":"https:\/\/jundiai.sp.gov.br\/noticias\/wp-json\/wp\/v2\/types\/post"}],"author":[{"embeddable":true,"href":"https:\/\/jundiai.sp.gov.br\/noticias\/wp-json\/wp\/v2\/users\/39"}],"replies":[{"embeddable":true,"href":"https:\/\/jundiai.sp.gov.br\/noticias\/wp-json\/wp\/v2\/comments?post=342371"}],"version-history":[{"count":4,"href":"https:\/\/jundiai.sp.gov.br\/noticias\/wp-json\/wp\/v2\/posts\/342371\/revisions"}],"predecessor-version":[{"id":342383,"href":"https:\/\/jundiai.sp.gov.br\/noticias\/wp-json\/wp\/v2\/posts\/342371\/revisions\/342383"}],"wp:featuredmedia":[{"embeddable":true,"href":"https:\/\/jundiai.sp.gov.br\/noticias\/wp-json\/wp\/v2\/media\/342382"}],"wp:attachment":[{"href":"https:\/\/jundiai.sp.gov.br\/noticias\/wp-json\/wp\/v2\/media?parent=342371"}],"wp:term":[{"taxonomy":"category","embeddable":true,"href":"https:\/\/jundiai.sp.gov.br\/noticias\/wp-json\/wp\/v2\/categories?post=342371"},{"taxonomy":"post_tag","embeddable":true,"href":"https:\/\/jundiai.sp.gov.br\/noticias\/wp-json\/wp\/v2\/tags?post=342371"},{"taxonomy":"ods","embeddable":true,"href":"https:\/\/jundiai.sp.gov.br\/noticias\/wp-json\/wp\/v2\/ods?post=342371"}],"curies":[{"name":"wp","href":"https:\/\/api.w.org\/{rel}","templated":true}]}}