{"id":342542,"date":"2024-04-15T11:46:33","date_gmt":"2024-04-15T14:46:33","guid":{"rendered":"https:\/\/jundiai.sp.gov.br\/noticias\/?p=342542"},"modified":"2024-04-15T11:46:33","modified_gmt":"2024-04-15T14:46:33","slug":"acao-sustentavel-reduz-consumo-de-copos-plasticos-no-paco-municipal","status":"publish","type":"post","link":"https:\/\/jundiai.sp.gov.br\/noticias\/2024\/04\/15\/acao-sustentavel-reduz-consumo-de-copos-plasticos-no-paco-municipal\/","title":{"rendered":"A\u00e7\u00e3o sustent\u00e1vel reduz consumo de copos pl\u00e1sticos no Pa\u00e7o Municipal"},"content":{"rendered":"\n<p>Estimular a reciclagem e a separa\u00e7\u00e3o correta dos res\u00edduos bem como substituir os copos pl\u00e1sticos por copos ou garrafas reutiliz\u00e1veis s\u00e3o a\u00e7\u00f5es que j\u00e1 rendem frutos no ambiente do Pa\u00e7o Municipal de Jundia\u00ed. A partir do programa Servidor Consciente Recicla, o consumo de copos pl\u00e1sticos foi reduzido pela metade desde setembro de 2023, quando a iniciativa foi lan\u00e7ada entre os mais de 1,2 mil servidores que trabalham diariamente no local.<\/p>\n\n\n\n<p>O programa \u201cServidor Consciente Recicla\u201d \u00e9 uma iniciativa da Unidade de Gest\u00e3o de Infraestrutura e Servi\u00e7os P\u00fablicos (UGISP), em parceria com as Unidades de Gest\u00e3o de Administra\u00e7\u00e3o e Gest\u00e3o de Pessoas (UGAGP); Governo e Finan\u00e7as (UGGF), por meio da Rede de Coopera\u00e7\u00e3o; Cultura (UGC); Inova\u00e7\u00e3o e Rela\u00e7\u00e3o com o Cidad\u00e3o (UGIRC); e Educa\u00e7\u00e3o (UGE). Com a disponibiliza\u00e7\u00e3o de contentores (lixeiras) espec\u00edficas para descarte org\u00e2nico e recicl\u00e1vel, al\u00e9m da distribui\u00e7\u00e3o de copo sustent\u00e1vel e reutiliz\u00e1vel a todos os trabalhadores do pr\u00e9dio, foi poss\u00edvel reduzir de 3,7 mil copos consumidos diariamente para 1,8 mil.<\/p>\n\n\n\n<p>Al\u00e9m da redu\u00e7\u00e3o na produ\u00e7\u00e3o de lixo pl\u00e1stico di\u00e1rio, a quantidade total de res\u00edduos tamb\u00e9m foi reduzida. At\u00e9 ent\u00e3o, 125 kg di\u00e1rios eram gerados entre todos os 8 andares e o restaurante instalado no Pa\u00e7o. A partir da implanta\u00e7\u00e3o do programa Servidor Consciente Recicla, houve redu\u00e7\u00e3o de 30% no total, j\u00e1 separados em m\u00e9dia de 76,5 kg de org\u00e2nicos e 13,5 kg de recicl\u00e1veis por dia.<\/p>\n\n\n\n<figure class=\"wp-block-image size-large\"><img loading=\"lazy\" decoding=\"async\" width=\"1280\" height=\"854\" src=\"https:\/\/jundiai.sp.gov.br\/noticias\/wp-content\/uploads\/sites\/32\/2024\/04\/reuniao_servidor_consciente_recicla_pa-4-1280x854.jpg\" alt=\"\" class=\"wp-image-342763\" srcset=\"https:\/\/jundiai.sp.gov.br\/noticias\/wp-content\/uploads\/sites\/32\/2024\/04\/reuniao_servidor_consciente_recicla_pa-4-1280x854.jpg 1280w, https:\/\/jundiai.sp.gov.br\/noticias\/wp-content\/uploads\/sites\/32\/2024\/04\/reuniao_servidor_consciente_recicla_pa-4-300x200.jpg 300w, https:\/\/jundiai.sp.gov.br\/noticias\/wp-content\/uploads\/sites\/32\/2024\/04\/reuniao_servidor_consciente_recicla_pa-4-768x512.jpg 768w, https:\/\/jundiai.sp.gov.br\/noticias\/wp-content\/uploads\/sites\/32\/2024\/04\/reuniao_servidor_consciente_recicla_pa-4-1536x1024.jpg 1536w, https:\/\/jundiai.sp.gov.br\/noticias\/wp-content\/uploads\/sites\/32\/2024\/04\/reuniao_servidor_consciente_recicla_pa-4-450x300.jpg 450w, https:\/\/jundiai.sp.gov.br\/noticias\/wp-content\/uploads\/sites\/32\/2024\/04\/reuniao_servidor_consciente_recicla_pa-4.jpg 1900w\" sizes=\"auto, (max-width: 1280px) 100vw, 1280px\" \/><figcaption class=\"wp-element-caption\">Reuni\u00e3o com os servidores multiplicadores aconteceu no Pa\u00e7o Municipal, com apresenta\u00e7\u00e3o dos primeiros dados<\/figcaption><\/figure>\n\n\n\n<p>Nesta semana, os resultados foram apresentados para os servidores multiplicadores \u2013 pessoas indicadas entre todos os departamentos para a dissemina\u00e7\u00e3o das informa\u00e7\u00f5es sobre a correta destina\u00e7\u00e3o dos res\u00edduos \u2013 em reuni\u00e3o. \u201c\u00c9 muito importante sabermos que j\u00e1 foi alcan\u00e7ado essa redu\u00e7\u00e3o. O trabalho \u00e9 permanente, pois isso impactar\u00e1 num mundo melhor para as pr\u00f3ximas gera\u00e7\u00f5es\u201d, comentou a servidora da UGEL, Isabel Gesqui Geraldo.<\/p>\n\n\n\n<p>A informa\u00e7\u00e3o tamb\u00e9m chegou \u00e0s crian\u00e7as da EMEB Jo\u00e3o Luiz de Campos &#8211; unidade que encaminhou uma carta para os servidores municipais sobre a import\u00e2ncia da reciclagem, ainda no ano passado -. Eles se prontificaram a gravar um v\u00eddeo elogiando a iniciativa e estimulando para que as medidas conscientes sejam replicadas.<\/p>\n\n\n\n<figure class=\"wp-block-embed is-type-video is-provider-youtube wp-block-embed-youtube wp-embed-aspect-16-9 wp-has-aspect-ratio\"><div class=\"wp-block-embed__wrapper\">\n <iframe loading=\"lazy\" title=\"SERVIDOR CONCIENTE RECICLA\" width=\"500\" height=\"281\" src=\"https:\/\/www.youtube.com\/embed\/qSzNAy8tZr0?feature=oembed\" frameborder=\"0\" allow=\"accelerometer; autoplay; clipboard-write; encrypted-media; gyroscope; picture-in-picture; web-share\" referrerpolicy=\"strict-origin-when-cross-origin\" allowfullscreen><\/iframe>\n<\/div><\/figure>\n\n\n\n<p>\u201c\u00c9 necess\u00e1rio cuidar para que o mundo tenha qualidade para as pr\u00f3ximas gera\u00e7\u00f5es. E essas medidas devem ser realizadas agora. Jundia\u00ed conta com coleta seletiva, org\u00e2nica e cata-treco em toda a cidade, para que todas as pessoas possam contribuir com o descarte adequado. O Servidor Consciente Recicla \u00e9 mais uma iniciativa que a Cidade das Crian\u00e7as emprega para garantir qualidade de vida\u201d, refor\u00e7a o prefeito Luiz Fernando Machado.<\/p>\n\n\n\n<p>Ainda na reuni\u00e3o dos multiplicadores, foram estabelecidas novas a\u00e7\u00f5es para ado\u00e7\u00e3o nos pr\u00f3ximos meses, como nova meta de redu\u00e7\u00e3o no n\u00famero de copos pl\u00e1sticos, a amplia\u00e7\u00e3o da discuss\u00e3o do tema para departamentos al\u00e9m do Pa\u00e7o Municipal e a circula\u00e7\u00e3o permanente de informa\u00e7\u00f5es referentes ao tema para os servidores. <\/p>\n\n\n\n<p><strong>Assessoria de Imprensa<\/strong><br><strong>Fotos: Fot\u00f3grafos PMJ<\/strong><\/p>\n","protected":false},"excerpt":{"rendered":"<p>Estimular a reciclagem e a separa\u00e7\u00e3o correta dos res\u00edduos bem como substituir os copos pl\u00e1sticos por copos ou garrafas reutiliz\u00e1veis s\u00e3o a\u00e7\u00f5es que j\u00e1 rendem frutos no ambiente do Pa\u00e7o Municipal de Jundia\u00ed. A partir do programa Servidor Consciente Recicla, o consumo de copos pl\u00e1sticos foi reduzido pela metade desde setembro de 2023, quando a [&hellip;]<\/p>\n","protected":false},"author":39,"featured_media":342785,"comment_status":"closed","ping_status":"0","sticky":false,"template":"","format":"standard","meta":{"footnotes":""},"categories":[2],"tags":[1051,2407,1393],"ods":[4231],"class_list":["post-342542","post","type-post","status-publish","format-standard","has-post-thumbnail","hentry","category-noticias","tag-rede-jundiai-de-cooperacao","tag-ugagp","tag-unidade-de-gestao-de-infraestrutura-e-servicos-publicos-ugisp","ods-ods-11"],"_links":{"self":[{"href":"https:\/\/jundiai.sp.gov.br\/noticias\/wp-json\/wp\/v2\/posts\/342542","targetHints":{"allow":["GET"]}}],"collection":[{"href":"https:\/\/jundiai.sp.gov.br\/noticias\/wp-json\/wp\/v2\/posts"}],"about":[{"href":"https:\/\/jundiai.sp.gov.br\/noticias\/wp-json\/wp\/v2\/types\/post"}],"author":[{"embeddable":true,"href":"https:\/\/jundiai.sp.gov.br\/noticias\/wp-json\/wp\/v2\/users\/39"}],"replies":[{"embeddable":true,"href":"https:\/\/jundiai.sp.gov.br\/noticias\/wp-json\/wp\/v2\/comments?post=342542"}],"version-history":[{"count":5,"href":"https:\/\/jundiai.sp.gov.br\/noticias\/wp-json\/wp\/v2\/posts\/342542\/revisions"}],"predecessor-version":[{"id":342786,"href":"https:\/\/jundiai.sp.gov.br\/noticias\/wp-json\/wp\/v2\/posts\/342542\/revisions\/342786"}],"wp:featuredmedia":[{"embeddable":true,"href":"https:\/\/jundiai.sp.gov.br\/noticias\/wp-json\/wp\/v2\/media\/342785"}],"wp:attachment":[{"href":"https:\/\/jundiai.sp.gov.br\/noticias\/wp-json\/wp\/v2\/media?parent=342542"}],"wp:term":[{"taxonomy":"category","embeddable":true,"href":"https:\/\/jundiai.sp.gov.br\/noticias\/wp-json\/wp\/v2\/categories?post=342542"},{"taxonomy":"post_tag","embeddable":true,"href":"https:\/\/jundiai.sp.gov.br\/noticias\/wp-json\/wp\/v2\/tags?post=342542"},{"taxonomy":"ods","embeddable":true,"href":"https:\/\/jundiai.sp.gov.br\/noticias\/wp-json\/wp\/v2\/ods?post=342542"}],"curies":[{"name":"wp","href":"https:\/\/api.w.org\/{rel}","templated":true}]}}