{"id":342646,"date":"2024-04-14T08:05:00","date_gmt":"2024-04-14T11:05:00","guid":{"rendered":"https:\/\/jundiai.sp.gov.br\/noticias\/?p=342646"},"modified":"2024-04-12T17:37:50","modified_gmt":"2024-04-12T20:37:50","slug":"capacitacao-do-espaco-jundiai-empreendedora-oferece-estrategias-para-aumentar-suas-vendas","status":"publish","type":"post","link":"https:\/\/jundiai.sp.gov.br\/noticias\/2024\/04\/14\/capacitacao-do-espaco-jundiai-empreendedora-oferece-estrategias-para-aumentar-suas-vendas\/","title":{"rendered":"Capacita\u00e7\u00e3o do Espa\u00e7o Jundia\u00ed Empreendedora oferece estrat\u00e9gias para aumentar suas vendas"},"content":{"rendered":"\n<p>Transformar seu neg\u00f3cio e ter vendas pr\u00f3speras pode parecer uma tarefa \u00e1rdua, mas com o planejamento e as ferramentas adequadas, o caminho se torna mais claro e empolgante. Pensando nisso, o Jundia\u00ed Empreendedora, em parceria com o Sebrae, oferece a oficina gratuita \u201cFa\u00e7a suas vendas decolarem\u201d, no dia 29 de abril, \u00e0s 13h no espa\u00e7o Jundia\u00ed Empreendedora, no Maxi Shopping \u2013 Piso G3 \u2013 Ala Oeste.<\/p>\n\n\n\n<p><a href=\"https:\/\/docs.google.com\/forms\/d\/1lbdYhQ6jcW0R9kG__2oKe-RJAy-zR_DWs-RIaiPW8Fk\/edit?ts=660a9ebb\"><strong>As inscri\u00e7\u00f5es j\u00e1 est\u00e3o abertas atrav\u00e9s deste link &#8211; CLIQUE AQUI<\/strong><\/a><\/p>\n\n\n\n<figure class=\"wp-block-image size-large is-resized\"><img loading=\"lazy\" decoding=\"async\" width=\"1280\" height=\"853\" src=\"https:\/\/jundiai.sp.gov.br\/noticias\/wp-content\/uploads\/sites\/32\/2024\/03\/whatsapp-image-2024-03-27-at-08-52-53-1280x853.jpeg\" alt=\"\" class=\"wp-image-341656\" style=\"width:840px;height:auto\" srcset=\"https:\/\/jundiai.sp.gov.br\/noticias\/wp-content\/uploads\/sites\/32\/2024\/03\/whatsapp-image-2024-03-27-at-08-52-53-1280x853.jpeg 1280w, https:\/\/jundiai.sp.gov.br\/noticias\/wp-content\/uploads\/sites\/32\/2024\/03\/whatsapp-image-2024-03-27-at-08-52-53-300x200.jpeg 300w, https:\/\/jundiai.sp.gov.br\/noticias\/wp-content\/uploads\/sites\/32\/2024\/03\/whatsapp-image-2024-03-27-at-08-52-53-768x512.jpeg 768w, https:\/\/jundiai.sp.gov.br\/noticias\/wp-content\/uploads\/sites\/32\/2024\/03\/whatsapp-image-2024-03-27-at-08-52-53-1536x1023.jpeg 1536w, https:\/\/jundiai.sp.gov.br\/noticias\/wp-content\/uploads\/sites\/32\/2024\/03\/whatsapp-image-2024-03-27-at-08-52-53-450x300.jpeg 450w, https:\/\/jundiai.sp.gov.br\/noticias\/wp-content\/uploads\/sites\/32\/2024\/03\/whatsapp-image-2024-03-27-at-08-52-53.jpeg 1600w\" sizes=\"auto, (max-width: 1280px) 100vw, 1280px\" \/><figcaption class=\"wp-element-caption\">Oficina gratuita \u201cFa\u00e7a suas vendas decolarem\u201d, no dia 29 de abril, \u00e0s 13h no espa\u00e7o Jundia\u00ed Empreendedora<\/figcaption><\/figure>\n\n\n\n<p>\u201cCidade boa \u00e9 aquela que gera emprego e renda para as pessoas que vivem aqui e ajudam no crescimento do nosso PIB, fortalecendo nossa economia. Estamos falando de uma importante ferramenta para o empreendedorismo e mais investimentos para nossa cidade, aproximando popula\u00e7\u00e3o, empresas e poder p\u00fablico\u201d, destacou o prefeito Luiz Fernando Machado.<\/p>\n\n\n\n<p><strong>Oportunidades<\/strong><\/p>\n\n\n\n<p>A participa\u00e7\u00e3o \u00e9 aberta a todos os empreendedores, durante esta oficina, os participantes come\u00e7ar\u00e3o a organizar suas ideias e a demonstr\u00e1-las de forma f\u00e1cil e descomplicada. \u201cOs empreendedores aprender\u00e3o os segredos de uma venda bem-sucedida, conhecer\u00e1 o perfil ideal do profissional de vendas, aprender\u00e1 a identificar as necessidades dos clientes, entender\u00e1 a jornada do consumidor e dominar\u00e1 os passos fundamentais da venda. Este curso \u00e9 apenas um exemplo de como estamos dedicados a cultivar um ambiente prop\u00edcio ao crescimento e ao sucesso de neg\u00f3cios locais, fortalecendo assim o tecido econ\u00f4mico de Jundia\u00ed\u201d, destacou o Gestor Adjunto de Empreendedorismo, Wagner Soares.<\/p>\n\n\n\n<p>&#8220;Recentemente, foram realizadas outras capacita\u00e7\u00f5es voltadas para empreendedores no Espa\u00e7o Jundia\u00ed Empreendedora. Os temas escolhidos foram &#8216;Forma\u00e7\u00e3o de Pre\u00e7os e Gest\u00e3o Financeira&#8217;, &#8216;Como abordar clientes e vender mais em feiras e eventos&#8217;, e &#8216;Do sonho ao sucesso: comece a organizar sua ideia de neg\u00f3cio&#8217;. Os temas foram selecionados de acordo com as necessidades das empresas atendidas pelo HUB&#8221;, afirma Sami Mansour, Gestor de Desenvolvimento Econ\u00f4mico, Ci\u00eancia e Tecnologia.<\/p>\n\n\n\n<p>Para ficar informado sobre as iniciativas da Prefeitura de Jundia\u00ed voltadas para empreendedores e eventos futuros, acesse o Portal Jundia\u00ed Empreendedora.<\/p>\n\n\n\n<p><strong>Servi\u00e7o<\/strong><\/p>\n\n\n\n<p>Capacita\u00e7\u00e3o: \u201cFa\u00e7a suas vendas decolarem\u201d<br>Data: 29\/04\/2024<br>Hor\u00e1rio: das 13h \u00e0s 17h<br>Local: Maxi Shopping \u2013 Piso G3 \u2013 Ala Oeste, Av. Antonio Frederico Ozanam, 6000<\/p>\n\n\n\n<p><strong>Assessoria de Imprensa<br>Foto: Fot\u00f3grafos PMJ<\/strong><\/p>\n","protected":false},"excerpt":{"rendered":"<p>Transformar seu neg\u00f3cio e ter vendas pr\u00f3speras pode parecer uma tarefa \u00e1rdua, mas com o planejamento e as ferramentas adequadas, o caminho se torna mais claro e empolgante. Pensando nisso, o Jundia\u00ed Empreendedora, em parceria com o Sebrae, oferece a oficina gratuita \u201cFa\u00e7a suas vendas decolarem\u201d, no dia 29 de abril, \u00e0s 13h no espa\u00e7o [&hellip;]<\/p>\n","protected":false},"author":97,"featured_media":341657,"comment_status":"closed","ping_status":"0","sticky":false,"template":"","format":"standard","meta":{"footnotes":""},"categories":[2],"tags":[365,3431,2736],"ods":[4224,4228,4229],"class_list":["post-342646","post","type-post","status-publish","format-standard","has-post-thumbnail","hentry","category-noticias","tag-desenvolvimento-economico-ciencia-e-tecnologia","tag-espaco-jundiai-empreendedora","tag-jundiai-empreendedora-2","ods-ods-04","ods-ods-08","ods-ods-09"],"_links":{"self":[{"href":"https:\/\/jundiai.sp.gov.br\/noticias\/wp-json\/wp\/v2\/posts\/342646","targetHints":{"allow":["GET"]}}],"collection":[{"href":"https:\/\/jundiai.sp.gov.br\/noticias\/wp-json\/wp\/v2\/posts"}],"about":[{"href":"https:\/\/jundiai.sp.gov.br\/noticias\/wp-json\/wp\/v2\/types\/post"}],"author":[{"embeddable":true,"href":"https:\/\/jundiai.sp.gov.br\/noticias\/wp-json\/wp\/v2\/users\/97"}],"replies":[{"embeddable":true,"href":"https:\/\/jundiai.sp.gov.br\/noticias\/wp-json\/wp\/v2\/comments?post=342646"}],"version-history":[{"count":3,"href":"https:\/\/jundiai.sp.gov.br\/noticias\/wp-json\/wp\/v2\/posts\/342646\/revisions"}],"predecessor-version":[{"id":342656,"href":"https:\/\/jundiai.sp.gov.br\/noticias\/wp-json\/wp\/v2\/posts\/342646\/revisions\/342656"}],"wp:featuredmedia":[{"embeddable":true,"href":"https:\/\/jundiai.sp.gov.br\/noticias\/wp-json\/wp\/v2\/media\/341657"}],"wp:attachment":[{"href":"https:\/\/jundiai.sp.gov.br\/noticias\/wp-json\/wp\/v2\/media?parent=342646"}],"wp:term":[{"taxonomy":"category","embeddable":true,"href":"https:\/\/jundiai.sp.gov.br\/noticias\/wp-json\/wp\/v2\/categories?post=342646"},{"taxonomy":"post_tag","embeddable":true,"href":"https:\/\/jundiai.sp.gov.br\/noticias\/wp-json\/wp\/v2\/tags?post=342646"},{"taxonomy":"ods","embeddable":true,"href":"https:\/\/jundiai.sp.gov.br\/noticias\/wp-json\/wp\/v2\/ods?post=342646"}],"curies":[{"name":"wp","href":"https:\/\/api.w.org\/{rel}","templated":true}]}}