{"id":342701,"date":"2024-04-13T13:50:20","date_gmt":"2024-04-13T16:50:20","guid":{"rendered":"https:\/\/jundiai.sp.gov.br\/noticias\/?p=342701"},"modified":"2024-04-13T17:51:17","modified_gmt":"2024-04-13T20:51:17","slug":"dia-d-de-vacinacao-imuniza-populacao-contra-a-influenza-gripe","status":"publish","type":"post","link":"https:\/\/jundiai.sp.gov.br\/noticias\/2024\/04\/13\/dia-d-de-vacinacao-imuniza-populacao-contra-a-influenza-gripe\/","title":{"rendered":"Dia D de Vacina\u00e7\u00e3o imuniza popula\u00e7\u00e3o contra a Influenza (gripe)"},"content":{"rendered":"\n<p>S\u00e1bado (13) foi Dia D de Vacina\u00e7\u00e3o contra a Influenza (gripe) em Jundia\u00ed. Ao longo de todo o dia, foram aplicadas 1917 de doses nas Cl\u00ednicas da Fam\u00edlia Hortol\u00e2ndia e Almerinda Chaves e nas Unidades B\u00e1sicas de Sa\u00fade Vila Rami e Col\u00f4nia. Anualmente, a vacina \u00e9 atualizada para que a dose seja efetiva na prote\u00e7\u00e3o contra as cepas dos principais v\u00edrus que circulam no Brasil.<\/p>\n\n\n\n<p>Tamb\u00e9m foram aplicadas 438 doses contra a Covid-19 e outras 181 vacinas de rotina. <\/p>\n\n\n\n<p>Sem chorar e com o certificado de coragem nas m\u00e3os, Luiz Davi, de 3 anos, saiu sorrindo da sala de vacina. \u201cEu sou forte\u201d, disse. O pai do garoto, Ricardo Loria, e a tia Dirce Rodrigues, tamb\u00e9m se imunizaram. \u201cVacina \u00e9 coisa s\u00e9ria e fazemos quest\u00e3o de que a fam\u00edlia toda fique protegida\u201d, comentou Ricardo.<\/p>\n\n\n\n<p>Entre as pessoas que aproveitaram o final de semana para a imuniza\u00e7\u00e3o estava a aposentada Creuza Maria Silva de Jesus, de 63 anos. \u201c\u00c9 melhor prevenir. Gripe na minha idade \u00e9 muito pesada.\u201d<\/p>\n\n\n\n<p>&nbsp;Assim como ela, o economista Roberto Sanches Camargo Junior tamb\u00e9m aproveitou a oportunidade. \u201cEu moro com a minha m\u00e3e, que \u00e9 idosa. Ent\u00e3o a preven\u00e7\u00e3o aqui \u00e9 para mim e tamb\u00e9m para quem mora comigo.\u201d<\/p>\n\n\n\n<figure class=\"wp-block-gallery has-nested-images columns-default is-cropped wp-block-gallery-1 is-layout-flex wp-block-gallery-is-layout-flex\">\n<figure class=\"wp-block-image size-large\"><img loading=\"lazy\" decoding=\"async\" width=\"1280\" height=\"896\" data-id=\"342722\" src=\"https:\/\/jundiai.sp.gov.br\/noticias\/wp-content\/uploads\/sites\/32\/2024\/04\/vacinacao-dia-d-influenza-clinica-da-familia-hortolandia_fm_-86-1280x896.jpg\" alt=\"\" class=\"wp-image-342722\" srcset=\"https:\/\/jundiai.sp.gov.br\/noticias\/wp-content\/uploads\/sites\/32\/2024\/04\/vacinacao-dia-d-influenza-clinica-da-familia-hortolandia_fm_-86-1280x896.jpg 1280w, https:\/\/jundiai.sp.gov.br\/noticias\/wp-content\/uploads\/sites\/32\/2024\/04\/vacinacao-dia-d-influenza-clinica-da-familia-hortolandia_fm_-86-300x210.jpg 300w, https:\/\/jundiai.sp.gov.br\/noticias\/wp-content\/uploads\/sites\/32\/2024\/04\/vacinacao-dia-d-influenza-clinica-da-familia-hortolandia_fm_-86-768x538.jpg 768w, https:\/\/jundiai.sp.gov.br\/noticias\/wp-content\/uploads\/sites\/32\/2024\/04\/vacinacao-dia-d-influenza-clinica-da-familia-hortolandia_fm_-86-1536x1075.jpg 1536w, https:\/\/jundiai.sp.gov.br\/noticias\/wp-content\/uploads\/sites\/32\/2024\/04\/vacinacao-dia-d-influenza-clinica-da-familia-hortolandia_fm_-86.jpg 1900w\" sizes=\"auto, (max-width: 1280px) 100vw, 1280px\" \/><\/figure>\n\n\n\n<figure class=\"wp-block-image size-large\"><img loading=\"lazy\" decoding=\"async\" width=\"1280\" height=\"854\" data-id=\"342718\" src=\"https:\/\/jundiai.sp.gov.br\/noticias\/wp-content\/uploads\/sites\/32\/2024\/04\/vacinacao-dia-d-influenza-clinica-da-familia-hortolandia_fm_-85-1280x854.jpg\" alt=\"\" class=\"wp-image-342718\" srcset=\"https:\/\/jundiai.sp.gov.br\/noticias\/wp-content\/uploads\/sites\/32\/2024\/04\/vacinacao-dia-d-influenza-clinica-da-familia-hortolandia_fm_-85-1280x854.jpg 1280w, https:\/\/jundiai.sp.gov.br\/noticias\/wp-content\/uploads\/sites\/32\/2024\/04\/vacinacao-dia-d-influenza-clinica-da-familia-hortolandia_fm_-85-300x200.jpg 300w, https:\/\/jundiai.sp.gov.br\/noticias\/wp-content\/uploads\/sites\/32\/2024\/04\/vacinacao-dia-d-influenza-clinica-da-familia-hortolandia_fm_-85-768x512.jpg 768w, https:\/\/jundiai.sp.gov.br\/noticias\/wp-content\/uploads\/sites\/32\/2024\/04\/vacinacao-dia-d-influenza-clinica-da-familia-hortolandia_fm_-85-1536x1024.jpg 1536w, https:\/\/jundiai.sp.gov.br\/noticias\/wp-content\/uploads\/sites\/32\/2024\/04\/vacinacao-dia-d-influenza-clinica-da-familia-hortolandia_fm_-85-450x300.jpg 450w, https:\/\/jundiai.sp.gov.br\/noticias\/wp-content\/uploads\/sites\/32\/2024\/04\/vacinacao-dia-d-influenza-clinica-da-familia-hortolandia_fm_-85.jpg 1900w\" sizes=\"auto, (max-width: 1280px) 100vw, 1280px\" \/><\/figure>\n\n\n\n<figure class=\"wp-block-image size-large\"><img loading=\"lazy\" decoding=\"async\" width=\"1280\" height=\"854\" data-id=\"342721\" src=\"https:\/\/jundiai.sp.gov.br\/noticias\/wp-content\/uploads\/sites\/32\/2024\/04\/vacinacao-dia-d-influenza-clinica-da-familia-hortolandia_fm_-73-1280x854.jpg\" alt=\"\" class=\"wp-image-342721\" srcset=\"https:\/\/jundiai.sp.gov.br\/noticias\/wp-content\/uploads\/sites\/32\/2024\/04\/vacinacao-dia-d-influenza-clinica-da-familia-hortolandia_fm_-73-1280x854.jpg 1280w, https:\/\/jundiai.sp.gov.br\/noticias\/wp-content\/uploads\/sites\/32\/2024\/04\/vacinacao-dia-d-influenza-clinica-da-familia-hortolandia_fm_-73-300x200.jpg 300w, https:\/\/jundiai.sp.gov.br\/noticias\/wp-content\/uploads\/sites\/32\/2024\/04\/vacinacao-dia-d-influenza-clinica-da-familia-hortolandia_fm_-73-768x512.jpg 768w, https:\/\/jundiai.sp.gov.br\/noticias\/wp-content\/uploads\/sites\/32\/2024\/04\/vacinacao-dia-d-influenza-clinica-da-familia-hortolandia_fm_-73-1536x1024.jpg 1536w, https:\/\/jundiai.sp.gov.br\/noticias\/wp-content\/uploads\/sites\/32\/2024\/04\/vacinacao-dia-d-influenza-clinica-da-familia-hortolandia_fm_-73-450x300.jpg 450w, https:\/\/jundiai.sp.gov.br\/noticias\/wp-content\/uploads\/sites\/32\/2024\/04\/vacinacao-dia-d-influenza-clinica-da-familia-hortolandia_fm_-73.jpg 1900w\" sizes=\"auto, (max-width: 1280px) 100vw, 1280px\" \/><\/figure>\n\n\n\n<figure class=\"wp-block-image size-large\"><img loading=\"lazy\" decoding=\"async\" width=\"1280\" height=\"854\" data-id=\"342717\" src=\"https:\/\/jundiai.sp.gov.br\/noticias\/wp-content\/uploads\/sites\/32\/2024\/04\/vacinacao-dia-d-influenza-clinica-da-familia-hortolandia_fm_-69-1280x854.jpg\" alt=\"\" class=\"wp-image-342717\" srcset=\"https:\/\/jundiai.sp.gov.br\/noticias\/wp-content\/uploads\/sites\/32\/2024\/04\/vacinacao-dia-d-influenza-clinica-da-familia-hortolandia_fm_-69-1280x854.jpg 1280w, https:\/\/jundiai.sp.gov.br\/noticias\/wp-content\/uploads\/sites\/32\/2024\/04\/vacinacao-dia-d-influenza-clinica-da-familia-hortolandia_fm_-69-300x200.jpg 300w, https:\/\/jundiai.sp.gov.br\/noticias\/wp-content\/uploads\/sites\/32\/2024\/04\/vacinacao-dia-d-influenza-clinica-da-familia-hortolandia_fm_-69-768x512.jpg 768w, https:\/\/jundiai.sp.gov.br\/noticias\/wp-content\/uploads\/sites\/32\/2024\/04\/vacinacao-dia-d-influenza-clinica-da-familia-hortolandia_fm_-69-1536x1024.jpg 1536w, https:\/\/jundiai.sp.gov.br\/noticias\/wp-content\/uploads\/sites\/32\/2024\/04\/vacinacao-dia-d-influenza-clinica-da-familia-hortolandia_fm_-69-450x300.jpg 450w, https:\/\/jundiai.sp.gov.br\/noticias\/wp-content\/uploads\/sites\/32\/2024\/04\/vacinacao-dia-d-influenza-clinica-da-familia-hortolandia_fm_-69.jpg 1900w\" sizes=\"auto, (max-width: 1280px) 100vw, 1280px\" \/><\/figure>\n\n\n\n<figure class=\"wp-block-image size-large\"><img loading=\"lazy\" decoding=\"async\" width=\"1280\" height=\"854\" data-id=\"342719\" src=\"https:\/\/jundiai.sp.gov.br\/noticias\/wp-content\/uploads\/sites\/32\/2024\/04\/vacinacao-dia-d-influenza-clinica-da-familia-hortolandia_fm_-67-1280x854.jpg\" alt=\"\" class=\"wp-image-342719\" srcset=\"https:\/\/jundiai.sp.gov.br\/noticias\/wp-content\/uploads\/sites\/32\/2024\/04\/vacinacao-dia-d-influenza-clinica-da-familia-hortolandia_fm_-67-1280x854.jpg 1280w, https:\/\/jundiai.sp.gov.br\/noticias\/wp-content\/uploads\/sites\/32\/2024\/04\/vacinacao-dia-d-influenza-clinica-da-familia-hortolandia_fm_-67-300x200.jpg 300w, https:\/\/jundiai.sp.gov.br\/noticias\/wp-content\/uploads\/sites\/32\/2024\/04\/vacinacao-dia-d-influenza-clinica-da-familia-hortolandia_fm_-67-768x512.jpg 768w, https:\/\/jundiai.sp.gov.br\/noticias\/wp-content\/uploads\/sites\/32\/2024\/04\/vacinacao-dia-d-influenza-clinica-da-familia-hortolandia_fm_-67-1536x1024.jpg 1536w, https:\/\/jundiai.sp.gov.br\/noticias\/wp-content\/uploads\/sites\/32\/2024\/04\/vacinacao-dia-d-influenza-clinica-da-familia-hortolandia_fm_-67-450x300.jpg 450w, https:\/\/jundiai.sp.gov.br\/noticias\/wp-content\/uploads\/sites\/32\/2024\/04\/vacinacao-dia-d-influenza-clinica-da-familia-hortolandia_fm_-67.jpg 1900w\" sizes=\"auto, (max-width: 1280px) 100vw, 1280px\" \/><\/figure>\n\n\n\n<figure class=\"wp-block-image size-large\"><img loading=\"lazy\" decoding=\"async\" width=\"1280\" height=\"854\" data-id=\"342720\" src=\"https:\/\/jundiai.sp.gov.br\/noticias\/wp-content\/uploads\/sites\/32\/2024\/04\/vacinacao-dia-d-influenza-clinica-da-familia-hortolandia_fm_-14-1280x854.jpg\" alt=\"\" class=\"wp-image-342720\" srcset=\"https:\/\/jundiai.sp.gov.br\/noticias\/wp-content\/uploads\/sites\/32\/2024\/04\/vacinacao-dia-d-influenza-clinica-da-familia-hortolandia_fm_-14-1280x854.jpg 1280w, https:\/\/jundiai.sp.gov.br\/noticias\/wp-content\/uploads\/sites\/32\/2024\/04\/vacinacao-dia-d-influenza-clinica-da-familia-hortolandia_fm_-14-300x200.jpg 300w, https:\/\/jundiai.sp.gov.br\/noticias\/wp-content\/uploads\/sites\/32\/2024\/04\/vacinacao-dia-d-influenza-clinica-da-familia-hortolandia_fm_-14-768x512.jpg 768w, https:\/\/jundiai.sp.gov.br\/noticias\/wp-content\/uploads\/sites\/32\/2024\/04\/vacinacao-dia-d-influenza-clinica-da-familia-hortolandia_fm_-14-1536x1024.jpg 1536w, https:\/\/jundiai.sp.gov.br\/noticias\/wp-content\/uploads\/sites\/32\/2024\/04\/vacinacao-dia-d-influenza-clinica-da-familia-hortolandia_fm_-14-450x300.jpg 450w, https:\/\/jundiai.sp.gov.br\/noticias\/wp-content\/uploads\/sites\/32\/2024\/04\/vacinacao-dia-d-influenza-clinica-da-familia-hortolandia_fm_-14.jpg 1900w\" sizes=\"auto, (max-width: 1280px) 100vw, 1280px\" \/><\/figure>\n<figcaption class=\"blocks-gallery-caption wp-element-caption\">Popula\u00e7\u00e3o compareceu \u00e0s unidades para a imuniza\u00e7\u00e3o<\/figcaption><\/figure>\n\n\n\n<p>A dose foi disponibilizada para idosos com 60 anos ou mais e para as pessoas que fazem parte do grupo priorit\u00e1rio, que s\u00e3o: crian\u00e7as de 6 meses a menores de 6 anos; gestantes; pu\u00e9rperas; ind\u00edgenas vivendo fora das terras ind\u00edgenas; ind\u00edgenas vivendo em terra ind\u00edgena, quilombolas; trabalhadores da sa\u00fade; pessoas com defici\u00eancia permanente; adolescentes em medidas socioeducativas (menores de 18 anos); popula\u00e7\u00e3o privada de liberdade (18 anos ou mais), funcion\u00e1rio do sistema de priva\u00e7\u00e3o de liberdade; pessoas com comorbidades; professores; trabalhadores das for\u00e7as armadas; pessoas em situa\u00e7\u00e3o de rua; trabalhadores das for\u00e7as de seguran\u00e7a e salvamento; caminhoneiros; trabalhadores de transporte coletivo rodovi\u00e1rio de passageiros urbano e de longo curso; e trabalhadores portu\u00e1rios.<\/p>\n\n\n\n<p><\/p>\n\n\n\n<p><strong>Assessoria de Imprensa PMJ<\/strong><\/p>\n\n\n\n<p><strong>Fotos: Fot\u00f3grafos PMJ<\/strong><\/p>\n","protected":false},"excerpt":{"rendered":"<p>S\u00e1bado (13) foi Dia D de Vacina\u00e7\u00e3o contra a Influenza (gripe) em Jundia\u00ed. Ao longo de todo o dia, foram aplicadas 1917 de doses nas Cl\u00ednicas da Fam\u00edlia Hortol\u00e2ndia e Almerinda Chaves e nas Unidades B\u00e1sicas de Sa\u00fade Vila Rami e Col\u00f4nia. Anualmente, a vacina \u00e9 atualizada para que a dose seja efetiva na prote\u00e7\u00e3o [&hellip;]<\/p>\n","protected":false},"author":80,"featured_media":342718,"comment_status":"closed","ping_status":"0","sticky":false,"template":"","format":"standard","meta":{"footnotes":""},"categories":[2],"tags":[4507,2959,3,1530,1348,1880],"ods":[4223],"class_list":["post-342701","post","type-post","status-publish","format-standard","has-post-thumbnail","hentry","category-noticias","tag-campana-influenza","tag-dia-d","tag-saude","tag-unidade-de-gestao-de-promocao-da-saude","tag-vacina","tag-vacina-contra-gripe","ods-ods-03"],"_links":{"self":[{"href":"https:\/\/jundiai.sp.gov.br\/noticias\/wp-json\/wp\/v2\/posts\/342701","targetHints":{"allow":["GET"]}}],"collection":[{"href":"https:\/\/jundiai.sp.gov.br\/noticias\/wp-json\/wp\/v2\/posts"}],"about":[{"href":"https:\/\/jundiai.sp.gov.br\/noticias\/wp-json\/wp\/v2\/types\/post"}],"author":[{"embeddable":true,"href":"https:\/\/jundiai.sp.gov.br\/noticias\/wp-json\/wp\/v2\/users\/80"}],"replies":[{"embeddable":true,"href":"https:\/\/jundiai.sp.gov.br\/noticias\/wp-json\/wp\/v2\/comments?post=342701"}],"version-history":[{"count":6,"href":"https:\/\/jundiai.sp.gov.br\/noticias\/wp-json\/wp\/v2\/posts\/342701\/revisions"}],"predecessor-version":[{"id":342734,"href":"https:\/\/jundiai.sp.gov.br\/noticias\/wp-json\/wp\/v2\/posts\/342701\/revisions\/342734"}],"wp:featuredmedia":[{"embeddable":true,"href":"https:\/\/jundiai.sp.gov.br\/noticias\/wp-json\/wp\/v2\/media\/342718"}],"wp:attachment":[{"href":"https:\/\/jundiai.sp.gov.br\/noticias\/wp-json\/wp\/v2\/media?parent=342701"}],"wp:term":[{"taxonomy":"category","embeddable":true,"href":"https:\/\/jundiai.sp.gov.br\/noticias\/wp-json\/wp\/v2\/categories?post=342701"},{"taxonomy":"post_tag","embeddable":true,"href":"https:\/\/jundiai.sp.gov.br\/noticias\/wp-json\/wp\/v2\/tags?post=342701"},{"taxonomy":"ods","embeddable":true,"href":"https:\/\/jundiai.sp.gov.br\/noticias\/wp-json\/wp\/v2\/ods?post=342701"}],"curies":[{"name":"wp","href":"https:\/\/api.w.org\/{rel}","templated":true}]}}