{"id":342726,"date":"2024-04-13T16:20:58","date_gmt":"2024-04-13T19:20:58","guid":{"rendered":"https:\/\/jundiai.sp.gov.br\/noticias\/?p=342726"},"modified":"2024-04-13T16:20:58","modified_gmt":"2024-04-13T19:20:58","slug":"1o-desfile-pet-encanta-empreendedores-e-publico-da-5a-fens","status":"publish","type":"post","link":"https:\/\/jundiai.sp.gov.br\/noticias\/2024\/04\/13\/1o-desfile-pet-encanta-empreendedores-e-publico-da-5a-fens\/","title":{"rendered":"1\u00ba Desfile Pet encanta empreendedores e p\u00fablico da 5\u00aa FENS"},"content":{"rendered":"\n<p>Um s\u00e1bado cheio de emo\u00e7\u00f5es durante a 5\u00aa FENS (Feira do Empreendedor, Neg\u00f3cios e Servi\u00e7os), no Parque Comendador Ant\u00f4nio Carbonari, com o 1\u00ba Desfile Pet. Tutores de v\u00e1rios bairros da cidade se inscreveram para apresentar c\u00e3es, gatos e at\u00e9 um porquinho. A feira prossegue at\u00e9 domingo (14), com uma feira de ado\u00e7\u00e3o e doa\u00e7\u00f5es de ra\u00e7\u00e3o para os animais abandonados. A entrada e estacionamento s\u00e3o gratuitos.<\/p>\n\n\n\n<p><strong>A programa\u00e7\u00e3o completa da 5\u00aa FENS pode ser conferida pelo site oficial \u2013\u00a0<a href=\"http:\/\/jundiai.sp.gov.br\/fens\">CLIQUE AQUI<\/a>.<\/strong><\/p>\n\n\n\n<figure class=\"wp-block-image size-large\"><img loading=\"lazy\" decoding=\"async\" width=\"1280\" height=\"960\" src=\"https:\/\/jundiai.sp.gov.br\/noticias\/wp-content\/uploads\/sites\/32\/2024\/04\/whatsapp-image-2024-04-13-at-15-35-34-1280x960.jpeg\" alt=\"\" class=\"wp-image-342730\" srcset=\"https:\/\/jundiai.sp.gov.br\/noticias\/wp-content\/uploads\/sites\/32\/2024\/04\/whatsapp-image-2024-04-13-at-15-35-34-1280x960.jpeg 1280w, https:\/\/jundiai.sp.gov.br\/noticias\/wp-content\/uploads\/sites\/32\/2024\/04\/whatsapp-image-2024-04-13-at-15-35-34-300x225.jpeg 300w, https:\/\/jundiai.sp.gov.br\/noticias\/wp-content\/uploads\/sites\/32\/2024\/04\/whatsapp-image-2024-04-13-at-15-35-34-768x576.jpeg 768w, https:\/\/jundiai.sp.gov.br\/noticias\/wp-content\/uploads\/sites\/32\/2024\/04\/whatsapp-image-2024-04-13-at-15-35-34-1536x1152.jpeg 1536w, https:\/\/jundiai.sp.gov.br\/noticias\/wp-content\/uploads\/sites\/32\/2024\/04\/whatsapp-image-2024-04-13-at-15-35-34.jpeg 1600w\" sizes=\"auto, (max-width: 1280px) 100vw, 1280px\" \/><figcaption class=\"wp-element-caption\">Tutores de v\u00e1rios bairros da cidade se inscreveram para apresentar c\u00e3es, gatos e at\u00e9 um porquinho<\/figcaption><\/figure>\n\n\n\n<p>A abertura do desfile foi feita pelo c\u00e3o Magnus, garoto-propaganda do Instituto Adimax \u2013 maior Centro de Forma\u00e7\u00e3o de C\u00e3es-Guia da Am\u00e9rica Latina. A 5\u00aa FENS ainda reserva v\u00e1rios estandes voltados ao mundo pet, creche para c\u00e3es e um t\u00fanel sensorial que simula as dificuldades de locomo\u00e7\u00e3o de uma pessoa com defici\u00eancia visual. \u201c\u00c9 um momento para a fam\u00edlia aproveitar o dia e conhecer todo o espa\u00e7o da FENS. Estamos preparando a\u00e7\u00f5es para que seja uma experi\u00eancia completa para toda fam\u00edlia\u201d, explicou Bruna Lazarini, diretora de Planejamento, Gest\u00e3o e Finan\u00e7as (UGDECT).<\/p>\n\n\n\n<p>&#8220;Os animais s\u00e3o membros da fam\u00edlia e merecem ser tratados com amor e respeito&#8221;, afirmou Sara Penteado, respons\u00e1vel pelo Projeto Pracinha dos Dogs e organizadora do desfile. &#8220;Foi uma forma de mostrar produtos e servi\u00e7os dispon\u00edveis para os pets dos pr\u00f3prios expositores da FENS, al\u00e9m de promover a intera\u00e7\u00e3o entre os tutores e os animais&#8221;.<\/p>\n\n\n\n<p>\u201cAcho super legal essa a\u00e7\u00e3o, pois agrega valor ao evento. Temos nossos cachorros como parte da fam\u00edlia e ter um evento onde podemos, al\u00e9m de conferir oportunidades de compra, podemos socializar e fortalecer os la\u00e7os entre os tutores e seus pets<strong>\u201d,<\/strong> comentou Natalia Oliveira, tutora do c\u00e3o Potter, participante do desfile.<\/p>\n\n\n\n<figure class=\"wp-block-image size-full\"><img loading=\"lazy\" decoding=\"async\" width=\"1200\" height=\"888\" src=\"https:\/\/jundiai.sp.gov.br\/noticias\/wp-content\/uploads\/sites\/32\/2024\/04\/whatsapp-image-2024-04-13-at-15-30-30-1.jpeg\" alt=\"\" class=\"wp-image-342729\" srcset=\"https:\/\/jundiai.sp.gov.br\/noticias\/wp-content\/uploads\/sites\/32\/2024\/04\/whatsapp-image-2024-04-13-at-15-30-30-1.jpeg 1200w, https:\/\/jundiai.sp.gov.br\/noticias\/wp-content\/uploads\/sites\/32\/2024\/04\/whatsapp-image-2024-04-13-at-15-30-30-1-300x222.jpeg 300w, https:\/\/jundiai.sp.gov.br\/noticias\/wp-content\/uploads\/sites\/32\/2024\/04\/whatsapp-image-2024-04-13-at-15-30-30-1-768x568.jpeg 768w\" sizes=\"auto, (max-width: 1200px) 100vw, 1200px\" \/><\/figure>\n\n\n\n<p><strong>Domingo radical<\/strong><\/p>\n\n\n\n<p>Para comemorar o Dia do Patinador, neste domingo (14), \u00e0s 15h, o grupo Patinando Jundia\u00ed preparou uma atividade exclusiva, que contar\u00e1 com a presen\u00e7a de Cesar Acharezzi, atleta que conquistou o sexto lugar no Campeonato Mundial na categoria Roller Vertical. \u201cFico muito feliz em participar dessa feira de empreendedores da cidade de Jundia\u00ed e mais feliz de a organiza\u00e7\u00e3o abrir as portas ao Patinando Jundia\u00ed e a n\u00f3s, profissionais da patina\u00e7\u00e3o. A modalidade tamb\u00e9m \u00e9 um grande neg\u00f3cio, n\u00e3o s\u00f3 esportivo e social, mas econ\u00f4mico&nbsp;para&nbsp;a&nbsp;cidade\u201d, afirmou Cesar.<\/p>\n\n\n\n<p>Segundo a organizadora da a\u00e7\u00e3o, Pamela Debiasio, quem quiser participar deve levar os pr\u00f3prios patins e tamb\u00e9m os equipamentos de seguran\u00e7a para desfrutar da atividade. Menores de idade precisam estar acompanhados de um respons\u00e1vel.<\/p>\n\n\n\n<p><strong>Servi\u00e7o<\/strong><\/p>\n\n\n\n<p><em>5\u00aa FENS \u2013 Feira do Empreendedor, Neg\u00f3cios e Servi\u00e7os<\/em><\/p>\n\n\n\n<p><strong>Datas:<\/strong> 13 e 14 de abril<\/p>\n\n\n\n<p><strong>Hor\u00e1rios:<\/strong> s\u00e1bados, das 10h \u00e0s 22h; e domingos, das 10h \u00e0s 20h<\/p>\n\n\n\n<p><strong>Local:<\/strong> Parque Comendador Ant\u00f4nio Carbonari (avenida Jundia\u00ed, s\/n, Anhangaba\u00fa)<\/p>\n\n\n\n<p><strong>Entrada e estacionamento:<\/strong> gratuitos<\/p>\n\n\n\n<p><strong>Atra\u00e7\u00f5es:<\/strong> shows musicais, atra\u00e7\u00f5es culturais, espa\u00e7o kids, pra\u00e7a de alimenta\u00e7\u00e3o<\/p>\n\n\n\n<p><strong>Aceita animais de estima\u00e7\u00e3o?<\/strong> Sim, o evento \u00e9 pet friendly<\/p>\n\n\n\n<p><strong>Assessoria de Imprensa<br>Foto: Fot\u00f3grafo PMJ<\/strong><\/p>\n","protected":false},"excerpt":{"rendered":"<p>Um s\u00e1bado cheio de emo\u00e7\u00f5es durante a 5\u00aa FENS (Feira do Empreendedor, Neg\u00f3cios e Servi\u00e7os), no Parque Comendador Ant\u00f4nio Carbonari, com o 1\u00ba Desfile Pet. Tutores de v\u00e1rios bairros da cidade se inscreveram para apresentar c\u00e3es, gatos e at\u00e9 um porquinho. A feira prossegue at\u00e9 domingo (14), com uma feira de ado\u00e7\u00e3o e doa\u00e7\u00f5es de [&hellip;]<\/p>\n","protected":false},"author":97,"featured_media":342730,"comment_status":"closed","ping_status":"0","sticky":false,"template":"","format":"standard","meta":{"footnotes":""},"categories":[2],"tags":[365,3163],"ods":[],"class_list":["post-342726","post","type-post","status-publish","format-standard","has-post-thumbnail","hentry","category-noticias","tag-desenvolvimento-economico-ciencia-e-tecnologia","tag-fens"],"_links":{"self":[{"href":"https:\/\/jundiai.sp.gov.br\/noticias\/wp-json\/wp\/v2\/posts\/342726","targetHints":{"allow":["GET"]}}],"collection":[{"href":"https:\/\/jundiai.sp.gov.br\/noticias\/wp-json\/wp\/v2\/posts"}],"about":[{"href":"https:\/\/jundiai.sp.gov.br\/noticias\/wp-json\/wp\/v2\/types\/post"}],"author":[{"embeddable":true,"href":"https:\/\/jundiai.sp.gov.br\/noticias\/wp-json\/wp\/v2\/users\/97"}],"replies":[{"embeddable":true,"href":"https:\/\/jundiai.sp.gov.br\/noticias\/wp-json\/wp\/v2\/comments?post=342726"}],"version-history":[{"count":2,"href":"https:\/\/jundiai.sp.gov.br\/noticias\/wp-json\/wp\/v2\/posts\/342726\/revisions"}],"predecessor-version":[{"id":342732,"href":"https:\/\/jundiai.sp.gov.br\/noticias\/wp-json\/wp\/v2\/posts\/342726\/revisions\/342732"}],"wp:featuredmedia":[{"embeddable":true,"href":"https:\/\/jundiai.sp.gov.br\/noticias\/wp-json\/wp\/v2\/media\/342730"}],"wp:attachment":[{"href":"https:\/\/jundiai.sp.gov.br\/noticias\/wp-json\/wp\/v2\/media?parent=342726"}],"wp:term":[{"taxonomy":"category","embeddable":true,"href":"https:\/\/jundiai.sp.gov.br\/noticias\/wp-json\/wp\/v2\/categories?post=342726"},{"taxonomy":"post_tag","embeddable":true,"href":"https:\/\/jundiai.sp.gov.br\/noticias\/wp-json\/wp\/v2\/tags?post=342726"},{"taxonomy":"ods","embeddable":true,"href":"https:\/\/jundiai.sp.gov.br\/noticias\/wp-json\/wp\/v2\/ods?post=342726"}],"curies":[{"name":"wp","href":"https:\/\/api.w.org\/{rel}","templated":true}]}}