{"id":342926,"date":"2024-04-16T18:04:15","date_gmt":"2024-04-16T21:04:15","guid":{"rendered":"https:\/\/jundiai.sp.gov.br\/noticias\/?p=342926"},"modified":"2024-04-17T10:11:03","modified_gmt":"2024-04-17T13:11:03","slug":"parque-da-cidade-de-jundiai-comemora-20-anos-com-grande-festa","status":"publish","type":"post","link":"https:\/\/jundiai.sp.gov.br\/noticias\/2024\/04\/16\/parque-da-cidade-de-jundiai-comemora-20-anos-com-grande-festa\/","title":{"rendered":"Parque da Cidade de Jundia\u00ed comemora 20 anos com grande festa"},"content":{"rendered":"<div class=\"wp-block-image\">\n<figure class=\"aligncenter size-large\"><img loading=\"lazy\" decoding=\"async\" width=\"1280\" height=\"960\" src=\"https:\/\/jundiai.sp.gov.br\/noticias\/wp-content\/uploads\/sites\/32\/2024\/04\/whatsapp-image-2024-04-16-at-09-13-51-2-1280x960.jpeg\" alt=\"\" class=\"wp-image-342928\" srcset=\"https:\/\/jundiai.sp.gov.br\/noticias\/wp-content\/uploads\/sites\/32\/2024\/04\/whatsapp-image-2024-04-16-at-09-13-51-2-1280x960.jpeg 1280w, https:\/\/jundiai.sp.gov.br\/noticias\/wp-content\/uploads\/sites\/32\/2024\/04\/whatsapp-image-2024-04-16-at-09-13-51-2-300x225.jpeg 300w, https:\/\/jundiai.sp.gov.br\/noticias\/wp-content\/uploads\/sites\/32\/2024\/04\/whatsapp-image-2024-04-16-at-09-13-51-2-768x576.jpeg 768w, https:\/\/jundiai.sp.gov.br\/noticias\/wp-content\/uploads\/sites\/32\/2024\/04\/whatsapp-image-2024-04-16-at-09-13-51-2-1536x1152.jpeg 1536w, https:\/\/jundiai.sp.gov.br\/noticias\/wp-content\/uploads\/sites\/32\/2024\/04\/whatsapp-image-2024-04-16-at-09-13-51-2.jpeg 1600w\" sizes=\"auto, (max-width: 1280px) 100vw, 1280px\" \/><figcaption class=\"wp-element-caption\">Festa do dia 21 come\u00e7a \u00e0s 9h, co<em>m atra\u00e7\u00f5es que se estendem por todo o domingo<\/em><\/figcaption><\/figure>\n<\/div>\n\n\n<p>No pr\u00f3ximo domingo,&nbsp;21 de abril, o&nbsp;Parque da Cidade de Jundia\u00ed&nbsp;celebrar\u00e1 seu&nbsp;20\u00ba anivers\u00e1rio&nbsp;com uma grande festa que come\u00e7a \u00e0s&nbsp;9h e segue at\u00e9 \u00e0s 17h. Repleto de atividades e atra\u00e7\u00f5es para toda a fam\u00edlia, o evento conta com apoio da&nbsp;Prefeitura de Jundia\u00ed&nbsp;atrav\u00e9s das Unidades de Gest\u00e3o de Esportes e Lazer (UGEL), Cultura (UGC), Mobilidade e Transporte (UGMT) e Promo\u00e7\u00e3o da Sa\u00fade (UGPS).<\/p>\n\n\n\n<p>Entre as atra\u00e7\u00f5es confirmadas est\u00e3o os tradicionais brinquedos infl\u00e1veis, maquiagem infantil, apresenta\u00e7\u00e3o de dan\u00e7a do PEAMA e grupo Gera\u00e7\u00e3o +60, teatro infantil, viv\u00eancias em basquete e v\u00f4lei nas quadras esportivas, distribui\u00e7\u00e3o de pipoca e algod\u00e3o doce, posto de vacina\u00e7\u00e3o, exibi\u00e7\u00e3o de automodelismo e aeromodelismo, apresenta\u00e7\u00e3o do Canil da Guarda Municipal, exposi\u00e7\u00e3o da VISAM e Mata Ciliar, do 12\u00ba GAC e Corpo de Bombeiros.<\/p>\n\n\n\n<p><strong>Bikes e caiaques<\/strong><\/p>\n\n\n\n<p>Ao lado do pr\u00e9dio da Administra\u00e7\u00e3o, o aluguel de bicicletas realizado pelo PEAMA &nbsp;funcionar\u00e1 das 9h \u00e0s 16h (\u00faltimo aluguel), com valores de R$ 10,00 (bicicletas simples) e R$ 20,00 (duplas). J\u00e1 no Centro N\u00e1utico, a ONG Velas do Japi far\u00e1 passeios gratuitos de caiaque pelo programa \u201cConhe\u00e7a o Parque por suas \u00e1guas\u201d. Inscri\u00e7\u00f5es ser\u00e3o feitas diretamente no local, no dia do evento, por ordem de chegada.<\/p>\n\n\n\n<p><strong>Importante:\u00a0<\/strong><em>Recomenda-se, por ser um dia de muito movimento, que seja dada prefer\u00eancia ao transporte p\u00fablico, uma vez que a entrada de ve\u00edculos no local ser\u00e1 condicionada ao n\u00famero de vagas livres no estacionamento.<\/em><\/p>\n\n\n\n<p><strong>Assessoria de Comunica\u00e7\u00e3o &#8211; DAE Jundia\u00ed <\/strong><\/p>\n\n\n\n<p><strong>Foto: Divulga\u00e7\u00e3o DAE Jundia\u00ed <\/strong><\/p>\n","protected":false},"excerpt":{"rendered":"<p>No pr\u00f3ximo domingo,&nbsp;21 de abril, o&nbsp;Parque da Cidade de Jundia\u00ed&nbsp;celebrar\u00e1 seu&nbsp;20\u00ba anivers\u00e1rio&nbsp;com uma grande festa que come\u00e7a \u00e0s&nbsp;9h e segue at\u00e9 \u00e0s 17h. Repleto de atividades e atra\u00e7\u00f5es para toda a fam\u00edlia, o evento conta com apoio da&nbsp;Prefeitura de Jundia\u00ed&nbsp;atrav\u00e9s das Unidades de Gest\u00e3o de Esportes e Lazer (UGEL), Cultura (UGC), Mobilidade e Transporte (UGMT) [&hellip;]<\/p>\n","protected":false},"author":40,"featured_media":342932,"comment_status":"closed","ping_status":"0","sticky":false,"template":"","format":"standard","meta":{"footnotes":""},"categories":[2],"tags":[3923,1940,47],"ods":[],"class_list":["post-342926","post","type-post","status-publish","format-standard","has-post-thumbnail","hentry","category-noticias","tag-aniversario-do-parque","tag-dae-jundiai","tag-parque-da-cidade"],"_links":{"self":[{"href":"https:\/\/jundiai.sp.gov.br\/noticias\/wp-json\/wp\/v2\/posts\/342926","targetHints":{"allow":["GET"]}}],"collection":[{"href":"https:\/\/jundiai.sp.gov.br\/noticias\/wp-json\/wp\/v2\/posts"}],"about":[{"href":"https:\/\/jundiai.sp.gov.br\/noticias\/wp-json\/wp\/v2\/types\/post"}],"author":[{"embeddable":true,"href":"https:\/\/jundiai.sp.gov.br\/noticias\/wp-json\/wp\/v2\/users\/40"}],"replies":[{"embeddable":true,"href":"https:\/\/jundiai.sp.gov.br\/noticias\/wp-json\/wp\/v2\/comments?post=342926"}],"version-history":[{"count":5,"href":"https:\/\/jundiai.sp.gov.br\/noticias\/wp-json\/wp\/v2\/posts\/342926\/revisions"}],"predecessor-version":[{"id":342950,"href":"https:\/\/jundiai.sp.gov.br\/noticias\/wp-json\/wp\/v2\/posts\/342926\/revisions\/342950"}],"wp:featuredmedia":[{"embeddable":true,"href":"https:\/\/jundiai.sp.gov.br\/noticias\/wp-json\/wp\/v2\/media\/342932"}],"wp:attachment":[{"href":"https:\/\/jundiai.sp.gov.br\/noticias\/wp-json\/wp\/v2\/media?parent=342926"}],"wp:term":[{"taxonomy":"category","embeddable":true,"href":"https:\/\/jundiai.sp.gov.br\/noticias\/wp-json\/wp\/v2\/categories?post=342926"},{"taxonomy":"post_tag","embeddable":true,"href":"https:\/\/jundiai.sp.gov.br\/noticias\/wp-json\/wp\/v2\/tags?post=342926"},{"taxonomy":"ods","embeddable":true,"href":"https:\/\/jundiai.sp.gov.br\/noticias\/wp-json\/wp\/v2\/ods?post=342926"}],"curies":[{"name":"wp","href":"https:\/\/api.w.org\/{rel}","templated":true}]}}