{"id":343171,"date":"2024-04-19T08:00:00","date_gmt":"2024-04-19T11:00:00","guid":{"rendered":"https:\/\/jundiai.sp.gov.br\/noticias\/?p=343171"},"modified":"2024-04-18T17:56:36","modified_gmt":"2024-04-18T20:56:36","slug":"jundiai-inicia-preparativos-para-a-realizacao-da-conferencia-municipal-das-cidades","status":"publish","type":"post","link":"https:\/\/jundiai.sp.gov.br\/noticias\/2024\/04\/19\/jundiai-inicia-preparativos-para-a-realizacao-da-conferencia-municipal-das-cidades\/","title":{"rendered":"Jundia\u00ed inicia preparativos para a realiza\u00e7\u00e3o da Confer\u00eancia Municipal das Cidades"},"content":{"rendered":"\n<p>O Conselho Municipal de Pol\u00edtica Territorial (CMPT) se reuniu nesta quinta-feira (18), de forma extraordin\u00e1ria, a convite da Unidade de Gest\u00e3o de Planejamento Urbano e Meio Ambiente (UGPUMA), com o objetivo de iniciar os preparativos para a realiza\u00e7\u00e3o da\u00a0Confer\u00eancia Municipal das Cidades<strong>.<\/strong> Essa ser\u00e1 uma das etapas para a 6\u00aa Confer\u00eancia Nacional das Cidades, organizada pelo Governo Federal com o tema: &#8220;Construindo a Pol\u00edtica Nacional de Desenvolvimento Urbano: Caminhos para cidades inclusivas, democr\u00e1ticas, sustent\u00e1veis e com justi\u00e7a social&#8221;.<\/p>\n\n\n\n<p>A realiza\u00e7\u00e3o da Confer\u00eancia Nacional das Cidades, institu\u00edda pela\u00a0<a href=\"https:\/\/www.in.gov.br\/web\/dou\/-\/portaria-mcid-n-175-de-28-de-fevereiro-de-2024-546045579\" target=\"_blank\" rel=\"noreferrer noopener\">Portaria n\u00ba 175, de 29 de fevereiro de 2024<\/a>, \u00e9 mais um passo dado pelo Minist\u00e9rio das Cidades e pelo Conselho das Cidades no processo de reconstru\u00e7\u00e3o da participa\u00e7\u00e3o social nas pol\u00edticas p\u00fablicas de desenvolvimento urbano, habita\u00e7\u00e3o, territ\u00f3rios perif\u00e9ricos, mobilidade urbana e saneamento b\u00e1sico. A Confer\u00eancia se desdobra em etapas Municipal, Estadual\/Distrital e Nacional (prevista para novembro deste ano).<\/p>\n\n\n<div class=\"wp-block-image\">\n<figure class=\"aligncenter size-full\"><img loading=\"lazy\" decoding=\"async\" width=\"1280\" height=\"960\" src=\"https:\/\/jundiai.sp.gov.br\/noticias\/wp-content\/uploads\/sites\/32\/2024\/04\/whatsapp-image-2024-04-18-at-15-42-49.jpeg\" alt=\"\" class=\"wp-image-343175\" srcset=\"https:\/\/jundiai.sp.gov.br\/noticias\/wp-content\/uploads\/sites\/32\/2024\/04\/whatsapp-image-2024-04-18-at-15-42-49.jpeg 1280w, https:\/\/jundiai.sp.gov.br\/noticias\/wp-content\/uploads\/sites\/32\/2024\/04\/whatsapp-image-2024-04-18-at-15-42-49-300x225.jpeg 300w, https:\/\/jundiai.sp.gov.br\/noticias\/wp-content\/uploads\/sites\/32\/2024\/04\/whatsapp-image-2024-04-18-at-15-42-49-768x576.jpeg 768w\" sizes=\"auto, (max-width: 1280px) 100vw, 1280px\" \/><figcaption class=\"wp-element-caption\">Jundia\u00ed inicia preparativos para a realiza\u00e7\u00e3o da Confer\u00eancia Municipal das Cidades<\/figcaption><\/figure>\n<\/div>\n\n\n<p>O objetivo da reuni\u00e3o foi oferecer ao Conselho todo o apoio do poder p\u00fablico na organiza\u00e7\u00e3o do evento. &#8220;A Confer\u00eancia \u00e9 mais uma oportunidade de discutir temas importantes da cidade de forma coletiva e encaminhar propostas de a\u00e7\u00f5es para o Governo Estadual&#8221;, disse Sin\u00e9sio Scarabello Filho, gestor da UGPUMA. <\/p>\n\n\n\n<p>A Confer\u00eancia Municipal ser\u00e1 realizada no dia 15 de junho de 2024, s\u00e1bado, durante todo o dia, no Espa\u00e7o Expressa. Nas pr\u00f3ximas semanas ser\u00e1 nomeada a Comiss\u00e3o Organizadora da Confer\u00eancia, que dever\u00e1 redigir seu Regimento Interno, preparar os temas a serem tratados no evento e organizar sua realiza\u00e7\u00e3o.<\/p>\n\n\n\n<p>As discuss\u00f5es municipais e estaduais ser\u00e3o norteadas pelo Texto-Base da Confer\u00eancia, elaborado pelo Conselho das Cidades, que traz uma s\u00e9rie de diagn\u00f3sticos, reflex\u00f5es e perguntas para inspirar os debates e a proposi\u00e7\u00e3o de solu\u00e7\u00f5es para os problemas e desafios das cidades brasileiras, j\u00e1 dispon\u00edvel no site do governo federal (<a href=\"https:\/\/www.gov.br\/cidades\/pt-br\/composicao\/orgaos-colegiados\/arquivos\/conselho-das-cidades\/conferencias\/Texto_Base_6_CNC_04.03.pdf\" target=\"_blank\" rel=\"noreferrer noopener\">aqui<\/a>).<\/p>\n\n\n\n<p>&#8220;\u00c9 fundamental que o poder p\u00fablico e as entidades da sociedade se articulem para promover as Confer\u00eancias e debater a cidade que queremos para os pr\u00f3ximos anos. Desde j\u00e1, convidamos todos a participarem\u201d, refor\u00e7ou o gestor. <\/p>\n\n\n\n<p>Os prazos e as atividades a serem desenvolvidas culminam na realiza\u00e7\u00e3o da Etapa Nacional, que ocorrer\u00e1 em novembro de 2024, na Capital Federal.<\/p>\n\n\n\n<p><strong>Assessoria de Imprensa<br>Foto: Divulga\u00e7\u00e3o<\/strong><\/p>\n","protected":false},"excerpt":{"rendered":"<p>O Conselho Municipal de Pol\u00edtica Territorial (CMPT) se reuniu nesta quinta-feira (18), de forma extraordin\u00e1ria, a convite da Unidade de Gest\u00e3o de Planejamento Urbano e Meio Ambiente (UGPUMA), com o objetivo de iniciar os preparativos para a realiza\u00e7\u00e3o da\u00a0Confer\u00eancia Municipal das Cidades. Essa ser\u00e1 uma das etapas para a 6\u00aa Confer\u00eancia Nacional das Cidades, organizada [&hellip;]<\/p>\n","protected":false},"author":100,"featured_media":343175,"comment_status":"closed","ping_status":"0","sticky":false,"template":"","format":"standard","meta":{"footnotes":""},"categories":[2],"tags":[3407,915,984],"ods":[],"class_list":["post-343171","post","type-post","status-publish","format-standard","has-post-thumbnail","hentry","category-noticias","tag-conferencia-da-cidade","tag-conselho-de-politica-territorial-cmpt","tag-planejamento-urbano-e-meio-ambiente"],"_links":{"self":[{"href":"https:\/\/jundiai.sp.gov.br\/noticias\/wp-json\/wp\/v2\/posts\/343171","targetHints":{"allow":["GET"]}}],"collection":[{"href":"https:\/\/jundiai.sp.gov.br\/noticias\/wp-json\/wp\/v2\/posts"}],"about":[{"href":"https:\/\/jundiai.sp.gov.br\/noticias\/wp-json\/wp\/v2\/types\/post"}],"author":[{"embeddable":true,"href":"https:\/\/jundiai.sp.gov.br\/noticias\/wp-json\/wp\/v2\/users\/100"}],"replies":[{"embeddable":true,"href":"https:\/\/jundiai.sp.gov.br\/noticias\/wp-json\/wp\/v2\/comments?post=343171"}],"version-history":[{"count":4,"href":"https:\/\/jundiai.sp.gov.br\/noticias\/wp-json\/wp\/v2\/posts\/343171\/revisions"}],"predecessor-version":[{"id":343176,"href":"https:\/\/jundiai.sp.gov.br\/noticias\/wp-json\/wp\/v2\/posts\/343171\/revisions\/343176"}],"wp:featuredmedia":[{"embeddable":true,"href":"https:\/\/jundiai.sp.gov.br\/noticias\/wp-json\/wp\/v2\/media\/343175"}],"wp:attachment":[{"href":"https:\/\/jundiai.sp.gov.br\/noticias\/wp-json\/wp\/v2\/media?parent=343171"}],"wp:term":[{"taxonomy":"category","embeddable":true,"href":"https:\/\/jundiai.sp.gov.br\/noticias\/wp-json\/wp\/v2\/categories?post=343171"},{"taxonomy":"post_tag","embeddable":true,"href":"https:\/\/jundiai.sp.gov.br\/noticias\/wp-json\/wp\/v2\/tags?post=343171"},{"taxonomy":"ods","embeddable":true,"href":"https:\/\/jundiai.sp.gov.br\/noticias\/wp-json\/wp\/v2\/ods?post=343171"}],"curies":[{"name":"wp","href":"https:\/\/api.w.org\/{rel}","templated":true}]}}