{"id":343324,"date":"2024-04-20T15:47:43","date_gmt":"2024-04-20T18:47:43","guid":{"rendered":"https:\/\/jundiai.sp.gov.br\/noticias\/?p=343324"},"modified":"2024-04-23T09:26:03","modified_gmt":"2024-04-23T12:26:03","slug":"26o-enredanca-ana-botafogo-elogia-festival-e-valoriza-bailarinas-e-bailarinos-da-cidade-em-oficinas-gratuitas","status":"publish","type":"post","link":"https:\/\/jundiai.sp.gov.br\/noticias\/2024\/04\/20\/26o-enredanca-ana-botafogo-elogia-festival-e-valoriza-bailarinas-e-bailarinos-da-cidade-em-oficinas-gratuitas\/","title":{"rendered":"26\u00ba Enredan\u00e7a: Ana Botafogo elogia festival e valoriza bailarinas e bailarinos da cidade em oficinas gratuitas"},"content":{"rendered":"\n<p>Pelo quarto ano, a primeira bailarina do Ballet do Theatro Municipal do Rio de Janeiro e refer\u00eancia da dan\u00e7a cl\u00e1ssica, Ana Botafogo est\u00e1 em Jundia\u00ed para participar da <a href=\"https:\/\/cultura.jundiai.sp.gov.br\/enredanca\/\">26\u00aa edi\u00e7\u00e3o do Festival Enredan\u00e7a<\/a>, evento organizado pela Prefeitura de Jundia\u00ed, por meio da Unidade de Gest\u00e3o de Cultura (UGC).<\/p>\n\n\n\n<p>Neste s\u00e1bado (20), a profissional promoveu oficinas gratuitas de ballet cl\u00e1ssico para duas turmas compostas por 40 alunos cada, no Espa\u00e7o Expressa (antigo Complexo Fepasa). \u201cAno ap\u00f3s ano, o Festival vem crescendo no n\u00famero de participantes e escolas, mas principalmente na qualidade das coreografias apresentadas. J\u00e1 tem v\u00e1rios alunos com um p\u00e9 no profissionalismo. Estar no palco \u00e9 o que amadurece a dan\u00e7a de cada um\u201d, disse a bailarina Ana Botafogo.<\/p>\n\n\n\n<p><a href=\"https:\/\/www.flickr.com\/photos\/prefeituradejundiai\/albums\/72177720316161972\/\" target=\"_blank\" rel=\"noreferrer noopener\">CONFIRA AS FOTOS DO 26\u00ba ENREDAN\u00c7A<\/a><\/p>\n\n\n<div class=\"wp-block-image\">\n<figure class=\"aligncenter size-large\"><img loading=\"lazy\" decoding=\"async\" width=\"1280\" height=\"854\" src=\"https:\/\/jundiai.sp.gov.br\/noticias\/wp-content\/uploads\/sites\/32\/2024\/04\/masterclass_ana-botafogo-12-1280x854.jpg\" alt=\"\" class=\"wp-image-343330\" srcset=\"https:\/\/jundiai.sp.gov.br\/noticias\/wp-content\/uploads\/sites\/32\/2024\/04\/masterclass_ana-botafogo-12-1280x854.jpg 1280w, https:\/\/jundiai.sp.gov.br\/noticias\/wp-content\/uploads\/sites\/32\/2024\/04\/masterclass_ana-botafogo-12-300x200.jpg 300w, https:\/\/jundiai.sp.gov.br\/noticias\/wp-content\/uploads\/sites\/32\/2024\/04\/masterclass_ana-botafogo-12-768x512.jpg 768w, https:\/\/jundiai.sp.gov.br\/noticias\/wp-content\/uploads\/sites\/32\/2024\/04\/masterclass_ana-botafogo-12-1536x1024.jpg 1536w, https:\/\/jundiai.sp.gov.br\/noticias\/wp-content\/uploads\/sites\/32\/2024\/04\/masterclass_ana-botafogo-12-450x300.jpg 450w, https:\/\/jundiai.sp.gov.br\/noticias\/wp-content\/uploads\/sites\/32\/2024\/04\/masterclass_ana-botafogo-12.jpg 1900w\" sizes=\"auto, (max-width: 1280px) 100vw, 1280px\" \/><figcaption class=\"wp-element-caption\">Bailarina Ana Botafogo promoveu oficina gratuita de ballet na cidade<\/figcaption><\/figure>\n<\/div>\n\n\n<p>Mateus Vicente Bassi, de 14 anos, foi elogiado pela bailarina justamente pelo amadurecimento desde o ano passado. &#8220;Quero seguir carreira de bailarino em v\u00e1rias modalidades e \u00e9 muito bom ter um festival como esse na minha cidade, al\u00e9m de poder aprender um pouco com a Ana Botafogo\u201d, lembrou o jovem.<\/p>\n\n\n\n<p>Raquel Franco, de 10 anos, moradora do Jardim Tamoio, tamb\u00e9m valoriza a participa\u00e7\u00e3o no festival. \u201cO Enredan\u00e7a \u00e9 a minha segunda casa. Fiquei em segundo 2\u00ba lugar no Neocl\u00e1ssico e quero representar todas as negras do Brasil\u201d.<\/p>\n\n\n\n<p>\u201cO Enredan\u00e7a \u00e9 um sonho e \u00e9 um festival muito importante para a minha fam\u00edlia. E foi muito bom conhecer a Ana Botafogo e aprender mais todos os dias&#8221;, disse a jovem Isabella Mariano de Azevedo, de 11 anos, que tamb\u00e9m se destacou em uma das Mostras do festival, conquistando o 1\u00ba lugar no Neocl\u00e1ssico.<\/p>\n\n\n\n<figure class=\"wp-block-gallery has-nested-images columns-default is-cropped wp-block-gallery-1 is-layout-flex wp-block-gallery-is-layout-flex\">\n<figure class=\"wp-block-image size-large\"><a href=\"https:\/\/jundiai.sp.gov.br\/noticias\/wp-content\/uploads\/sites\/32\/2024\/04\/masterclass_ana-botafogo-50.jpg\"><img loading=\"lazy\" decoding=\"async\" width=\"1280\" height=\"854\" data-id=\"343332\" src=\"https:\/\/jundiai.sp.gov.br\/noticias\/wp-content\/uploads\/sites\/32\/2024\/04\/masterclass_ana-botafogo-50-1280x854.jpg\" alt=\"\" class=\"wp-image-343332\" srcset=\"https:\/\/jundiai.sp.gov.br\/noticias\/wp-content\/uploads\/sites\/32\/2024\/04\/masterclass_ana-botafogo-50-1280x854.jpg 1280w, https:\/\/jundiai.sp.gov.br\/noticias\/wp-content\/uploads\/sites\/32\/2024\/04\/masterclass_ana-botafogo-50-300x200.jpg 300w, https:\/\/jundiai.sp.gov.br\/noticias\/wp-content\/uploads\/sites\/32\/2024\/04\/masterclass_ana-botafogo-50-768x512.jpg 768w, https:\/\/jundiai.sp.gov.br\/noticias\/wp-content\/uploads\/sites\/32\/2024\/04\/masterclass_ana-botafogo-50-1536x1024.jpg 1536w, https:\/\/jundiai.sp.gov.br\/noticias\/wp-content\/uploads\/sites\/32\/2024\/04\/masterclass_ana-botafogo-50-450x300.jpg 450w, https:\/\/jundiai.sp.gov.br\/noticias\/wp-content\/uploads\/sites\/32\/2024\/04\/masterclass_ana-botafogo-50.jpg 1900w\" sizes=\"auto, (max-width: 1280px) 100vw, 1280px\" \/><\/a><figcaption class=\"wp-element-caption\">Mateus Vicente Bassi, de 14 anos, teve o desenvolvimento elogiado por Ana Botafogo<\/figcaption><\/figure>\n\n\n\n<figure class=\"wp-block-image size-large\"><a href=\"https:\/\/jundiai.sp.gov.br\/noticias\/wp-content\/uploads\/sites\/32\/2024\/04\/masterclass_ana-botafogo-61-1.jpg\"><img loading=\"lazy\" decoding=\"async\" width=\"1280\" height=\"854\" data-id=\"343333\" src=\"https:\/\/jundiai.sp.gov.br\/noticias\/wp-content\/uploads\/sites\/32\/2024\/04\/masterclass_ana-botafogo-61-1-1280x854.jpg\" alt=\"\" class=\"wp-image-343333\" srcset=\"https:\/\/jundiai.sp.gov.br\/noticias\/wp-content\/uploads\/sites\/32\/2024\/04\/masterclass_ana-botafogo-61-1-1280x854.jpg 1280w, https:\/\/jundiai.sp.gov.br\/noticias\/wp-content\/uploads\/sites\/32\/2024\/04\/masterclass_ana-botafogo-61-1-300x200.jpg 300w, https:\/\/jundiai.sp.gov.br\/noticias\/wp-content\/uploads\/sites\/32\/2024\/04\/masterclass_ana-botafogo-61-1-768x512.jpg 768w, https:\/\/jundiai.sp.gov.br\/noticias\/wp-content\/uploads\/sites\/32\/2024\/04\/masterclass_ana-botafogo-61-1-1536x1024.jpg 1536w, https:\/\/jundiai.sp.gov.br\/noticias\/wp-content\/uploads\/sites\/32\/2024\/04\/masterclass_ana-botafogo-61-1-450x300.jpg 450w, https:\/\/jundiai.sp.gov.br\/noticias\/wp-content\/uploads\/sites\/32\/2024\/04\/masterclass_ana-botafogo-61-1.jpg 1900w\" sizes=\"auto, (max-width: 1280px) 100vw, 1280px\" \/><\/a><figcaption class=\"wp-element-caption\">Bailarinas Raquel Franco e Isabella Mariano de Azevedo se destacam no 26\u00ba Enredan\u00e7a<\/figcaption><\/figure>\n<\/figure>\n\n\n\n<p>Al\u00e9m das oficinas, Ana Botafogo tamb\u00e9m \u00e9 jurada na Mostra Competitiva de estilo Cl\u00e1ssico de Repert\u00f3rio, Cl\u00e1ssico Livre e Neocl\u00e1ssico. Com n\u00fameros impressionantes, esta edi\u00e7\u00e3o conta com a participa\u00e7\u00e3o de mais de 1,1 mil bailarinos \u2013 cerca de 200 a mais que a edi\u00e7\u00e3o anterior \u2013 inscritos em 550 coreografias. S\u00e3o mais de 100 grupos diferentes participantes, de 21 Munic\u00edpios distintos. Tamb\u00e9m est\u00e1 programado para o Teatro Polytheama, neste domingo (21), a tradicional Noite de Gala do Festival, a partir das 18h, com a entrega das premia\u00e7\u00f5es.<\/p>\n\n\n\n<p>\u201cNossa cidade faz investimentos maci\u00e7os na Cultura e o Enredan\u00e7a j\u00e1 pode ser considerado um dos principais festivais de dan\u00e7a do Brasil. Para muitos bailarinos, uma aula com a Ana \u00e9 uma oportunidade \u00fanica e para n\u00f3s \u00e9 o coroamento do desenvolvimento de atividades culturais na cidade&#8221;, refor\u00e7ou o diretor de Cultura de Jundia\u00ed, Jo\u00e3o Carlos de Luca.<\/p>\n\n\n<div class=\"wp-block-image\">\n<figure class=\"aligncenter size-large\"><img loading=\"lazy\" decoding=\"async\" width=\"1280\" height=\"854\" src=\"https:\/\/jundiai.sp.gov.br\/noticias\/wp-content\/uploads\/sites\/32\/2024\/04\/masterclass_ana-botafogo-42-1280x854.jpg\" alt=\"\" class=\"wp-image-343334\" srcset=\"https:\/\/jundiai.sp.gov.br\/noticias\/wp-content\/uploads\/sites\/32\/2024\/04\/masterclass_ana-botafogo-42-1280x854.jpg 1280w, https:\/\/jundiai.sp.gov.br\/noticias\/wp-content\/uploads\/sites\/32\/2024\/04\/masterclass_ana-botafogo-42-300x200.jpg 300w, https:\/\/jundiai.sp.gov.br\/noticias\/wp-content\/uploads\/sites\/32\/2024\/04\/masterclass_ana-botafogo-42-768x512.jpg 768w, https:\/\/jundiai.sp.gov.br\/noticias\/wp-content\/uploads\/sites\/32\/2024\/04\/masterclass_ana-botafogo-42-1536x1024.jpg 1536w, https:\/\/jundiai.sp.gov.br\/noticias\/wp-content\/uploads\/sites\/32\/2024\/04\/masterclass_ana-botafogo-42-450x300.jpg 450w, https:\/\/jundiai.sp.gov.br\/noticias\/wp-content\/uploads\/sites\/32\/2024\/04\/masterclass_ana-botafogo-42.jpg 1900w\" sizes=\"auto, (max-width: 1280px) 100vw, 1280px\" \/><figcaption class=\"wp-element-caption\">Ana Botafogo encantou os presentes com seu conhecimento e simpatia<\/figcaption><\/figure>\n<\/div>\n\n\n<p><strong>Assessoria de Imprensa<br>Fotos: Fot\u00f3grafos PMJ<\/strong><\/p>\n","protected":false},"excerpt":{"rendered":"<p>Pelo quarto ano, a primeira bailarina do Ballet do Theatro Municipal do Rio de Janeiro e refer\u00eancia da dan\u00e7a cl\u00e1ssica, Ana Botafogo est\u00e1 em Jundia\u00ed para participar da 26\u00aa edi\u00e7\u00e3o do Festival Enredan\u00e7a, evento organizado pela Prefeitura de Jundia\u00ed, por meio da Unidade de Gest\u00e3o de Cultura (UGC). Neste s\u00e1bado (20), a profissional promoveu oficinas [&hellip;]<\/p>\n","protected":false},"author":100,"featured_media":343334,"comment_status":"closed","ping_status":"0","sticky":false,"template":"","format":"standard","meta":{"footnotes":""},"categories":[2],"tags":[2953,29,1006],"ods":[],"class_list":["post-343324","post","type-post","status-publish","format-standard","has-post-thumbnail","hentry","category-noticias","tag-ana-botafogo","tag-cultura","tag-festival-enredanca"],"_links":{"self":[{"href":"https:\/\/jundiai.sp.gov.br\/noticias\/wp-json\/wp\/v2\/posts\/343324","targetHints":{"allow":["GET"]}}],"collection":[{"href":"https:\/\/jundiai.sp.gov.br\/noticias\/wp-json\/wp\/v2\/posts"}],"about":[{"href":"https:\/\/jundiai.sp.gov.br\/noticias\/wp-json\/wp\/v2\/types\/post"}],"author":[{"embeddable":true,"href":"https:\/\/jundiai.sp.gov.br\/noticias\/wp-json\/wp\/v2\/users\/100"}],"replies":[{"embeddable":true,"href":"https:\/\/jundiai.sp.gov.br\/noticias\/wp-json\/wp\/v2\/comments?post=343324"}],"version-history":[{"count":14,"href":"https:\/\/jundiai.sp.gov.br\/noticias\/wp-json\/wp\/v2\/posts\/343324\/revisions"}],"predecessor-version":[{"id":343445,"href":"https:\/\/jundiai.sp.gov.br\/noticias\/wp-json\/wp\/v2\/posts\/343324\/revisions\/343445"}],"wp:featuredmedia":[{"embeddable":true,"href":"https:\/\/jundiai.sp.gov.br\/noticias\/wp-json\/wp\/v2\/media\/343334"}],"wp:attachment":[{"href":"https:\/\/jundiai.sp.gov.br\/noticias\/wp-json\/wp\/v2\/media?parent=343324"}],"wp:term":[{"taxonomy":"category","embeddable":true,"href":"https:\/\/jundiai.sp.gov.br\/noticias\/wp-json\/wp\/v2\/categories?post=343324"},{"taxonomy":"post_tag","embeddable":true,"href":"https:\/\/jundiai.sp.gov.br\/noticias\/wp-json\/wp\/v2\/tags?post=343324"},{"taxonomy":"ods","embeddable":true,"href":"https:\/\/jundiai.sp.gov.br\/noticias\/wp-json\/wp\/v2\/ods?post=343324"}],"curies":[{"name":"wp","href":"https:\/\/api.w.org\/{rel}","templated":true}]}}