{"id":343455,"date":"2024-04-23T12:22:48","date_gmt":"2024-04-23T15:22:48","guid":{"rendered":"https:\/\/jundiai.sp.gov.br\/noticias\/?p=343455"},"modified":"2024-04-23T12:22:48","modified_gmt":"2024-04-23T15:22:48","slug":"alunos-da-etec-best-exploram-oportunidades-no-espaco-jundiai-empreendedora","status":"publish","type":"post","link":"https:\/\/jundiai.sp.gov.br\/noticias\/2024\/04\/23\/alunos-da-etec-best-exploram-oportunidades-no-espaco-jundiai-empreendedora\/","title":{"rendered":"Alunos da ETEC Best exploram oportunidades no Espa\u00e7o Jundia\u00ed Empreendedora"},"content":{"rendered":"\n<p>Com o objetivo de estimular o empreendedorismo e facilitar a inser\u00e7\u00e3o dos alunos do curso t\u00e9cnico de Produ\u00e7\u00e3o Aliment\u00edcia da ETEC Best no mercado de trabalho, a Prefeitura de Jundia\u00ed, atrav\u00e9s da Unidade de Desenvolvimento Econ\u00f4mico, Ci\u00eancia e Tecnologia (UGDECT), promoveu um encontro no Espa\u00e7o Jundia\u00ed Empreendedora. O evento permitiu aos estudantes interagir diretamente com empresas locais do setor aliment\u00edcio, enriquecendo sua forma\u00e7\u00e3o profissional.<\/p>\n\n\n\n<p><strong><a href=\"https:\/\/negocios.jundiai.sp.gov.br\/\" target=\"_blank\" rel=\"noreferrer noopener\">CONHE\u00c7A AS A\u00c7\u00d5ES DA UGDECT<\/a><\/strong><\/p>\n\n\n\n<p>O gestor da UGDECT Sami Mansour, destacou a import\u00e2ncia da iniciativa. &#8220;Estamos satisfeitos em acolher os alunos da ETEC Best. Incentivar o esp\u00edrito empreendedor e proporcionar experi\u00eancias pr\u00e1ticas \u00e9 fundamental para a forma\u00e7\u00e3o acad\u00eamica dos estudantes,&#8221; afirmou.<\/p>\n\n\n\n<figure class=\"wp-block-image size-large\"><img loading=\"lazy\" decoding=\"async\" width=\"1280\" height=\"960\" src=\"https:\/\/jundiai.sp.gov.br\/noticias\/wp-content\/uploads\/sites\/32\/2024\/04\/whatsapp-image-2024-04-23-at-11-45-36-1280x960.jpeg\" alt=\"\" class=\"wp-image-343460\" srcset=\"https:\/\/jundiai.sp.gov.br\/noticias\/wp-content\/uploads\/sites\/32\/2024\/04\/whatsapp-image-2024-04-23-at-11-45-36-1280x960.jpeg 1280w, https:\/\/jundiai.sp.gov.br\/noticias\/wp-content\/uploads\/sites\/32\/2024\/04\/whatsapp-image-2024-04-23-at-11-45-36-300x225.jpeg 300w, https:\/\/jundiai.sp.gov.br\/noticias\/wp-content\/uploads\/sites\/32\/2024\/04\/whatsapp-image-2024-04-23-at-11-45-36-768x576.jpeg 768w, https:\/\/jundiai.sp.gov.br\/noticias\/wp-content\/uploads\/sites\/32\/2024\/04\/whatsapp-image-2024-04-23-at-11-45-36-1536x1152.jpeg 1536w, https:\/\/jundiai.sp.gov.br\/noticias\/wp-content\/uploads\/sites\/32\/2024\/04\/whatsapp-image-2024-04-23-at-11-45-36.jpeg 1600w\" sizes=\"auto, (max-width: 1280px) 100vw, 1280px\" \/><figcaption class=\"wp-element-caption\">Os alunos conhecerem todos os servi\u00e7os do Espa\u00e7o Jundia\u00ed Empreendedora<\/figcaption><\/figure>\n\n\n\n<p>Durante a visita ao Espa\u00e7o Jundia\u00ed Empreendedora, os alunos tamb\u00e9m participaram de um encontro com representantes de importantes empresas aliment\u00edcias da regi\u00e3o. Aline Scarton, uma das alunas, ressaltou a import\u00e2ncia da experi\u00eancia: &#8220;Foi incr\u00edvel conhecer o funcionamento do Espa\u00e7o e entender melhor o mercado em que vamos atuar. Isso certamente enriquecer\u00e1 nossa prepara\u00e7\u00e3o profissional.&#8221;<\/p>\n\n\n\n<p>O diretor de Ci\u00eancia e Tecnologia, J\u00falio Durante, enfatizou a integra\u00e7\u00e3o entre teoria e pr\u00e1tica. &#8220;Esses eventos expandem horizontes e mostram como aplicar os conhecimentos adquiridos em sala de aula no mundo real, preparando nossos alunos para os desafios profissionais.&#8221;<\/p>\n\n\n\n<p>Participaram do evento os diretores Gilson Pichioli (Departamento de Fomento \u00e0 Ind\u00fastria) e Elaine Aguiar (Fomento ao Com\u00e9rcio e Servi\u00e7os).<\/p>\n\n\n\n<p><strong>Apoio ao desenvolvimento empresarial<\/strong><\/p>\n\n\n\n<p>Localizado no Maxi Shopping (avenida Ant\u00f4nio Frederico Ozanam, 6000, Vila Rio Branco \u2013 Piso G3\/Ala Oeste), o Espa\u00e7o Jundia\u00ed Empreendedora \u00e9 um centro de apoio aos empreendedores e empresas locais. Oferece suporte, recursos, orienta\u00e7\u00f5es e servi\u00e7os variados como assist\u00eancia t\u00e9cnica, capacita\u00e7\u00e3o, acesso a financiamento, networking e mentoria. Agendamentos para atendimento podem ser feitos pelo portal Jundia\u00ed Empreendedora.<\/p>\n\n\n\n<p><strong>Assessoria de Imprensa<br>Fotos: Fot\u00f3grafos PMJ<\/strong><\/p>\n","protected":false},"excerpt":{"rendered":"<p>Com o objetivo de estimular o empreendedorismo e facilitar a inser\u00e7\u00e3o dos alunos do curso t\u00e9cnico de Produ\u00e7\u00e3o Aliment\u00edcia da ETEC Best no mercado de trabalho, a Prefeitura de Jundia\u00ed, atrav\u00e9s da Unidade de Desenvolvimento Econ\u00f4mico, Ci\u00eancia e Tecnologia (UGDECT), promoveu um encontro no Espa\u00e7o Jundia\u00ed Empreendedora. O evento permitiu aos estudantes interagir diretamente com [&hellip;]<\/p>\n","protected":false},"author":97,"featured_media":343460,"comment_status":"closed","ping_status":"0","sticky":false,"template":"","format":"standard","meta":{"footnotes":""},"categories":[2],"tags":[365,3431,1527],"ods":[4224,4228],"class_list":["post-343455","post","type-post","status-publish","format-standard","has-post-thumbnail","hentry","category-noticias","tag-desenvolvimento-economico-ciencia-e-tecnologia","tag-espaco-jundiai-empreendedora","tag-jundiai-empreendedora","ods-ods-04","ods-ods-08"],"_links":{"self":[{"href":"https:\/\/jundiai.sp.gov.br\/noticias\/wp-json\/wp\/v2\/posts\/343455","targetHints":{"allow":["GET"]}}],"collection":[{"href":"https:\/\/jundiai.sp.gov.br\/noticias\/wp-json\/wp\/v2\/posts"}],"about":[{"href":"https:\/\/jundiai.sp.gov.br\/noticias\/wp-json\/wp\/v2\/types\/post"}],"author":[{"embeddable":true,"href":"https:\/\/jundiai.sp.gov.br\/noticias\/wp-json\/wp\/v2\/users\/97"}],"replies":[{"embeddable":true,"href":"https:\/\/jundiai.sp.gov.br\/noticias\/wp-json\/wp\/v2\/comments?post=343455"}],"version-history":[{"count":7,"href":"https:\/\/jundiai.sp.gov.br\/noticias\/wp-json\/wp\/v2\/posts\/343455\/revisions"}],"predecessor-version":[{"id":343472,"href":"https:\/\/jundiai.sp.gov.br\/noticias\/wp-json\/wp\/v2\/posts\/343455\/revisions\/343472"}],"wp:featuredmedia":[{"embeddable":true,"href":"https:\/\/jundiai.sp.gov.br\/noticias\/wp-json\/wp\/v2\/media\/343460"}],"wp:attachment":[{"href":"https:\/\/jundiai.sp.gov.br\/noticias\/wp-json\/wp\/v2\/media?parent=343455"}],"wp:term":[{"taxonomy":"category","embeddable":true,"href":"https:\/\/jundiai.sp.gov.br\/noticias\/wp-json\/wp\/v2\/categories?post=343455"},{"taxonomy":"post_tag","embeddable":true,"href":"https:\/\/jundiai.sp.gov.br\/noticias\/wp-json\/wp\/v2\/tags?post=343455"},{"taxonomy":"ods","embeddable":true,"href":"https:\/\/jundiai.sp.gov.br\/noticias\/wp-json\/wp\/v2\/ods?post=343455"}],"curies":[{"name":"wp","href":"https:\/\/api.w.org\/{rel}","templated":true}]}}