{"id":343490,"date":"2024-04-23T15:58:17","date_gmt":"2024-04-23T18:58:17","guid":{"rendered":"https:\/\/jundiai.sp.gov.br\/noticias\/?p=343490"},"modified":"2024-04-25T16:36:42","modified_gmt":"2024-04-25T19:36:42","slug":"jundiai-leva-o-programa-cidade-das-criancas-para-encontro-da-rede-urban95-em-recife","status":"publish","type":"post","link":"https:\/\/jundiai.sp.gov.br\/noticias\/2024\/04\/23\/jundiai-leva-o-programa-cidade-das-criancas-para-encontro-da-rede-urban95-em-recife\/","title":{"rendered":"Jundia\u00ed leva o programa Cidade das Crian\u00e7as para Encontro da Rede Urban95 em Recife"},"content":{"rendered":"\n<p>Representantes da Prefeitura de Jundia\u00ed participam desde esse domingo (21), em Recife (PE), do 3\u00ba Encontro da Rede Urban95 realizado pela Funda\u00e7\u00e3o Van Leer e pelo Centro de Cria\u00e7\u00e3o de Imagem Popular (CECIP). &#8220;Ap\u00f3s termos participado da <a href=\"https:\/\/jundiai.sp.gov.br\/noticias\/2023\/09\/20\/jundiai-sedia-encontro-urban95-e-apresenta-cidade-das-criancas-para-integrantes-da-rede\/\">primeira edi\u00e7\u00e3o do encontro em Boa Vista (RR), em 2022<\/a>, e <a href=\"https:\/\/jundiai.sp.gov.br\/noticias\/2023\/09\/20\/jundiai-sedia-encontro-urban95-e-apresenta-cidade-das-criancas-para-integrantes-da-rede\/\">recebido em nosso Munic\u00edpio a sua segunda edi\u00e7\u00e3o, em setembro do ano passado<\/a>, Jundia\u00ed volta a se reunir com esta importante Rede em prol das Inf\u00e2ncias. \u00c9 mais uma oportunidade de levar as pr\u00e1ticas exitosas do programa Cidade das Crian\u00e7as para fora de Jundia\u00ed e aprender tamb\u00e9m com outras experi\u00eancias inovadoras\u201d, comentou o prefeito, Luiz Fernando Machado.<\/p>\n\n\n\n<p>A Rede Urban95 \u00e9 uma iniciativa da Funda\u00e7\u00e3o van Leer e que tem como foco incluir a perspectiva dos beb\u00eas, crian\u00e7as e seus cuidadores no planejamento urbano, nas estrat\u00e9gias de mobilidade e nos programas e servi\u00e7os. A refer\u00eancia ao n\u00famero 45 \u00e9 a altura m\u00e9dia, em cent\u00edmetros, de uma crian\u00e7a de tr\u00eas anos. Atualmente, a Rede est\u00e1 presente tamb\u00e9m na Holanda, \u00cdndia, Israel e Jord\u00e2nia, e, no Brasil, j\u00e1 conta com 27 Munic\u00edpios integrantes. E em Jundia\u00ed, a participa\u00e7\u00e3o integra o eixo \u201cRedes Internacionais\u201d do programa municipal Cidade das Crian\u00e7as para a constru\u00e7\u00e3o de um projeto comum de desenvolvimento saud\u00e1vel da Inf\u00e2ncia.<\/p>\n\n\n\n<figure class=\"wp-block-image size-full\"><img loading=\"lazy\" decoding=\"async\" width=\"1280\" height=\"853\" src=\"https:\/\/jundiai.sp.gov.br\/noticias\/wp-content\/uploads\/sites\/32\/2024\/04\/encontro_urban95_recife-9.jpeg\" alt=\"\" class=\"wp-image-343492\" srcset=\"https:\/\/jundiai.sp.gov.br\/noticias\/wp-content\/uploads\/sites\/32\/2024\/04\/encontro_urban95_recife-9.jpeg 1280w, https:\/\/jundiai.sp.gov.br\/noticias\/wp-content\/uploads\/sites\/32\/2024\/04\/encontro_urban95_recife-9-300x200.jpeg 300w, https:\/\/jundiai.sp.gov.br\/noticias\/wp-content\/uploads\/sites\/32\/2024\/04\/encontro_urban95_recife-9-768x512.jpeg 768w, https:\/\/jundiai.sp.gov.br\/noticias\/wp-content\/uploads\/sites\/32\/2024\/04\/encontro_urban95_recife-9-450x300.jpeg 450w\" sizes=\"auto, (max-width: 1280px) 100vw, 1280px\" \/><figcaption class=\"wp-element-caption\">Entre as diversas agendas, uma das atividades do Encontro foi a reuni\u00e3o dos prefeitos dos Munic\u00edpios que integram a Rede <\/figcaption><\/figure>\n\n\n\n<p>Com o custeio de transporte e hospedagem pelos realizadores do evento, a comitiva jundiaiense \u00e9 composta, al\u00e9m do prefeito, pelos gestores de Assist\u00eancia e Desenvolvimento Social (UGADS), Maria Brant; de gestor de Cultura, Marcelo Peroni; e de Educa\u00e7\u00e3o, Vast\u00ed Ferrari Marques, al\u00e9m da articuladora do programa SP pela Primeir\u00edssima Inf\u00e2ncia, Gerusa Moura. Os dois primeiros, pontos focais da Rede Urban95 no Munic\u00edpio.<\/p>\n\n\n\n<p>A programa\u00e7\u00e3o tem\u00e1tica do Encontro teve in\u00edcio com a abertura da Semana do Beb\u00ea do Munic\u00edpio e seguiu com reuni\u00f5es dos participantes com a coordenadora da Rede, Claudia Vidigal, e com o prefeito de Recife, Jo\u00e3o Campos; reuni\u00f5es segmentadas entre os chefes do Executivo; visitas t\u00e9cnicas a equipamentos p\u00fablicos e programas voltados \u00e0s Inf\u00e2ncias; e lan\u00e7amentos de publica\u00e7\u00f5es tem\u00e1ticas. Tamb\u00e9m fazem parte da programa\u00e7\u00e3o, que segue at\u00e9 esta ter\u00e7a-feira (23), atra\u00e7\u00f5es culturais em pontos tur\u00edsticos da capital Pernambucana, como uma apresenta\u00e7\u00e3o de Frevo, importante patrim\u00f4nio cultural da regi\u00e3o, em plena Pra\u00e7a do Marco Zero.<\/p>\n\n\n\n<p>Peroni, que \u00e9 tamb\u00e9m o ponto focal do programa municipal Cidade das Crian\u00e7as na Prefeitura, ressaltou a import\u00e2ncia da participa\u00e7\u00e3o no encontro. \u201cA troca de experi\u00eancias entre os integrantes da Rede n\u00e3o s\u00f3 estimula e d\u00e1 for\u00e7a para a pol\u00edtica p\u00fablica da Inf\u00e2ncia no Brasil, como tamb\u00e9m vai ao encontro de dois dos eixos do programa Cidade das Crian\u00e7as, como a participa\u00e7\u00e3o em rede e a implementa\u00e7\u00e3o de ferramentas de desenvolvimento que atuem na mudan\u00e7a de comportamento e do planejamento urbano.\u201d<\/p>\n\n\n\n<figure class=\"wp-block-image size-large\"><img loading=\"lazy\" decoding=\"async\" width=\"1280\" height=\"854\" src=\"https:\/\/jundiai.sp.gov.br\/noticias\/wp-content\/uploads\/sites\/32\/2024\/04\/22042024_urban95-moinho-recife-029-1280x854.jpg\" alt=\"\" class=\"wp-image-343493\" srcset=\"https:\/\/jundiai.sp.gov.br\/noticias\/wp-content\/uploads\/sites\/32\/2024\/04\/22042024_urban95-moinho-recife-029-1280x854.jpg 1280w, https:\/\/jundiai.sp.gov.br\/noticias\/wp-content\/uploads\/sites\/32\/2024\/04\/22042024_urban95-moinho-recife-029-300x200.jpg 300w, https:\/\/jundiai.sp.gov.br\/noticias\/wp-content\/uploads\/sites\/32\/2024\/04\/22042024_urban95-moinho-recife-029-768x512.jpg 768w, https:\/\/jundiai.sp.gov.br\/noticias\/wp-content\/uploads\/sites\/32\/2024\/04\/22042024_urban95-moinho-recife-029-1536x1024.jpg 1536w, https:\/\/jundiai.sp.gov.br\/noticias\/wp-content\/uploads\/sites\/32\/2024\/04\/22042024_urban95-moinho-recife-029-450x300.jpg 450w, https:\/\/jundiai.sp.gov.br\/noticias\/wp-content\/uploads\/sites\/32\/2024\/04\/22042024_urban95-moinho-recife-029.jpg 1900w\" sizes=\"auto, (max-width: 1280px) 100vw, 1280px\" \/><figcaption class=\"wp-element-caption\">Al\u00e9m do prefeito, comitiva jundiaiense foi representada por Gerusa Moura, Marcelo Peroni, Maria Brant e Vast\u00ed Ferrari Marques<\/figcaption><\/figure>\n\n\n\n<p><strong>Assessoria de Imprensa<br>Fotos: Divulga\u00e7\u00e3o\/ Marlon Diego<\/strong><\/p>\n","protected":false},"excerpt":{"rendered":"<p>Representantes da Prefeitura de Jundia\u00ed participam desde esse domingo (21), em Recife (PE), do 3\u00ba Encontro da Rede Urban95 realizado pela Funda\u00e7\u00e3o Van Leer e pelo Centro de Cria\u00e7\u00e3o de Imagem Popular (CECIP). &#8220;Ap\u00f3s termos participado da primeira edi\u00e7\u00e3o do encontro em Boa Vista (RR), em 2022, e recebido em nosso Munic\u00edpio a sua segunda [&hellip;]<\/p>\n","protected":false},"author":14,"featured_media":343492,"comment_status":"closed","ping_status":"0","sticky":false,"template":"","format":"standard","meta":{"footnotes":""},"categories":[2],"tags":[980,1154,29,6,1176,1574],"ods":[],"class_list":["post-343490","post","type-post","status-publish","format-standard","has-post-thumbnail","hentry","category-noticias","tag-assistencia-e-desenvolvimento-social","tag-cidade-das-criancas","tag-cultura","tag-educacao","tag-prefeito-luiz-fernando-machado","tag-rede-urban95"],"_links":{"self":[{"href":"https:\/\/jundiai.sp.gov.br\/noticias\/wp-json\/wp\/v2\/posts\/343490","targetHints":{"allow":["GET"]}}],"collection":[{"href":"https:\/\/jundiai.sp.gov.br\/noticias\/wp-json\/wp\/v2\/posts"}],"about":[{"href":"https:\/\/jundiai.sp.gov.br\/noticias\/wp-json\/wp\/v2\/types\/post"}],"author":[{"embeddable":true,"href":"https:\/\/jundiai.sp.gov.br\/noticias\/wp-json\/wp\/v2\/users\/14"}],"replies":[{"embeddable":true,"href":"https:\/\/jundiai.sp.gov.br\/noticias\/wp-json\/wp\/v2\/comments?post=343490"}],"version-history":[{"count":4,"href":"https:\/\/jundiai.sp.gov.br\/noticias\/wp-json\/wp\/v2\/posts\/343490\/revisions"}],"predecessor-version":[{"id":343687,"href":"https:\/\/jundiai.sp.gov.br\/noticias\/wp-json\/wp\/v2\/posts\/343490\/revisions\/343687"}],"wp:featuredmedia":[{"embeddable":true,"href":"https:\/\/jundiai.sp.gov.br\/noticias\/wp-json\/wp\/v2\/media\/343492"}],"wp:attachment":[{"href":"https:\/\/jundiai.sp.gov.br\/noticias\/wp-json\/wp\/v2\/media?parent=343490"}],"wp:term":[{"taxonomy":"category","embeddable":true,"href":"https:\/\/jundiai.sp.gov.br\/noticias\/wp-json\/wp\/v2\/categories?post=343490"},{"taxonomy":"post_tag","embeddable":true,"href":"https:\/\/jundiai.sp.gov.br\/noticias\/wp-json\/wp\/v2\/tags?post=343490"},{"taxonomy":"ods","embeddable":true,"href":"https:\/\/jundiai.sp.gov.br\/noticias\/wp-json\/wp\/v2\/ods?post=343490"}],"curies":[{"name":"wp","href":"https:\/\/api.w.org\/{rel}","templated":true}]}}