{"id":343593,"date":"2024-04-24T16:25:00","date_gmt":"2024-04-24T19:25:00","guid":{"rendered":"https:\/\/jundiai.sp.gov.br\/noticias\/?p=343593"},"modified":"2024-04-24T22:29:12","modified_gmt":"2024-04-25T01:29:12","slug":"espaco-jundiai-empreendedora-fortalece-vinculos-locais-com-visita-tecnica","status":"publish","type":"post","link":"https:\/\/jundiai.sp.gov.br\/noticias\/2024\/04\/24\/espaco-jundiai-empreendedora-fortalece-vinculos-locais-com-visita-tecnica\/","title":{"rendered":"Espa\u00e7o Jundia\u00ed Empreendedora fortalece v\u00ednculos locais com visita t\u00e9cnica"},"content":{"rendered":"\n<p>O Espa\u00e7o Jundia\u00ed Empreendedora realizou uma visita t\u00e9cnica a empresa Bom Sabor Marmitex como parte de seus esfor\u00e7os para fortalecer os la\u00e7os com os empreendedores locais e impulsionar o desenvolvimento econ\u00f4mico da regi\u00e3o. Situada no Jardim Tarum\u00e3, a empresa \u00e9 reconhecida por sua feijoada customizada, que \u00e9 preparada conforme o gosto de cada cliente e se destaca pelo uso de legumes e verduras org\u00e2nicos.<\/p>\n\n\n\n<p><strong><a href=\"https:\/\/negocios.jundiai.sp.gov.br\/\" target=\"_blank\" rel=\"noreferrer noopener\">CONHE\u00c7A AS A\u00c7\u00d5ES DA UGDECT<\/a><\/strong><\/p>\n\n\n\n<p>Atendendo a uma m\u00e9dia de 50 refei\u00e7\u00f5es diariamente, a empresa participa ativamente da Trilha do Empreendedor do Programa Jundia\u00ed Empreendedora, recebendo consultoria personalizada para aprimorar seus servi\u00e7os e expandir suas opera\u00e7\u00f5es. Os propriet\u00e1rios, Ivone Regina Jacon Martins e Jo\u00e3o Batista de Oliveira, expressaram entusiasmo com o projeto de melhoria e j\u00e1 buscam orienta\u00e7\u00f5es junto ao Banco do Povo para obter cr\u00e9dito subsidiado. &#8220;Esperamos continuar a servir bem nossos clientes, mostrando que estamos de portas abertas para todos. Com o apoio de voc\u00eas, ficamos ainda mais motivados&#8221;, disse Jo\u00e3o Batista.<\/p>\n\n\n\n<figure class=\"wp-block-image size-large\"><img loading=\"lazy\" decoding=\"async\" width=\"1280\" height=\"960\" src=\"https:\/\/jundiai.sp.gov.br\/noticias\/wp-content\/uploads\/sites\/32\/2024\/04\/whatsapp-image-2024-04-24-at-17-09-42-1280x960.jpeg\" alt=\"\" class=\"wp-image-343594\" srcset=\"https:\/\/jundiai.sp.gov.br\/noticias\/wp-content\/uploads\/sites\/32\/2024\/04\/whatsapp-image-2024-04-24-at-17-09-42-1280x960.jpeg 1280w, https:\/\/jundiai.sp.gov.br\/noticias\/wp-content\/uploads\/sites\/32\/2024\/04\/whatsapp-image-2024-04-24-at-17-09-42-300x225.jpeg 300w, https:\/\/jundiai.sp.gov.br\/noticias\/wp-content\/uploads\/sites\/32\/2024\/04\/whatsapp-image-2024-04-24-at-17-09-42-768x576.jpeg 768w, https:\/\/jundiai.sp.gov.br\/noticias\/wp-content\/uploads\/sites\/32\/2024\/04\/whatsapp-image-2024-04-24-at-17-09-42-1536x1152.jpeg 1536w, https:\/\/jundiai.sp.gov.br\/noticias\/wp-content\/uploads\/sites\/32\/2024\/04\/whatsapp-image-2024-04-24-at-17-09-42.jpeg 1600w\" sizes=\"auto, (max-width: 1280px) 100vw, 1280px\" \/><figcaption class=\"wp-element-caption\">A visita faz parte dos esfor\u00e7os do EJE para fortalecer os la\u00e7os com os empreendedores locais e impulsionar o desenvolvimento econ\u00f4mico da regi\u00e3o<\/figcaption><\/figure>\n\n\n\n<p>Ricardo Brino, chefe de divis\u00e3o de empreendedorismo, enfatizou a disposi\u00e7\u00e3o dos empreendedores em expandir seus neg\u00f3cios e fortalecer suas empresas: &#8220;Eles mostram disposi\u00e7\u00e3o e vontade para crescer, j\u00e1 possuem clientes fidelizados, mas buscam alcan\u00e7ar novos p\u00fablicos para fortalecer ainda mais seus empreendimentos&#8221;.<\/p>\n\n\n\n<p>Wagner Soares, gestor adjunto de empreendedorismo, acrescentou: &#8220;Estamos cumprindo a miss\u00e3o do Programa Jundia\u00ed Empreendedora, estabelecida pelo prefeito Luiz Fernando Machado, de apoiar os pequenos neg\u00f3cios e as fam\u00edlias dos empreendedores locais&#8221;.<\/p>\n\n\n\n<p>Participaram tamb\u00e9m da visita os servidores Ana Ad\u00e9lia, Frank Nisimura, Ana Corsini e o consultor Maur\u00edcio Grande.<\/p>\n\n\n\n<p><strong>Outras a\u00e7\u00f5es<\/strong><br>O Espa\u00e7o Jundia\u00ed Empreendedora oferece uma gama de servi\u00e7os gratuitos para quem deseja abrir ou formalizar um neg\u00f3cio, incluindo:<\/p>\n\n\n\n<p>Orienta\u00e7\u00e3o e consultoria especializada;<br>Capacita\u00e7\u00f5es em gest\u00e3o de neg\u00f3cios;<br>Cursos profissionalizantes;<br>Acesso a microcr\u00e9dito;<br>Entre outros servi\u00e7os.<\/p>\n\n\n\n<p>Sami Mansour, gestor de Desenvolvimento Econ\u00f4mico, Ci\u00eancia e Tecnologia de Jundia\u00ed, destacou que a visita foi uma oportunidade valiosa para ouvir os empreendedores e entender suas necessidades. \u201c\u00c9 muito gratificante ver de perto o sucesso das empresas que foram apoiadas pelo Espa\u00e7o. Essa troca de experi\u00eancias \u00e9 essencial para continuarmos aprimorando nossos servi\u00e7os e oferecendo um suporte ainda mais eficaz aos empreendedores da cidade\u201d, afirmou Mansour.<\/p>\n\n\n\n<p>O espa\u00e7o est\u00e1 localizado no Maxi Shopping Jundia\u00ed (Piso G3 \u2013 Ala Oeste) e funciona de segunda a sexta-feira, das 8h \u00e0s 17h. Mais informa\u00e7\u00f5es podem ser obtidas pelo telefone (11) 4582-8585 ou pelo site <strong><a href=\"https:\/\/negocios.jundiai.sp.gov.br\/\" data-type=\"link\" data-id=\"https:\/\/negocios.jundiai.sp.gov.br\/\">CLIQUE AQUI<\/a><\/strong><\/p>\n\n\n\n<p><strong>Assessoria de Imprensa<br>Fotos: Fot\u00f3grafos PMJ<\/strong><\/p>\n","protected":false},"excerpt":{"rendered":"<p>O Espa\u00e7o Jundia\u00ed Empreendedora realizou uma visita t\u00e9cnica a empresa Bom Sabor Marmitex como parte de seus esfor\u00e7os para fortalecer os la\u00e7os com os empreendedores locais e impulsionar o desenvolvimento econ\u00f4mico da regi\u00e3o. Situada no Jardim Tarum\u00e3, a empresa \u00e9 reconhecida por sua feijoada customizada, que \u00e9 preparada conforme o gosto de cada cliente e [&hellip;]<\/p>\n","protected":false},"author":97,"featured_media":343594,"comment_status":"closed","ping_status":"0","sticky":false,"template":"","format":"standard","meta":{"footnotes":""},"categories":[2],"tags":[365,3431,2736],"ods":[4228,4229],"class_list":["post-343593","post","type-post","status-publish","format-standard","has-post-thumbnail","hentry","category-noticias","tag-desenvolvimento-economico-ciencia-e-tecnologia","tag-espaco-jundiai-empreendedora","tag-jundiai-empreendedora-2","ods-ods-08","ods-ods-09"],"_links":{"self":[{"href":"https:\/\/jundiai.sp.gov.br\/noticias\/wp-json\/wp\/v2\/posts\/343593","targetHints":{"allow":["GET"]}}],"collection":[{"href":"https:\/\/jundiai.sp.gov.br\/noticias\/wp-json\/wp\/v2\/posts"}],"about":[{"href":"https:\/\/jundiai.sp.gov.br\/noticias\/wp-json\/wp\/v2\/types\/post"}],"author":[{"embeddable":true,"href":"https:\/\/jundiai.sp.gov.br\/noticias\/wp-json\/wp\/v2\/users\/97"}],"replies":[{"embeddable":true,"href":"https:\/\/jundiai.sp.gov.br\/noticias\/wp-json\/wp\/v2\/comments?post=343593"}],"version-history":[{"count":6,"href":"https:\/\/jundiai.sp.gov.br\/noticias\/wp-json\/wp\/v2\/posts\/343593\/revisions"}],"predecessor-version":[{"id":343603,"href":"https:\/\/jundiai.sp.gov.br\/noticias\/wp-json\/wp\/v2\/posts\/343593\/revisions\/343603"}],"wp:featuredmedia":[{"embeddable":true,"href":"https:\/\/jundiai.sp.gov.br\/noticias\/wp-json\/wp\/v2\/media\/343594"}],"wp:attachment":[{"href":"https:\/\/jundiai.sp.gov.br\/noticias\/wp-json\/wp\/v2\/media?parent=343593"}],"wp:term":[{"taxonomy":"category","embeddable":true,"href":"https:\/\/jundiai.sp.gov.br\/noticias\/wp-json\/wp\/v2\/categories?post=343593"},{"taxonomy":"post_tag","embeddable":true,"href":"https:\/\/jundiai.sp.gov.br\/noticias\/wp-json\/wp\/v2\/tags?post=343593"},{"taxonomy":"ods","embeddable":true,"href":"https:\/\/jundiai.sp.gov.br\/noticias\/wp-json\/wp\/v2\/ods?post=343593"}],"curies":[{"name":"wp","href":"https:\/\/api.w.org\/{rel}","templated":true}]}}