{"id":344162,"date":"2024-05-03T15:55:04","date_gmt":"2024-05-03T18:55:04","guid":{"rendered":"https:\/\/jundiai.sp.gov.br\/noticias\/?p=344162"},"modified":"2024-05-03T15:55:04","modified_gmt":"2024-05-03T18:55:04","slug":"vovo-bem-vindo-abre-agenda-para-excursoes-de-maio","status":"publish","type":"post","link":"https:\/\/jundiai.sp.gov.br\/noticias\/2024\/05\/03\/vovo-bem-vindo-abre-agenda-para-excursoes-de-maio\/","title":{"rendered":"\u2018Vov\u00f4 Bem-Vindo\u2019 abre agenda para excurs\u00f5es de maio"},"content":{"rendered":"\n<p>A Prefeitura de Jundia\u00ed, por meio da Unidade de Gest\u00e3o de Agroneg\u00f3cio, Abastecimento e Turismo (UGAAT) e da Assessoria de Pol\u00edticas para a Pessoa Idosa da Unidade de Gest\u00e3o da Casa Civil (UGCC), abriu as inscri\u00e7\u00f5es para os grupos de pessoas com 60 anos ou mais, que desejam participar do projeto Vov\u00f4 Bem-Vindo e conhecer espa\u00e7os p\u00fablicos e estabelecimentos tur\u00edsticos da cidade, em maio. A excurs\u00e3o \u00e9 gratuita e <a href=\"https:\/\/turismo.jundiai.sp.gov.br\/projetovovobem-vindo\/\" data-type=\"link\" data-id=\"https:\/\/turismo.jundiai.sp.gov.br\/projetovovobem-vindo\/\" target=\"_blank\" rel=\"noreferrer noopener\">pode ser agendada clicando aqui<\/a>.<\/p>\n\n\n\n<p>No dia 10 de maio, haver\u00e1 uma visita ao Museu Solar do Bar\u00e3o e \u00e0 Adega Fontebasso. No dia 24, o roteiro engloba o Centro das Artes e o S\u00edtio do Portugu\u00eas. Em ambos os dias, os participantes far\u00e3o o embarque \u00e0s 8h, no ponto de \u00f4nibus em frente ao Pa\u00e7o Municipal, na Av. da Liberdade, s\/n. A previs\u00e3o de finaliza\u00e7\u00e3o do passeio \u00e9 ao meio-dia.<\/p>\n\n\n\n<figure class=\"wp-block-image size-large\"><img loading=\"lazy\" decoding=\"async\" width=\"1280\" height=\"854\" src=\"https:\/\/jundiai.sp.gov.br\/noticias\/wp-content\/uploads\/sites\/32\/2024\/05\/projeto_vovo_bem_vindo_pa-87-1280x854.jpg\" alt=\"\" class=\"wp-image-344164\" srcset=\"https:\/\/jundiai.sp.gov.br\/noticias\/wp-content\/uploads\/sites\/32\/2024\/05\/projeto_vovo_bem_vindo_pa-87-1280x854.jpg 1280w, https:\/\/jundiai.sp.gov.br\/noticias\/wp-content\/uploads\/sites\/32\/2024\/05\/projeto_vovo_bem_vindo_pa-87-300x200.jpg 300w, https:\/\/jundiai.sp.gov.br\/noticias\/wp-content\/uploads\/sites\/32\/2024\/05\/projeto_vovo_bem_vindo_pa-87-768x512.jpg 768w, https:\/\/jundiai.sp.gov.br\/noticias\/wp-content\/uploads\/sites\/32\/2024\/05\/projeto_vovo_bem_vindo_pa-87-1536x1024.jpg 1536w, https:\/\/jundiai.sp.gov.br\/noticias\/wp-content\/uploads\/sites\/32\/2024\/05\/projeto_vovo_bem_vindo_pa-87-450x300.jpg 450w, https:\/\/jundiai.sp.gov.br\/noticias\/wp-content\/uploads\/sites\/32\/2024\/05\/projeto_vovo_bem_vindo_pa-87.jpg 1900w\" sizes=\"auto, (max-width: 1280px) 100vw, 1280px\" \/><figcaption class=\"wp-element-caption\">Projeto Vov\u00f4 Bem-Vindo foi iniciado em abril e promove excurs\u00f5es a pontos hist\u00f3ricos da cidade<\/figcaption><\/figure>\n\n\n\n<p>\u201cOferecemos de maneira gratuita a oportunidade de as pessoas idosas conhecerem a cultura e os atrativos p\u00fablicos da cidade. Jundia\u00ed tem muitas op\u00e7\u00f5es de lazer e a cria\u00e7\u00e3o do projeto Vov\u00f4 Bem-Vindo d\u00e1 mais notoriedade \u00e0s belezas da nossa terra, fomenta o com\u00e9rcio e garante momentos de sociabiliza\u00e7\u00e3o e divers\u00e3o para as nossas pessoas\u201d, afirma o Gestor da UGAAT, Eduardo Alvarez.<\/p>\n\n\n\n<p>Al\u00e9m dos participantes, os empreendimentos que desejam fazer parte do projeto e receber os grupos da excurs\u00e3o, podem se inscrever <a href=\"https:\/\/turismo.jundiai.sp.gov.br\/projetovovobem-vindo\/\" data-type=\"link\" data-id=\"https:\/\/turismo.jundiai.sp.gov.br\/projetovovobem-vindo\/\" target=\"_blank\" rel=\"noreferrer noopener\">clicando aqui.<\/a><\/p>\n\n\n\n<p><strong>Assessoria de Imprensa<br>Foto: Fot\u00f3grafo PMJ<\/strong><\/p>\n","protected":false},"excerpt":{"rendered":"<p>A Prefeitura de Jundia\u00ed, por meio da Unidade de Gest\u00e3o de Agroneg\u00f3cio, Abastecimento e Turismo (UGAAT) e da Assessoria de Pol\u00edticas para a Pessoa Idosa da Unidade de Gest\u00e3o da Casa Civil (UGCC), abriu as inscri\u00e7\u00f5es para os grupos de pessoas com 60 anos ou mais, que desejam participar do projeto Vov\u00f4 Bem-Vindo e conhecer [&hellip;]<\/p>\n","protected":false},"author":90,"featured_media":344164,"comment_status":"closed","ping_status":"0","sticky":false,"template":"","format":"standard","meta":{"footnotes":""},"categories":[2],"tags":[1297,988,2339],"ods":[],"class_list":["post-344162","post","type-post","status-publish","format-standard","has-post-thumbnail","hentry","category-noticias","tag-abastecimento-e-turismo-ugaat","tag-assessoria-de-politicas-para-o-idoso","tag-vovo-bem-vindo"],"_links":{"self":[{"href":"https:\/\/jundiai.sp.gov.br\/noticias\/wp-json\/wp\/v2\/posts\/344162","targetHints":{"allow":["GET"]}}],"collection":[{"href":"https:\/\/jundiai.sp.gov.br\/noticias\/wp-json\/wp\/v2\/posts"}],"about":[{"href":"https:\/\/jundiai.sp.gov.br\/noticias\/wp-json\/wp\/v2\/types\/post"}],"author":[{"embeddable":true,"href":"https:\/\/jundiai.sp.gov.br\/noticias\/wp-json\/wp\/v2\/users\/90"}],"replies":[{"embeddable":true,"href":"https:\/\/jundiai.sp.gov.br\/noticias\/wp-json\/wp\/v2\/comments?post=344162"}],"version-history":[{"count":2,"href":"https:\/\/jundiai.sp.gov.br\/noticias\/wp-json\/wp\/v2\/posts\/344162\/revisions"}],"predecessor-version":[{"id":344264,"href":"https:\/\/jundiai.sp.gov.br\/noticias\/wp-json\/wp\/v2\/posts\/344162\/revisions\/344264"}],"wp:featuredmedia":[{"embeddable":true,"href":"https:\/\/jundiai.sp.gov.br\/noticias\/wp-json\/wp\/v2\/media\/344164"}],"wp:attachment":[{"href":"https:\/\/jundiai.sp.gov.br\/noticias\/wp-json\/wp\/v2\/media?parent=344162"}],"wp:term":[{"taxonomy":"category","embeddable":true,"href":"https:\/\/jundiai.sp.gov.br\/noticias\/wp-json\/wp\/v2\/categories?post=344162"},{"taxonomy":"post_tag","embeddable":true,"href":"https:\/\/jundiai.sp.gov.br\/noticias\/wp-json\/wp\/v2\/tags?post=344162"},{"taxonomy":"ods","embeddable":true,"href":"https:\/\/jundiai.sp.gov.br\/noticias\/wp-json\/wp\/v2\/ods?post=344162"}],"curies":[{"name":"wp","href":"https:\/\/api.w.org\/{rel}","templated":true}]}}