{"id":344287,"date":"2024-05-05T08:33:00","date_gmt":"2024-05-05T11:33:00","guid":{"rendered":"https:\/\/jundiai.sp.gov.br\/noticias\/?p=344287"},"modified":"2024-05-03T16:34:03","modified_gmt":"2024-05-03T19:34:03","slug":"peama-abre-inscricoes-para-modalidades-esportivas","status":"publish","type":"post","link":"https:\/\/jundiai.sp.gov.br\/noticias\/2024\/05\/05\/peama-abre-inscricoes-para-modalidades-esportivas\/","title":{"rendered":"PEAMA abre inscri\u00e7\u00f5es para modalidades esportivas"},"content":{"rendered":"\n<p>As inscri\u00e7\u00f5es para participar do sorteio de Programa de Esportes e Atividades Motoras Adaptadas de Jundia\u00ed (PEAMA), j\u00e1 est\u00e3o abertas seguem abertas at\u00e9 13 de maio, \u00e0s 12h. Todas as informa\u00e7\u00f5es para o sorteio est\u00e3o no edital publicado na<a href=\"https:\/\/imprensaoficial.jundiai.sp.gov.br\/edicao-5448\/\"> Imprensa Oficial<\/a> do dia 24 de abril (p\u00e1gina 07).\u00a0\u00a0<\/p>\n\n\n\n<p>As vagas s\u00e3o para pessoas com defici\u00eancia, nascidos at\u00e9 2018, sem limite de idade e moradores de Jundia\u00ed interessados em praticar esportes. O sorteio virtual est\u00e1 programado para o dia 15, \u00e0s 14h, e a publica\u00e7\u00e3o da lista dos contemplados ser\u00e1 na Imprensa Oficial.<\/p>\n\n\n\n<figure class=\"wp-block-gallery has-nested-images columns-default is-cropped wp-block-gallery-1 is-layout-flex wp-block-gallery-is-layout-flex\">\n<figure class=\"wp-block-image size-large\"><img loading=\"lazy\" decoding=\"async\" width=\"1280\" height=\"936\" data-id=\"317029\" src=\"https:\/\/jundiai.sp.gov.br\/noticias\/wp-content\/uploads\/sites\/32\/2023\/05\/20-edicao-do-fera-festival-especial-regional-de-atletismo-no-bolao-equipe-do-peama_fm_-205-1-1280x936-1.jpg\" alt=\"\" class=\"wp-image-317029\" srcset=\"https:\/\/jundiai.sp.gov.br\/noticias\/wp-content\/uploads\/sites\/32\/2023\/05\/20-edicao-do-fera-festival-especial-regional-de-atletismo-no-bolao-equipe-do-peama_fm_-205-1-1280x936-1.jpg 1280w, https:\/\/jundiai.sp.gov.br\/noticias\/wp-content\/uploads\/sites\/32\/2023\/05\/20-edicao-do-fera-festival-especial-regional-de-atletismo-no-bolao-equipe-do-peama_fm_-205-1-1280x936-1-300x219.jpg 300w, https:\/\/jundiai.sp.gov.br\/noticias\/wp-content\/uploads\/sites\/32\/2023\/05\/20-edicao-do-fera-festival-especial-regional-de-atletismo-no-bolao-equipe-do-peama_fm_-205-1-1280x936-1-768x562.jpg 768w\" sizes=\"auto, (max-width: 1280px) 100vw, 1280px\" \/><figcaption class=\"wp-element-caption\">O PEAMA oferece gratuitamente o acesso a modalidades esportivas<\/figcaption><\/figure>\n<\/figure>\n\n\n\n<p>S\u00e3o 60 vagas dispon\u00edveis para entrevista, que \u00e9 realizada ap\u00f3s o sorteio, sendo 10% delas destinadas aos atendidos pelo servi\u00e7o da Resid\u00eancia Inclusiva para jovens e adultos com defici\u00eancia de Jundia\u00ed (UGADS). Nessa entrevista, o aluno conhece as 16 modalidades que o programa oferece e apresenta os documentos que confirmam morar em Jundia\u00ed e o laudo da defici\u00eancia.<\/p>\n\n\n\n<p>Os interessados podem acessar o link entrando na p\u00e1gina www.jundiai.sp.gov.br, nos servi\u00e7os mais acessados, ou direto pelo <a href=\"https:\/\/esporte.jundiai.sp.gov.br\/programas-esportivos\/peama\/inscricoes-peama\/\" data-type=\"page\" data-id=\"2393\">link.<\/a><\/p>\n\n\n\n<p><strong>Assessoria de Imprensa<br>Fotos: Fot\u00f3grafo PMJ<\/strong><\/p>\n","protected":false},"excerpt":{"rendered":"<p>As inscri\u00e7\u00f5es para participar do sorteio de Programa de Esportes e Atividades Motoras Adaptadas de Jundia\u00ed (PEAMA), j\u00e1 est\u00e3o abertas seguem abertas at\u00e9 13 de maio, \u00e0s 12h. Todas as informa\u00e7\u00f5es para o sorteio est\u00e3o no edital publicado na Imprensa Oficial do dia 24 de abril (p\u00e1gina 07).\u00a0\u00a0 As vagas s\u00e3o para pessoas com defici\u00eancia, [&hellip;]<\/p>\n","protected":false},"author":105,"featured_media":344288,"comment_status":"closed","ping_status":"0","sticky":false,"template":"","format":"standard","meta":{"footnotes":""},"categories":[2],"tags":[35,96,981,1045],"ods":[],"class_list":["post-344287","post","type-post","status-publish","format-standard","has-post-thumbnail","hentry","category-noticias","tag-esporte-e-lazer","tag-programa-de-esportes-e-atividades-motoras-adaptadas-peama","tag-promocao-da-saude","tag-time-jundiai"],"_links":{"self":[{"href":"https:\/\/jundiai.sp.gov.br\/noticias\/wp-json\/wp\/v2\/posts\/344287","targetHints":{"allow":["GET"]}}],"collection":[{"href":"https:\/\/jundiai.sp.gov.br\/noticias\/wp-json\/wp\/v2\/posts"}],"about":[{"href":"https:\/\/jundiai.sp.gov.br\/noticias\/wp-json\/wp\/v2\/types\/post"}],"author":[{"embeddable":true,"href":"https:\/\/jundiai.sp.gov.br\/noticias\/wp-json\/wp\/v2\/users\/105"}],"replies":[{"embeddable":true,"href":"https:\/\/jundiai.sp.gov.br\/noticias\/wp-json\/wp\/v2\/comments?post=344287"}],"version-history":[{"count":4,"href":"https:\/\/jundiai.sp.gov.br\/noticias\/wp-json\/wp\/v2\/posts\/344287\/revisions"}],"predecessor-version":[{"id":344297,"href":"https:\/\/jundiai.sp.gov.br\/noticias\/wp-json\/wp\/v2\/posts\/344287\/revisions\/344297"}],"wp:featuredmedia":[{"embeddable":true,"href":"https:\/\/jundiai.sp.gov.br\/noticias\/wp-json\/wp\/v2\/media\/344288"}],"wp:attachment":[{"href":"https:\/\/jundiai.sp.gov.br\/noticias\/wp-json\/wp\/v2\/media?parent=344287"}],"wp:term":[{"taxonomy":"category","embeddable":true,"href":"https:\/\/jundiai.sp.gov.br\/noticias\/wp-json\/wp\/v2\/categories?post=344287"},{"taxonomy":"post_tag","embeddable":true,"href":"https:\/\/jundiai.sp.gov.br\/noticias\/wp-json\/wp\/v2\/tags?post=344287"},{"taxonomy":"ods","embeddable":true,"href":"https:\/\/jundiai.sp.gov.br\/noticias\/wp-json\/wp\/v2\/ods?post=344287"}],"curies":[{"name":"wp","href":"https:\/\/api.w.org\/{rel}","templated":true}]}}