{"id":344349,"date":"2024-05-06T11:22:15","date_gmt":"2024-05-06T14:22:15","guid":{"rendered":"https:\/\/jundiai.sp.gov.br\/noticias\/?p=344349"},"modified":"2024-05-06T11:22:15","modified_gmt":"2024-05-06T14:22:15","slug":"campanha-contra-gripe-continua-nas-ubss","status":"publish","type":"post","link":"https:\/\/jundiai.sp.gov.br\/noticias\/2024\/05\/06\/campanha-contra-gripe-continua-nas-ubss\/","title":{"rendered":"Campanha contra gripe continua nas UBSs"},"content":{"rendered":"\n<p>Jundia\u00ed prossegue com a campanha de vacina\u00e7\u00e3o contra a Influenza (gripe) para a popula\u00e7\u00e3o a partir de seis meses de idade. As doses est\u00e3o dispon\u00edveis, durante a semana, em todas as Unidades B\u00e1sicas de Sa\u00fade (UBSs), Novas UBSs e Cl\u00ednicas da Fam\u00edlia, no hor\u00e1rio de atendimento das salas de vacina\u00e7\u00e3o de cada equipamento.<br><br>\u201c\u00c9 fundamental que as pessoas, principalmente quem integra o grupo priorit\u00e1rio, como as crian\u00e7as, os idosos e as gestantes, busquem pelo imunizante. Estamos em um per\u00edodo em que aumenta a circula\u00e7\u00e3o de v\u00edrus respirat\u00f3rio e a vacina contribui para a reduzir as chances de agravamento da Influenza. Ainda registramos baixa procura\u201d, alerta a coordenadora da Vigil\u00e2ncia Epidemiol\u00f3gica, \u00f3rg\u00e3o da Unidade de Gest\u00e3o de Promo\u00e7\u00e3o da Sa\u00fade (UGPS), enfermeira Maria do Carmo Possidente.<\/p>\n\n\n\n<figure class=\"wp-block-image size-large\"><img loading=\"lazy\" decoding=\"async\" width=\"1280\" height=\"854\" src=\"https:\/\/jundiai.sp.gov.br\/noticias\/wp-content\/uploads\/sites\/32\/2024\/03\/campanha-vacinacao-gripe-ubs-morada-das-vinhas_fm_-23-1280x854.jpg\" alt=\"\" class=\"wp-image-341446\" srcset=\"https:\/\/jundiai.sp.gov.br\/noticias\/wp-content\/uploads\/sites\/32\/2024\/03\/campanha-vacinacao-gripe-ubs-morada-das-vinhas_fm_-23-1280x854.jpg 1280w, https:\/\/jundiai.sp.gov.br\/noticias\/wp-content\/uploads\/sites\/32\/2024\/03\/campanha-vacinacao-gripe-ubs-morada-das-vinhas_fm_-23-300x200.jpg 300w, https:\/\/jundiai.sp.gov.br\/noticias\/wp-content\/uploads\/sites\/32\/2024\/03\/campanha-vacinacao-gripe-ubs-morada-das-vinhas_fm_-23-768x512.jpg 768w, https:\/\/jundiai.sp.gov.br\/noticias\/wp-content\/uploads\/sites\/32\/2024\/03\/campanha-vacinacao-gripe-ubs-morada-das-vinhas_fm_-23-1536x1024.jpg 1536w, https:\/\/jundiai.sp.gov.br\/noticias\/wp-content\/uploads\/sites\/32\/2024\/03\/campanha-vacinacao-gripe-ubs-morada-das-vinhas_fm_-23-450x300.jpg 450w, https:\/\/jundiai.sp.gov.br\/noticias\/wp-content\/uploads\/sites\/32\/2024\/03\/campanha-vacinacao-gripe-ubs-morada-das-vinhas_fm_-23.jpg 1900w\" sizes=\"auto, (max-width: 1280px) 100vw, 1280px\" \/><figcaption class=\"wp-element-caption\">A meta \u00e9 vacinar 90% de cada grupo priorit\u00e1rio<\/figcaption><\/figure>\n\n\n\n<p>Desde o in\u00edcio da campanha, em 25 de mar\u00e7o, apenas 29,78% do p\u00fablico priorit\u00e1rio se vacinou na cidade, representando cerca de 46,8 mil pessoas das 167 mil previstas. Desse total, 28.762 s\u00e3o idosos com mais de 60 anos (o que equivale a 35,69% dos 80.581 estimados nesta faixa et\u00e1ria) e 3.884 s\u00e3o crian\u00e7as de 6 meses a menores de 6 anos (15,08%). A meta \u00e9 atingir 90% de cada grupo.<br><br>Anualmente, a vacina \u00e9 atualizada para que a dose seja efetiva na prote\u00e7\u00e3o contra as cepas dos principais v\u00edrus que circulam no Brasil. A dose contra Influenza pode ser aplicada junto a qualquer vacina do Programa Nacional de Imuniza\u00e7\u00f5es (PNI).<br><br><strong>Documenta\u00e7\u00e3o<\/strong><br>Para receber a vacina, ser\u00e1 necess\u00e1rio apresentar documento com CPF. O registro ser\u00e1 feito no sistema de informa\u00e7\u00e3o, seguindo determina\u00e7\u00e3o do Minist\u00e9rio da Sa\u00fade.<br><br><strong>Assessoria de Imprensa<br>Foto: Fot\u00f3grafos PMJ <\/strong><\/p>\n","protected":false},"excerpt":{"rendered":"<p>Jundia\u00ed prossegue com a campanha de vacina\u00e7\u00e3o contra a Influenza (gripe) para a popula\u00e7\u00e3o a partir de seis meses de idade. As doses est\u00e3o dispon\u00edveis, durante a semana, em todas as Unidades B\u00e1sicas de Sa\u00fade (UBSs), Novas UBSs e Cl\u00ednicas da Fam\u00edlia, no hor\u00e1rio de atendimento das salas de vacina\u00e7\u00e3o de cada equipamento. \u201c\u00c9 fundamental [&hellip;]<\/p>\n","protected":false},"author":50,"featured_media":344352,"comment_status":"closed","ping_status":"0","sticky":false,"template":"","format":"standard","meta":{"footnotes":""},"categories":[2],"tags":[4489,1879,981],"ods":[],"class_list":["post-344349","post","type-post","status-publish","format-standard","has-post-thumbnail","hentry","category-noticias","tag-campanha-contra-gripe","tag-influenza","tag-promocao-da-saude"],"_links":{"self":[{"href":"https:\/\/jundiai.sp.gov.br\/noticias\/wp-json\/wp\/v2\/posts\/344349","targetHints":{"allow":["GET"]}}],"collection":[{"href":"https:\/\/jundiai.sp.gov.br\/noticias\/wp-json\/wp\/v2\/posts"}],"about":[{"href":"https:\/\/jundiai.sp.gov.br\/noticias\/wp-json\/wp\/v2\/types\/post"}],"author":[{"embeddable":true,"href":"https:\/\/jundiai.sp.gov.br\/noticias\/wp-json\/wp\/v2\/users\/50"}],"replies":[{"embeddable":true,"href":"https:\/\/jundiai.sp.gov.br\/noticias\/wp-json\/wp\/v2\/comments?post=344349"}],"version-history":[{"count":1,"href":"https:\/\/jundiai.sp.gov.br\/noticias\/wp-json\/wp\/v2\/posts\/344349\/revisions"}],"predecessor-version":[{"id":344350,"href":"https:\/\/jundiai.sp.gov.br\/noticias\/wp-json\/wp\/v2\/posts\/344349\/revisions\/344350"}],"wp:featuredmedia":[{"embeddable":true,"href":"https:\/\/jundiai.sp.gov.br\/noticias\/wp-json\/wp\/v2\/media\/344352"}],"wp:attachment":[{"href":"https:\/\/jundiai.sp.gov.br\/noticias\/wp-json\/wp\/v2\/media?parent=344349"}],"wp:term":[{"taxonomy":"category","embeddable":true,"href":"https:\/\/jundiai.sp.gov.br\/noticias\/wp-json\/wp\/v2\/categories?post=344349"},{"taxonomy":"post_tag","embeddable":true,"href":"https:\/\/jundiai.sp.gov.br\/noticias\/wp-json\/wp\/v2\/tags?post=344349"},{"taxonomy":"ods","embeddable":true,"href":"https:\/\/jundiai.sp.gov.br\/noticias\/wp-json\/wp\/v2\/ods?post=344349"}],"curies":[{"name":"wp","href":"https:\/\/api.w.org\/{rel}","templated":true}]}}