{"id":344533,"date":"2024-05-08T14:04:56","date_gmt":"2024-05-08T17:04:56","guid":{"rendered":"https:\/\/jundiai.sp.gov.br\/noticias\/?p=344533"},"modified":"2024-05-08T14:05:15","modified_gmt":"2024-05-08T17:05:15","slug":"dae-realiza-interligacao-de-rede-no-jardim-do-lago-neste-sabado-11","status":"publish","type":"post","link":"https:\/\/jundiai.sp.gov.br\/noticias\/2024\/05\/08\/dae-realiza-interligacao-de-rede-no-jardim-do-lago-neste-sabado-11\/","title":{"rendered":"DAE realiza interliga\u00e7\u00e3o de rede no Jardim do Lago, neste s\u00e1bado (11)"},"content":{"rendered":"\n<p>A DAE Jundia\u00ed realiza, neste s\u00e1bado (11), uma interliga\u00e7\u00e3o de rede na avenida Professora Leonita Faber Ladeira, em fun\u00e7\u00e3o das obras do novo reservat\u00f3rio do Jardim do Lago. O trecho em frente ao reservat\u00f3rio ser\u00e1 interditado para o servi\u00e7o, das 6 \u00e0s 19 horas.<\/p>\n\n\n\n<p>Durante este per\u00edodo, o abastecimento ser\u00e1 paralisado nos bairros Cidade Jardim, Jardim Marambaia, Jardim Santa Gertrudes, Vila Progresso, Vila S\u00e3o Paulo, Vila Esperan\u00e7a, Jardim Esplanada, Vila Isabel \u00c9ber e Jardim do Lago.<\/p>\n\n\n\n<p><\/p>\n\n\n\n<figure class=\"wp-block-image size-large\"><a href=\"https:\/\/jundiai.sp.gov.br\/noticias\/wp-content\/uploads\/sites\/32\/2024\/05\/reservatorio_jardim_do_lago-9.jpg\"><img loading=\"lazy\" decoding=\"async\" width=\"1280\" height=\"720\" src=\"https:\/\/jundiai.sp.gov.br\/noticias\/wp-content\/uploads\/sites\/32\/2024\/05\/reservatorio_jardim_do_lago-9-1280x720.jpg\" alt=\"\" class=\"wp-image-344534\" srcset=\"https:\/\/jundiai.sp.gov.br\/noticias\/wp-content\/uploads\/sites\/32\/2024\/05\/reservatorio_jardim_do_lago-9-1280x720.jpg 1280w, https:\/\/jundiai.sp.gov.br\/noticias\/wp-content\/uploads\/sites\/32\/2024\/05\/reservatorio_jardim_do_lago-9-300x169.jpg 300w, https:\/\/jundiai.sp.gov.br\/noticias\/wp-content\/uploads\/sites\/32\/2024\/05\/reservatorio_jardim_do_lago-9-768x432.jpg 768w, https:\/\/jundiai.sp.gov.br\/noticias\/wp-content\/uploads\/sites\/32\/2024\/05\/reservatorio_jardim_do_lago-9-1536x864.jpg 1536w, https:\/\/jundiai.sp.gov.br\/noticias\/wp-content\/uploads\/sites\/32\/2024\/05\/reservatorio_jardim_do_lago-9.jpg 1900w\" sizes=\"auto, (max-width: 1280px) 100vw, 1280px\" \/><\/a><figcaption class=\"wp-element-caption\">O trecho em frente ao reservat\u00f3rio ser\u00e1 interditado para o servi\u00e7o, das 6 \u00e0s 19 horas.<\/figcaption><\/figure>\n\n\n\n<p><\/p>\n\n\n\n<p>A DAE refor\u00e7a que \u00e9 importante toda constru\u00e7\u00e3o manter uma reserva m\u00ednima de 250 litros de \u00e1gua por morador, por dia, para evitar transtornos no abastecimento durante interrup\u00e7\u00f5es no fornecimento.<\/p>\n\n\n\n<p>Em caso de d\u00favidas ou para mais informa\u00e7\u00f5es, a Central de Relacionamento da empresa, pelo telefone 0800 0133 155, est\u00e1 \u00e0 disposi\u00e7\u00e3o. A liga\u00e7\u00e3o \u00e9 gratuita e o atendimento 24 horas.<\/p>\n\n\n\n<p><strong>Assessoria de Comunica\u00e7\u00e3o \u2013 DAE Jundia\u00ed<\/strong><\/p>\n\n\n\n<p><strong>Foto: DAE Jundia\u00ed<\/strong><\/p>\n","protected":false},"excerpt":{"rendered":"<p>A DAE Jundia\u00ed realiza, neste s\u00e1bado (11), uma interliga\u00e7\u00e3o de rede na avenida Professora Leonita Faber Ladeira, em fun\u00e7\u00e3o das obras do novo reservat\u00f3rio do Jardim do Lago. O trecho em frente ao reservat\u00f3rio ser\u00e1 interditado para o servi\u00e7o, das 6 \u00e0s 19 horas. Durante este per\u00edodo, o abastecimento ser\u00e1 paralisado nos bairros Cidade Jardim, [&hellip;]<\/p>\n","protected":false},"author":89,"featured_media":344534,"comment_status":"closed","ping_status":"0","sticky":false,"template":"","format":"standard","meta":{"footnotes":""},"categories":[2],"tags":[1940,1994,3080,3884],"ods":[],"class_list":["post-344533","post","type-post","status-publish","format-standard","has-post-thumbnail","hentry","category-noticias","tag-dae-jundiai","tag-interdicao","tag-jardim-do-lago","tag-reservatorio"],"_links":{"self":[{"href":"https:\/\/jundiai.sp.gov.br\/noticias\/wp-json\/wp\/v2\/posts\/344533","targetHints":{"allow":["GET"]}}],"collection":[{"href":"https:\/\/jundiai.sp.gov.br\/noticias\/wp-json\/wp\/v2\/posts"}],"about":[{"href":"https:\/\/jundiai.sp.gov.br\/noticias\/wp-json\/wp\/v2\/types\/post"}],"author":[{"embeddable":true,"href":"https:\/\/jundiai.sp.gov.br\/noticias\/wp-json\/wp\/v2\/users\/89"}],"replies":[{"embeddable":true,"href":"https:\/\/jundiai.sp.gov.br\/noticias\/wp-json\/wp\/v2\/comments?post=344533"}],"version-history":[{"count":1,"href":"https:\/\/jundiai.sp.gov.br\/noticias\/wp-json\/wp\/v2\/posts\/344533\/revisions"}],"predecessor-version":[{"id":344535,"href":"https:\/\/jundiai.sp.gov.br\/noticias\/wp-json\/wp\/v2\/posts\/344533\/revisions\/344535"}],"wp:featuredmedia":[{"embeddable":true,"href":"https:\/\/jundiai.sp.gov.br\/noticias\/wp-json\/wp\/v2\/media\/344534"}],"wp:attachment":[{"href":"https:\/\/jundiai.sp.gov.br\/noticias\/wp-json\/wp\/v2\/media?parent=344533"}],"wp:term":[{"taxonomy":"category","embeddable":true,"href":"https:\/\/jundiai.sp.gov.br\/noticias\/wp-json\/wp\/v2\/categories?post=344533"},{"taxonomy":"post_tag","embeddable":true,"href":"https:\/\/jundiai.sp.gov.br\/noticias\/wp-json\/wp\/v2\/tags?post=344533"},{"taxonomy":"ods","embeddable":true,"href":"https:\/\/jundiai.sp.gov.br\/noticias\/wp-json\/wp\/v2\/ods?post=344533"}],"curies":[{"name":"wp","href":"https:\/\/api.w.org\/{rel}","templated":true}]}}