{"id":344549,"date":"2024-05-10T08:00:00","date_gmt":"2024-05-10T11:00:00","guid":{"rendered":"https:\/\/jundiai.sp.gov.br\/noticias\/?p=344549"},"modified":"2024-05-10T09:21:49","modified_gmt":"2024-05-10T12:21:49","slug":"fim-de-semana-sera-de-acoes-do-maio-amarelo-em-shopping-e-no-parque-da-cidade","status":"publish","type":"post","link":"https:\/\/jundiai.sp.gov.br\/noticias\/2024\/05\/10\/fim-de-semana-sera-de-acoes-do-maio-amarelo-em-shopping-e-no-parque-da-cidade\/","title":{"rendered":"Fim de semana ser\u00e1 de a\u00e7\u00f5es do Maio Amarelo em shopping e no Parque da Cidade"},"content":{"rendered":"\n<p>Com o tema \u201cPaz no Tr\u00e2nsito Come\u00e7a por Voc\u00ea&#8221;, as atividades do final de semana do Maio Amarelo, realizadas pela Unidade de Gest\u00e3o de Mobilidade e Transporte (UGMT), ser\u00e3o centradas no Jundia\u00ed Shopping no s\u00e1bado (11), das 14h \u00e0s 18h e no domingo (12), Parque da Cidade. Com abordagens educativas e entrega de fitinhas amarelas, a campanha tem como objetivo a conscientiza\u00e7\u00e3o de adultos e crian\u00e7as. <\/p>\n\n\n\n<p>Quem estar\u00e1 presente nesses eventos \u00e9 o agente Vaguinho, que, de forma divertida e interativa, explica para as pessoas a conduta correta no tr\u00e2nsito. <\/p>\n\n\n\n<figure class=\"wp-block-gallery has-nested-images columns-default is-cropped wp-block-gallery-1 is-layout-flex wp-block-gallery-is-layout-flex\">\n<figure class=\"wp-block-image size-large\"><a href=\"https:\/\/jundiai.sp.gov.br\/noticias\/wp-content\/uploads\/sites\/32\/2024\/05\/imagem-do-whatsapp-de-2024-05-08-as-14-56-22_edeeb43a.jpg\"><img loading=\"lazy\" decoding=\"async\" width=\"1280\" height=\"720\" data-id=\"344551\" src=\"https:\/\/jundiai.sp.gov.br\/noticias\/wp-content\/uploads\/sites\/32\/2024\/05\/imagem-do-whatsapp-de-2024-05-08-as-14-56-22_edeeb43a-1280x720.jpg\" alt=\"\" class=\"wp-image-344551\" srcset=\"https:\/\/jundiai.sp.gov.br\/noticias\/wp-content\/uploads\/sites\/32\/2024\/05\/imagem-do-whatsapp-de-2024-05-08-as-14-56-22_edeeb43a-1280x720.jpg 1280w, https:\/\/jundiai.sp.gov.br\/noticias\/wp-content\/uploads\/sites\/32\/2024\/05\/imagem-do-whatsapp-de-2024-05-08-as-14-56-22_edeeb43a-300x169.jpg 300w, https:\/\/jundiai.sp.gov.br\/noticias\/wp-content\/uploads\/sites\/32\/2024\/05\/imagem-do-whatsapp-de-2024-05-08-as-14-56-22_edeeb43a-768x432.jpg 768w, https:\/\/jundiai.sp.gov.br\/noticias\/wp-content\/uploads\/sites\/32\/2024\/05\/imagem-do-whatsapp-de-2024-05-08-as-14-56-22_edeeb43a-1536x864.jpg 1536w, https:\/\/jundiai.sp.gov.br\/noticias\/wp-content\/uploads\/sites\/32\/2024\/05\/imagem-do-whatsapp-de-2024-05-08-as-14-56-22_edeeb43a.jpg 1600w\" sizes=\"auto, (max-width: 1280px) 100vw, 1280px\" \/><\/a><figcaption class=\"wp-element-caption\">O agente Vaguinho tirou fotos&#8230;.<\/figcaption><\/figure>\n\n\n\n<figure class=\"wp-block-image size-large\"><a href=\"https:\/\/jundiai.sp.gov.br\/noticias\/wp-content\/uploads\/sites\/32\/2024\/05\/img-20240508-wa0026.jpg\"><img loading=\"lazy\" decoding=\"async\" width=\"1280\" height=\"720\" data-id=\"344552\" src=\"https:\/\/jundiai.sp.gov.br\/noticias\/wp-content\/uploads\/sites\/32\/2024\/05\/img-20240508-wa0026-1280x720.jpg\" alt=\"\" class=\"wp-image-344552\" srcset=\"https:\/\/jundiai.sp.gov.br\/noticias\/wp-content\/uploads\/sites\/32\/2024\/05\/img-20240508-wa0026-1280x720.jpg 1280w, https:\/\/jundiai.sp.gov.br\/noticias\/wp-content\/uploads\/sites\/32\/2024\/05\/img-20240508-wa0026-300x169.jpg 300w, https:\/\/jundiai.sp.gov.br\/noticias\/wp-content\/uploads\/sites\/32\/2024\/05\/img-20240508-wa0026-768x432.jpg 768w, https:\/\/jundiai.sp.gov.br\/noticias\/wp-content\/uploads\/sites\/32\/2024\/05\/img-20240508-wa0026-1536x864.jpg 1536w, https:\/\/jundiai.sp.gov.br\/noticias\/wp-content\/uploads\/sites\/32\/2024\/05\/img-20240508-wa0026.jpg 1600w\" sizes=\"auto, (max-width: 1280px) 100vw, 1280px\" \/><\/a><figcaption class=\"wp-element-caption\">&#8230;e fez a festa das fam\u00edlias inteiras<\/figcaption><\/figure>\n<\/figure>\n\n\n\n<p>\u201c\u00c9 crucial come\u00e7ar a trabalhar a educa\u00e7\u00e3o para o tr\u00e2nsito desde cedo e como fazemos isso? Indo \u00e0s escolas e em locais de grande circula\u00e7\u00e3o de pessoas, com o objetivo de propagar ao m\u00e1ximo essas informa\u00e7\u00f5es, pois, s\u00f3 assim teremos um tr\u00e2nsito mais seguro e de qualidade&#8221;, explica o Gestor de Mobilidade e Transporte, Aloysio Queiroz.<\/p>\n\n\n<div class=\"wp-block-image\">\n<figure class=\"aligncenter size-large\"><img loading=\"lazy\" decoding=\"async\" width=\"1280\" height=\"720\" src=\"https:\/\/jundiai.sp.gov.br\/noticias\/wp-content\/uploads\/sites\/32\/2024\/05\/img-20240508-wa0024-1280x720.jpg\" alt=\"\" class=\"wp-image-344555\" srcset=\"https:\/\/jundiai.sp.gov.br\/noticias\/wp-content\/uploads\/sites\/32\/2024\/05\/img-20240508-wa0024-1280x720.jpg 1280w, https:\/\/jundiai.sp.gov.br\/noticias\/wp-content\/uploads\/sites\/32\/2024\/05\/img-20240508-wa0024-300x169.jpg 300w, https:\/\/jundiai.sp.gov.br\/noticias\/wp-content\/uploads\/sites\/32\/2024\/05\/img-20240508-wa0024-768x432.jpg 768w, https:\/\/jundiai.sp.gov.br\/noticias\/wp-content\/uploads\/sites\/32\/2024\/05\/img-20240508-wa0024-1536x864.jpg 1536w, https:\/\/jundiai.sp.gov.br\/noticias\/wp-content\/uploads\/sites\/32\/2024\/05\/img-20240508-wa0024.jpg 1600w\" sizes=\"auto, (max-width: 1280px) 100vw, 1280px\" \/><figcaption class=\"wp-element-caption\">O agente Vaguinho recebeu o carinho das pessoas<\/figcaption><\/figure>\n<\/div>\n\n\n<p>No s\u00e1bado (04) e domingo (05) passados, as a\u00e7\u00f5es aconteceram no Maxi Shopping e no Parque da Cidade.<\/p>\n\n\n\n<p><strong>Parque da Cidade<\/strong><br>No domingo (12) ser\u00e1 o Parque da Cidade que receber\u00e1 a comitiva liderada pelo boneco agente, das 9h \u00e0s 13h. Por l\u00e1, al\u00e9m de conhecimento, o Vaguinho interagir\u00e1 com as crian\u00e7as, brincando e orientando sobre seguran\u00e7a no tr\u00e2nsito.<\/p>\n\n\n<div class=\"wp-block-image\">\n<figure class=\"aligncenter size-large\"><img loading=\"lazy\" decoding=\"async\" width=\"1280\" height=\"960\" src=\"https:\/\/jundiai.sp.gov.br\/noticias\/wp-content\/uploads\/sites\/32\/2024\/05\/img-20240507-wa0071-1280x960.jpg\" alt=\"\" class=\"wp-image-344556\" srcset=\"https:\/\/jundiai.sp.gov.br\/noticias\/wp-content\/uploads\/sites\/32\/2024\/05\/img-20240507-wa0071-1280x960.jpg 1280w, https:\/\/jundiai.sp.gov.br\/noticias\/wp-content\/uploads\/sites\/32\/2024\/05\/img-20240507-wa0071-300x225.jpg 300w, https:\/\/jundiai.sp.gov.br\/noticias\/wp-content\/uploads\/sites\/32\/2024\/05\/img-20240507-wa0071-768x576.jpg 768w, https:\/\/jundiai.sp.gov.br\/noticias\/wp-content\/uploads\/sites\/32\/2024\/05\/img-20240507-wa0071-1536x1152.jpg 1536w, https:\/\/jundiai.sp.gov.br\/noticias\/wp-content\/uploads\/sites\/32\/2024\/05\/img-20240507-wa0071.jpg 1600w\" sizes=\"auto, (max-width: 1280px) 100vw, 1280px\" \/><figcaption class=\"wp-element-caption\">O Parque da Cidade tamb\u00e9m ser\u00e1 ponto da a\u00e7\u00e3o do Maio Amarelo<\/figcaption><\/figure>\n<\/div>\n\n\n<p>Ao longo de todo o m\u00eas, as a\u00e7\u00f5es do Maio Amarelo s\u00e3o focadas em atividades educativas em locais  p\u00fablicos e privados, com grande circula\u00e7\u00e3o de pessoas e ve\u00edculos. Al\u00e9m disso, h\u00e1 apresenta\u00e7\u00f5es em organiza\u00e7\u00f5es e institui\u00e7\u00f5es de ensino j\u00e1 agendadas previamente.<\/p>\n\n\n\n<p><strong>Assessoria de Imprensa<br>Fotos: Divulga\u00e7\u00e3o<\/strong><\/p>\n","protected":false},"excerpt":{"rendered":"<p>Com o tema \u201cPaz no Tr\u00e2nsito Come\u00e7a por Voc\u00ea&#8221;, as atividades do final de semana do Maio Amarelo, realizadas pela Unidade de Gest\u00e3o de Mobilidade e Transporte (UGMT), ser\u00e3o centradas no Jundia\u00ed Shopping no s\u00e1bado (11), das 14h \u00e0s 18h e no domingo (12), Parque da Cidade. Com abordagens educativas e entrega de fitinhas amarelas, [&hellip;]<\/p>\n","protected":false},"author":113,"featured_media":344560,"comment_status":"closed","ping_status":"0","sticky":false,"template":"","format":"standard","meta":{"footnotes":""},"categories":[2],"tags":[982],"ods":[],"class_list":["post-344549","post","type-post","status-publish","format-standard","has-post-thumbnail","hentry","category-noticias","tag-mobilidade-e-transporte"],"_links":{"self":[{"href":"https:\/\/jundiai.sp.gov.br\/noticias\/wp-json\/wp\/v2\/posts\/344549","targetHints":{"allow":["GET"]}}],"collection":[{"href":"https:\/\/jundiai.sp.gov.br\/noticias\/wp-json\/wp\/v2\/posts"}],"about":[{"href":"https:\/\/jundiai.sp.gov.br\/noticias\/wp-json\/wp\/v2\/types\/post"}],"author":[{"embeddable":true,"href":"https:\/\/jundiai.sp.gov.br\/noticias\/wp-json\/wp\/v2\/users\/113"}],"replies":[{"embeddable":true,"href":"https:\/\/jundiai.sp.gov.br\/noticias\/wp-json\/wp\/v2\/comments?post=344549"}],"version-history":[{"count":8,"href":"https:\/\/jundiai.sp.gov.br\/noticias\/wp-json\/wp\/v2\/posts\/344549\/revisions"}],"predecessor-version":[{"id":344573,"href":"https:\/\/jundiai.sp.gov.br\/noticias\/wp-json\/wp\/v2\/posts\/344549\/revisions\/344573"}],"wp:featuredmedia":[{"embeddable":true,"href":"https:\/\/jundiai.sp.gov.br\/noticias\/wp-json\/wp\/v2\/media\/344560"}],"wp:attachment":[{"href":"https:\/\/jundiai.sp.gov.br\/noticias\/wp-json\/wp\/v2\/media?parent=344549"}],"wp:term":[{"taxonomy":"category","embeddable":true,"href":"https:\/\/jundiai.sp.gov.br\/noticias\/wp-json\/wp\/v2\/categories?post=344549"},{"taxonomy":"post_tag","embeddable":true,"href":"https:\/\/jundiai.sp.gov.br\/noticias\/wp-json\/wp\/v2\/tags?post=344549"},{"taxonomy":"ods","embeddable":true,"href":"https:\/\/jundiai.sp.gov.br\/noticias\/wp-json\/wp\/v2\/ods?post=344549"}],"curies":[{"name":"wp","href":"https:\/\/api.w.org\/{rel}","templated":true}]}}