{"id":344628,"date":"2024-05-09T11:58:47","date_gmt":"2024-05-09T14:58:47","guid":{"rendered":"https:\/\/jundiai.sp.gov.br\/noticias\/?p=344628"},"modified":"2024-05-09T11:58:47","modified_gmt":"2024-05-09T14:58:47","slug":"saude-reforca-a-necessidade-da-vacina-contra-febre-amarela","status":"publish","type":"post","link":"https:\/\/jundiai.sp.gov.br\/noticias\/2024\/05\/09\/saude-reforca-a-necessidade-da-vacina-contra-febre-amarela\/","title":{"rendered":"Sa\u00fade refor\u00e7a a necessidade da vacina contra Febre Amarela"},"content":{"rendered":"\n<p>A Unidade de Gest\u00e3o de Promo\u00e7\u00e3o da Sa\u00fade (UGPS) refor\u00e7a a necessidade das pessoas que ainda n\u00e3o foram imunizadas contra a Febre Amarela buscarem a vacina. O Estado de S\u00e3o Paulo registrou o primeiro \u00f3bito pela doen\u00e7a em 2024. O caso foi em um morador de \u00c1guas de Lind\u00f3ia, que tamb\u00e9m se deslocou pela regi\u00e3o de Monte Si\u00e3o, em Minas Gerais, e morreu no dia 29 de abril. No Pa\u00eds, nos \u00faltimos seis meses, quatro casos foram registrados, sendo tr\u00eas fatais.<br><br>No Munic\u00edpio, a dose \u00e9 disponibilizada em todas as Unidades B\u00e1sicas de Sa\u00fade (UBSs), Novas UBSs e Cl\u00ednicas da Fam\u00edlia, no hor\u00e1rio de atendimento das salas de vacina\u00e7\u00e3o. O imunizante faz parte do Calend\u00e1rio Nacional de Vacina\u00e7\u00e3o. A indica\u00e7\u00e3o do Minist\u00e9rio da Sa\u00fade \u00e9 de dose \u00fanica para a popula\u00e7\u00e3o a partir de 5 anos. Para as crian\u00e7as de 9 meses at\u00e9 4 anos, s\u00e3o necess\u00e1rias duas doses.<\/p>\n\n\n\n<figure class=\"wp-block-image size-full\"><img loading=\"lazy\" decoding=\"async\" width=\"1280\" height=\"850\" src=\"https:\/\/jundiai.sp.gov.br\/noticias\/wp-content\/uploads\/sites\/32\/2024\/05\/vacinacao-febre-amarela-64-1.jpg\" alt=\"\" class=\"wp-image-344629\" srcset=\"https:\/\/jundiai.sp.gov.br\/noticias\/wp-content\/uploads\/sites\/32\/2024\/05\/vacinacao-febre-amarela-64-1.jpg 1280w, https:\/\/jundiai.sp.gov.br\/noticias\/wp-content\/uploads\/sites\/32\/2024\/05\/vacinacao-febre-amarela-64-1-300x199.jpg 300w, https:\/\/jundiai.sp.gov.br\/noticias\/wp-content\/uploads\/sites\/32\/2024\/05\/vacinacao-febre-amarela-64-1-768x510.jpg 768w, https:\/\/jundiai.sp.gov.br\/noticias\/wp-content\/uploads\/sites\/32\/2024\/05\/vacinacao-febre-amarela-64-1-450x300.jpg 450w\" sizes=\"auto, (max-width: 1280px) 100vw, 1280px\" \/><figcaption class=\"wp-element-caption\">A Febre Amarela n\u00e3o \u00e9 transmitida pelos macacos. A vacina\u00e7\u00e3o \u00e9 fundamental para a preven\u00e7\u00e3o <\/figcaption><\/figure>\n\n\n\n<p>\u201c\u00c9 importante que a popula\u00e7\u00e3o receba a vacina, principalmente se cogita viajar para \u00e1reas com mata. A aplica\u00e7\u00e3o tem que ocorrer, pelo menos, 10 dias antes, pois esse \u00e9 o per\u00edodo para o corpo criar anticorpos\u201d, informa a coordenadora da Vigil\u00e2ncia Epidemiol\u00f3gica, Maria do Carmo Possidente.<br><br>At\u00e9 o \u00faltimo dia 22 de abril, em todo o territ\u00f3rio estadual, a cobertura vacinal contra Febre Amarela \u00e9 de 68,47% para crian\u00e7as menores de um ano. Em Jundia\u00ed, na popula\u00e7\u00e3o menor de um ano, em 2023, a cobertura ficou em 69,57% . Neste ano, est\u00e1 em 73,42%.<br><br>Em 2017 e 2018, a cidade enfrentou a circula\u00e7\u00e3o intensa do v\u00edrus de Febre Amarela silvestre, com a ocorr\u00eancia de intensa epizootia (morte de macacos) e registros de apenas dois casos positivos da doen\u00e7a em humanos. \u201cA conten\u00e7\u00e3o s\u00f3 foi poss\u00edvel a partir da vacina\u00e7\u00e3o\u201d, lembra Maria do Carmo. Estimativa realizada pelo Estado apontou que, no per\u00edodo, 95% da popula\u00e7\u00e3o habilitada foi vacinada, ultrapassando a meta estabelecida.<br><br>A Febre Amarela n\u00e3o \u00e9 transmitida pelos macacos. Trata-se de uma doen\u00e7a infecciosa febril aguda, causada por um v\u00edrus transmitido por mosquitos vetores (no meio urbano, a transmiss\u00e3o se d\u00e1 atrav\u00e9s do mosquito Aedes aegypti &#8211; o mesmo da dengue). O v\u00edrus \u00e9 transmitido pela picada dos mosquitos transmissores infectados e n\u00e3o h\u00e1 transmiss\u00e3o direta de pessoa a pessoa. O \u00edndice de letalidade \u00e9 alto.<br><br><strong>Assessoria de Imprensa<br>Foto: Fot\u00f3grafos PMJ <\/strong><\/p>\n","protected":false},"excerpt":{"rendered":"<p>A Unidade de Gest\u00e3o de Promo\u00e7\u00e3o da Sa\u00fade (UGPS) refor\u00e7a a necessidade das pessoas que ainda n\u00e3o foram imunizadas contra a Febre Amarela buscarem a vacina. O Estado de S\u00e3o Paulo registrou o primeiro \u00f3bito pela doen\u00e7a em 2024. O caso foi em um morador de \u00c1guas de Lind\u00f3ia, que tamb\u00e9m se deslocou pela regi\u00e3o [&hellip;]<\/p>\n","protected":false},"author":50,"featured_media":344629,"comment_status":"closed","ping_status":"0","sticky":false,"template":"","format":"standard","meta":{"footnotes":""},"categories":[2],"tags":[957,981],"ods":[],"class_list":["post-344628","post","type-post","status-publish","format-standard","has-post-thumbnail","hentry","category-noticias","tag-febre-amarela","tag-promocao-da-saude"],"_links":{"self":[{"href":"https:\/\/jundiai.sp.gov.br\/noticias\/wp-json\/wp\/v2\/posts\/344628","targetHints":{"allow":["GET"]}}],"collection":[{"href":"https:\/\/jundiai.sp.gov.br\/noticias\/wp-json\/wp\/v2\/posts"}],"about":[{"href":"https:\/\/jundiai.sp.gov.br\/noticias\/wp-json\/wp\/v2\/types\/post"}],"author":[{"embeddable":true,"href":"https:\/\/jundiai.sp.gov.br\/noticias\/wp-json\/wp\/v2\/users\/50"}],"replies":[{"embeddable":true,"href":"https:\/\/jundiai.sp.gov.br\/noticias\/wp-json\/wp\/v2\/comments?post=344628"}],"version-history":[{"count":3,"href":"https:\/\/jundiai.sp.gov.br\/noticias\/wp-json\/wp\/v2\/posts\/344628\/revisions"}],"predecessor-version":[{"id":344633,"href":"https:\/\/jundiai.sp.gov.br\/noticias\/wp-json\/wp\/v2\/posts\/344628\/revisions\/344633"}],"wp:featuredmedia":[{"embeddable":true,"href":"https:\/\/jundiai.sp.gov.br\/noticias\/wp-json\/wp\/v2\/media\/344629"}],"wp:attachment":[{"href":"https:\/\/jundiai.sp.gov.br\/noticias\/wp-json\/wp\/v2\/media?parent=344628"}],"wp:term":[{"taxonomy":"category","embeddable":true,"href":"https:\/\/jundiai.sp.gov.br\/noticias\/wp-json\/wp\/v2\/categories?post=344628"},{"taxonomy":"post_tag","embeddable":true,"href":"https:\/\/jundiai.sp.gov.br\/noticias\/wp-json\/wp\/v2\/tags?post=344628"},{"taxonomy":"ods","embeddable":true,"href":"https:\/\/jundiai.sp.gov.br\/noticias\/wp-json\/wp\/v2\/ods?post=344628"}],"curies":[{"name":"wp","href":"https:\/\/api.w.org\/{rel}","templated":true}]}}