{"id":344643,"date":"2024-05-09T15:21:09","date_gmt":"2024-05-09T18:21:09","guid":{"rendered":"https:\/\/jundiai.sp.gov.br\/noticias\/?p=344643"},"modified":"2024-05-09T15:21:09","modified_gmt":"2024-05-09T18:21:09","slug":"nota-oficial-jundiai-confirma-mais-uma-morte-por-dengue","status":"publish","type":"post","link":"https:\/\/jundiai.sp.gov.br\/noticias\/2024\/05\/09\/nota-oficial-jundiai-confirma-mais-uma-morte-por-dengue\/","title":{"rendered":"Nota Oficial &#8211; Jundia\u00ed confirma mais uma morte por dengue"},"content":{"rendered":"\n<p>A Prefeitura de Jundia\u00ed informa que foi confirmada, nesta quinta-feira (9), mais uma morte por dengue no Munic\u00edpio em 2024, elevando o total de \u00f3bitos na cidade para seis.<\/p>\n\n\n\n<p>Trata-se de uma mulher de 87 anos, com comorbidades, residente no Parque Bras\u00edlia. O \u00f3bito foi registrado no dia 7 de abril em S\u00e3o Paulo.<\/p>\n\n\n\n<p>A cidade aguarda, neste momento, resultado de tr\u00eas mortes suspeitas, sendo:<br>&#8211; Homem de 60 anos, com comorbidades. \u00d3bito no dia 14 de abril.<br>&#8211; Homem de 75 anos, com comorbidades. \u00d3bito no dia 25 de abril.<br>&#8211; Mulher de 51 anos, com comorbidades. \u00d3bito no dia 5 de maio.<br><br>Uma morte suspeita foi descartada (homem, 50 anos, com comorbidades) e um \u00f3bito suspeito foi retirado da contabiliza\u00e7\u00e3o de Jundia\u00ed, ap\u00f3s investiga\u00e7\u00e3o confirmar que se tratava de v\u00edtima residente em outra localidade (mulher de 49 anos, sem informa\u00e7\u00f5es de comorbidades).<\/p>\n\n\n\n<p>Mantendo o princ\u00edpio da transpar\u00eancia, assim que novos laudos forem emitidos, havendo a confirma\u00e7\u00e3o de \u00f3bito por dengue, a Prefeitura far\u00e1 a publica\u00e7\u00e3o em seus canais oficiais.<\/p>\n\n\n\n<p>Jundia\u00ed segue em situa\u00e7\u00e3o de emerg\u00eancia, com novas estrat\u00e9gias de enfrentamento da doen\u00e7a articuladas pelo Comit\u00ea Intersetorial de Preven\u00e7\u00e3o e Combate \u00e0 Dengue. A partir da Sala de Situa\u00e7\u00e3o da Sa\u00fade \u2014 montada em dezembro \u2014 diariamente o cen\u00e1rio \u00e9 monitorado para a ado\u00e7\u00e3o de medidas antecipadas.<\/p>\n\n\n\n<p>\u00daltimo <a href=\"https:\/\/jundiai.sp.gov.br\/boletimarboviroses\/\">Boletim de Arboviroses<\/a> aponta que Jundia\u00ed registra 11.825 casos de dengue, com cinco \u00f3bitos. Do total de ocorr\u00eancias, 10.030 s\u00e3o aut\u00f3ctones, 165 importadas e 1.630 est\u00e3o em investiga\u00e7\u00e3o para determina\u00e7\u00e3o de local de transmiss\u00e3o. A cidade tem um caso confirmado de chikungunya, doen\u00e7a tamb\u00e9m transmitida pelo mosquito Aedes aegypti.<\/p>\n\n\n\n<p>A Prefeitura refor\u00e7a o alerta para a popula\u00e7\u00e3o contribuir na elimina\u00e7\u00e3o de espa\u00e7os com ac\u00famulo de \u00e1gua que possam servir de criadouros para o mosquito e efetuar corretamente o descarte de lixo.<\/p>\n\n\n\n<p><strong>Assessoria de Imprensa<br>Foto: Fot\u00f3grafos PMJ <\/strong><\/p>\n","protected":false},"excerpt":{"rendered":"<p>A Prefeitura de Jundia\u00ed informa que foi confirmada, nesta quinta-feira (9), mais uma morte por dengue no Munic\u00edpio em 2024, elevando o total de \u00f3bitos na cidade para seis. Trata-se de uma mulher de 87 anos, com comorbidades, residente no Parque Bras\u00edlia. O \u00f3bito foi registrado no dia 7 de abril em S\u00e3o Paulo. A [&hellip;]<\/p>\n","protected":false},"author":50,"featured_media":245984,"comment_status":"closed","ping_status":"0","sticky":false,"template":"","format":"standard","meta":{"footnotes":""},"categories":[2],"tags":[4484,24,1057,981],"ods":[],"class_list":["post-344643","post","type-post","status-publish","format-standard","has-post-thumbnail","hentry","category-noticias","tag-boletim-arboviroses","tag-dengue","tag-nota-oficial","tag-promocao-da-saude"],"_links":{"self":[{"href":"https:\/\/jundiai.sp.gov.br\/noticias\/wp-json\/wp\/v2\/posts\/344643","targetHints":{"allow":["GET"]}}],"collection":[{"href":"https:\/\/jundiai.sp.gov.br\/noticias\/wp-json\/wp\/v2\/posts"}],"about":[{"href":"https:\/\/jundiai.sp.gov.br\/noticias\/wp-json\/wp\/v2\/types\/post"}],"author":[{"embeddable":true,"href":"https:\/\/jundiai.sp.gov.br\/noticias\/wp-json\/wp\/v2\/users\/50"}],"replies":[{"embeddable":true,"href":"https:\/\/jundiai.sp.gov.br\/noticias\/wp-json\/wp\/v2\/comments?post=344643"}],"version-history":[{"count":4,"href":"https:\/\/jundiai.sp.gov.br\/noticias\/wp-json\/wp\/v2\/posts\/344643\/revisions"}],"predecessor-version":[{"id":344679,"href":"https:\/\/jundiai.sp.gov.br\/noticias\/wp-json\/wp\/v2\/posts\/344643\/revisions\/344679"}],"wp:featuredmedia":[{"embeddable":true,"href":"https:\/\/jundiai.sp.gov.br\/noticias\/wp-json\/wp\/v2\/media\/245984"}],"wp:attachment":[{"href":"https:\/\/jundiai.sp.gov.br\/noticias\/wp-json\/wp\/v2\/media?parent=344643"}],"wp:term":[{"taxonomy":"category","embeddable":true,"href":"https:\/\/jundiai.sp.gov.br\/noticias\/wp-json\/wp\/v2\/categories?post=344643"},{"taxonomy":"post_tag","embeddable":true,"href":"https:\/\/jundiai.sp.gov.br\/noticias\/wp-json\/wp\/v2\/tags?post=344643"},{"taxonomy":"ods","embeddable":true,"href":"https:\/\/jundiai.sp.gov.br\/noticias\/wp-json\/wp\/v2\/ods?post=344643"}],"curies":[{"name":"wp","href":"https:\/\/api.w.org\/{rel}","templated":true}]}}