{"id":344709,"date":"2024-05-12T08:00:00","date_gmt":"2024-05-12T11:00:00","guid":{"rendered":"https:\/\/jundiai.sp.gov.br\/noticias\/?p=344709"},"modified":"2024-05-10T14:06:57","modified_gmt":"2024-05-10T17:06:57","slug":"requalificacao-viaria-no-entorno-das-marginais-da-joao-cereser-esta-avancada","status":"publish","type":"post","link":"https:\/\/jundiai.sp.gov.br\/noticias\/2024\/05\/12\/requalificacao-viaria-no-entorno-das-marginais-da-joao-cereser-esta-avancada\/","title":{"rendered":"Requalifica\u00e7\u00e3o vi\u00e1ria no entorno das marginais da Jo\u00e3o Cereser est\u00e1 avan\u00e7ada"},"content":{"rendered":"\n<p>A Prefeitura de Jundia\u00ed, em parceria com o Governo do Estado, avan\u00e7ou com a requalifica\u00e7\u00e3o vi\u00e1ria no entorno das marginais da rodovia Jo\u00e3o Cereser, nos bairros do Engordadouro, Vila Hortol\u00e2ndia e Jardim Shangai. O investimento para realiza\u00e7\u00e3o das melhorias \u00e9 de R$ 30 milh\u00f5es, sendo R$ 23 milh\u00f5es fruto do conv\u00eanio com a ag\u00eancia de fomento Desenvolve SP, e R$ 7 milh\u00f5es de recursos pr\u00f3prios da Unidade de Gest\u00e3o de Infraestrutura e Servi\u00e7os P\u00fablicos (UGISP). A obra est\u00e1 com 65% da execu\u00e7\u00e3o completa.<\/p>\n\n\n\n<p>A avenida Ol\u00edvio Roncoletta \u00e9 a parte mais avan\u00e7ada da restrutura\u00e7\u00e3o. A via foi completamente recapeada, recebeu duplica\u00e7\u00e3o de trecho e ciclovia. O local ainda receber\u00e1 novo paisagismo. A obra foi aprovada por moradores, como, por exemplo, o Paulo Cesar Palhares. \u201cMelhorou muito a mobilidade e os novos acessos permitem que a gente chegue e saia de casa mais r\u00e1pido. Al\u00e9m disso, valoriza toda a nossa regi\u00e3o. Estamos todos muito contentes\u201d, afirma.<\/p>\n\n\n\n<figure class=\"wp-block-image size-large\"><img loading=\"lazy\" decoding=\"async\" width=\"1280\" height=\"854\" src=\"https:\/\/jundiai.sp.gov.br\/noticias\/wp-content\/uploads\/sites\/32\/2024\/05\/obras-na-avenida-olivio-roncoletta_fm_-6-1280x854.jpg\" alt=\"\" class=\"wp-image-344731\" srcset=\"https:\/\/jundiai.sp.gov.br\/noticias\/wp-content\/uploads\/sites\/32\/2024\/05\/obras-na-avenida-olivio-roncoletta_fm_-6-1280x854.jpg 1280w, https:\/\/jundiai.sp.gov.br\/noticias\/wp-content\/uploads\/sites\/32\/2024\/05\/obras-na-avenida-olivio-roncoletta_fm_-6-300x200.jpg 300w, https:\/\/jundiai.sp.gov.br\/noticias\/wp-content\/uploads\/sites\/32\/2024\/05\/obras-na-avenida-olivio-roncoletta_fm_-6-768x512.jpg 768w, https:\/\/jundiai.sp.gov.br\/noticias\/wp-content\/uploads\/sites\/32\/2024\/05\/obras-na-avenida-olivio-roncoletta_fm_-6-1536x1024.jpg 1536w, https:\/\/jundiai.sp.gov.br\/noticias\/wp-content\/uploads\/sites\/32\/2024\/05\/obras-na-avenida-olivio-roncoletta_fm_-6-450x300.jpg 450w, https:\/\/jundiai.sp.gov.br\/noticias\/wp-content\/uploads\/sites\/32\/2024\/05\/obras-na-avenida-olivio-roncoletta_fm_-6.jpg 1900w\" sizes=\"auto, (max-width: 1280px) 100vw, 1280px\" \/><figcaption class=\"wp-element-caption\">Avenida Ol\u00edvio Roncoletta est\u00e1 avan\u00e7ada e j\u00e1 faz diferen\u00e7a na vida de moradores e motoristas<\/figcaption><\/figure>\n\n\n\n<p>\u201cCom planejamento e pensando no m\u00e9dio e longo prazo, estamos realizando obras de melhorias na mobilidade urbana em toda a cidade. As requalifica\u00e7\u00f5es j\u00e1 trazem reflexos positivos, uma vez que atacam os principais gargalos da cidade, reduzem o tempo de deslocamento dos motoristas e trazem mais conforto e seguran\u00e7a vi\u00e1ria para todos\u201d, avalia o Prefeito Luiz Fernando Machado.<\/p>\n\n\n\n<p>Do outro lado da rodovia, est\u00e1 em andamento o prolongamento da avenida Paulo Benassi, por tr\u00e1s do ECAJ (Ceasa). Ela ligar\u00e1 a marginal da rodovia Jo\u00e3o Cereser com a Antonio Frederico Ozanan \u2013 na regi\u00e3o do bairro do Engordadouro, criando mais um acesso ao bairro. O local tamb\u00e9m contar\u00e1 com ciclovia, cal\u00e7adas e novo paisagismo.<\/p>\n\n\n\n<figure class=\"wp-block-gallery has-nested-images columns-default is-cropped wp-block-gallery-1 is-layout-flex wp-block-gallery-is-layout-flex\">\n<figure class=\"wp-block-image size-large\"><img loading=\"lazy\" decoding=\"async\" width=\"1280\" height=\"854\" data-id=\"344733\" src=\"https:\/\/jundiai.sp.gov.br\/noticias\/wp-content\/uploads\/sites\/32\/2024\/05\/obras-na-avenida-paulo-benassi_fm_-1-1280x854.jpg\" alt=\"\" class=\"wp-image-344733\" srcset=\"https:\/\/jundiai.sp.gov.br\/noticias\/wp-content\/uploads\/sites\/32\/2024\/05\/obras-na-avenida-paulo-benassi_fm_-1-1280x854.jpg 1280w, https:\/\/jundiai.sp.gov.br\/noticias\/wp-content\/uploads\/sites\/32\/2024\/05\/obras-na-avenida-paulo-benassi_fm_-1-300x200.jpg 300w, https:\/\/jundiai.sp.gov.br\/noticias\/wp-content\/uploads\/sites\/32\/2024\/05\/obras-na-avenida-paulo-benassi_fm_-1-768x512.jpg 768w, https:\/\/jundiai.sp.gov.br\/noticias\/wp-content\/uploads\/sites\/32\/2024\/05\/obras-na-avenida-paulo-benassi_fm_-1-1536x1024.jpg 1536w, https:\/\/jundiai.sp.gov.br\/noticias\/wp-content\/uploads\/sites\/32\/2024\/05\/obras-na-avenida-paulo-benassi_fm_-1-450x300.jpg 450w, https:\/\/jundiai.sp.gov.br\/noticias\/wp-content\/uploads\/sites\/32\/2024\/05\/obras-na-avenida-paulo-benassi_fm_-1.jpg 1900w\" sizes=\"auto, (max-width: 1280px) 100vw, 1280px\" \/><figcaption class=\"wp-element-caption\">Avenida Paulo Benassi est\u00e1 em obras<\/figcaption><\/figure>\n\n\n\n<figure class=\"wp-block-image size-large\"><img loading=\"lazy\" decoding=\"async\" width=\"1280\" height=\"854\" data-id=\"344732\" src=\"https:\/\/jundiai.sp.gov.br\/noticias\/wp-content\/uploads\/sites\/32\/2024\/05\/obras-na-avenida-paulo-benassi_fm_-42-1280x854.jpg\" alt=\"\" class=\"wp-image-344732\" srcset=\"https:\/\/jundiai.sp.gov.br\/noticias\/wp-content\/uploads\/sites\/32\/2024\/05\/obras-na-avenida-paulo-benassi_fm_-42-1280x854.jpg 1280w, https:\/\/jundiai.sp.gov.br\/noticias\/wp-content\/uploads\/sites\/32\/2024\/05\/obras-na-avenida-paulo-benassi_fm_-42-300x200.jpg 300w, https:\/\/jundiai.sp.gov.br\/noticias\/wp-content\/uploads\/sites\/32\/2024\/05\/obras-na-avenida-paulo-benassi_fm_-42-768x512.jpg 768w, https:\/\/jundiai.sp.gov.br\/noticias\/wp-content\/uploads\/sites\/32\/2024\/05\/obras-na-avenida-paulo-benassi_fm_-42-1536x1024.jpg 1536w, https:\/\/jundiai.sp.gov.br\/noticias\/wp-content\/uploads\/sites\/32\/2024\/05\/obras-na-avenida-paulo-benassi_fm_-42-450x300.jpg 450w, https:\/\/jundiai.sp.gov.br\/noticias\/wp-content\/uploads\/sites\/32\/2024\/05\/obras-na-avenida-paulo-benassi_fm_-42.jpg 1900w\" sizes=\"auto, (max-width: 1280px) 100vw, 1280px\" \/><figcaption class=\"wp-element-caption\">Prolongamento da via far\u00e1 liga\u00e7\u00e3o com o Engordadouro<\/figcaption><\/figure>\n<\/figure>\n\n\n\n<p><strong>Mais conv\u00eanios<\/strong><br>A parceria para a realiza\u00e7\u00e3o de obras de mobilidade n\u00e3o \u00e9 novidade. A detalhes de ser finalizado, o Complexo Vi\u00e1rio da Regi\u00e3o Sul tamb\u00e9m \u00e9 fruto de uma parceria entre a Prefeitura e o Governo do Estado. O investimento \u00e9 de R$ 30 milh\u00f5es (R$ 23 milh\u00f5es do Estado e R$ 7 milh\u00f5es de recurso pr\u00f3prio). O dispositivo conta com viaduto e al\u00e7as de acesso que ligam a avenida Samuel Martins e a avenida 14 de Dezembro, com passagem por cima da rodovia Presidente Tancredo Neves (Estada Velha de SP).<\/p>\n\n\n\n<p>Outro conv\u00eanio em andamento \u00e9 para o prolongamento da avenida Antonio Frederico Ozanan \u2013 maior obra de mobilidade da hist\u00f3ria. A requalifica\u00e7\u00e3o inclui prolongamento de 2,5 km, duas pontes pr\u00f3ximas ao C\u00f3rrego das Valqu\u00edrias, para interliga\u00e7\u00e3o da Antonio Frederico Ozanan com a avenida Jacyro Martinasso; uma ponte estaiada, que ligar\u00e1 a Ozanan com a avenida Luiz Latorre, na altura da rua Dr. Benedito de Godoi Ferraz; e uma ponte para interliga\u00e7\u00e3o da Luiz Latorre com a Ozanan, pr\u00f3ximo \u00e0 UNIP, al\u00e9m da duplica\u00e7\u00e3o do t\u00fanel existente no local.<\/p>\n\n\n\n<p>\u201cS\u00e3o projetos modernos, que preparam Jundia\u00ed para o enfrentamento dos principais desafios de mobilidade urbana. Elas ir\u00e3o reduzir o fluxo de ve\u00edculos em diversas regi\u00f5es da cidade, garantindo mais fluidez e conforto a todos\u201d, finaliza o Gestor da UGISP, Adilson Rosa.<\/p>\n\n\n\n<p><strong>Assessoria de Imprensa<br>Fotos: Fot\u00f3grafo PMJ<\/strong><\/p>\n","protected":false},"excerpt":{"rendered":"<p>A Prefeitura de Jundia\u00ed, em parceria com o Governo do Estado, avan\u00e7ou com a requalifica\u00e7\u00e3o vi\u00e1ria no entorno das marginais da rodovia Jo\u00e3o Cereser, nos bairros do Engordadouro, Vila Hortol\u00e2ndia e Jardim Shangai. O investimento para realiza\u00e7\u00e3o das melhorias \u00e9 de R$ 30 milh\u00f5es, sendo R$ 23 milh\u00f5es fruto do conv\u00eanio com a ag\u00eancia de [&hellip;]<\/p>\n","protected":false},"author":90,"featured_media":344731,"comment_status":"closed","ping_status":"0","sticky":false,"template":"","format":"standard","meta":{"footnotes":""},"categories":[2],"tags":[3835,4548,3836,3343,2554,1870,1393,3937],"ods":[],"class_list":["post-344709","post","type-post","status-publish","format-standard","has-post-thumbnail","hentry","category-noticias","tag-avenida-antonio-frederico-ozanan","tag-avenida-olivio-roncoletta-2","tag-avenida-paulo-benassi","tag-engordadouro","tag-jardim-shangai","tag-mobilidade","tag-unidade-de-gestao-de-infraestrutura-e-servicos-publicos-ugisp","tag-vila-hortolandia"],"_links":{"self":[{"href":"https:\/\/jundiai.sp.gov.br\/noticias\/wp-json\/wp\/v2\/posts\/344709","targetHints":{"allow":["GET"]}}],"collection":[{"href":"https:\/\/jundiai.sp.gov.br\/noticias\/wp-json\/wp\/v2\/posts"}],"about":[{"href":"https:\/\/jundiai.sp.gov.br\/noticias\/wp-json\/wp\/v2\/types\/post"}],"author":[{"embeddable":true,"href":"https:\/\/jundiai.sp.gov.br\/noticias\/wp-json\/wp\/v2\/users\/90"}],"replies":[{"embeddable":true,"href":"https:\/\/jundiai.sp.gov.br\/noticias\/wp-json\/wp\/v2\/comments?post=344709"}],"version-history":[{"count":4,"href":"https:\/\/jundiai.sp.gov.br\/noticias\/wp-json\/wp\/v2\/posts\/344709\/revisions"}],"predecessor-version":[{"id":344735,"href":"https:\/\/jundiai.sp.gov.br\/noticias\/wp-json\/wp\/v2\/posts\/344709\/revisions\/344735"}],"wp:featuredmedia":[{"embeddable":true,"href":"https:\/\/jundiai.sp.gov.br\/noticias\/wp-json\/wp\/v2\/media\/344731"}],"wp:attachment":[{"href":"https:\/\/jundiai.sp.gov.br\/noticias\/wp-json\/wp\/v2\/media?parent=344709"}],"wp:term":[{"taxonomy":"category","embeddable":true,"href":"https:\/\/jundiai.sp.gov.br\/noticias\/wp-json\/wp\/v2\/categories?post=344709"},{"taxonomy":"post_tag","embeddable":true,"href":"https:\/\/jundiai.sp.gov.br\/noticias\/wp-json\/wp\/v2\/tags?post=344709"},{"taxonomy":"ods","embeddable":true,"href":"https:\/\/jundiai.sp.gov.br\/noticias\/wp-json\/wp\/v2\/ods?post=344709"}],"curies":[{"name":"wp","href":"https:\/\/api.w.org\/{rel}","templated":true}]}}