{"id":344885,"date":"2024-05-13T09:57:50","date_gmt":"2024-05-13T12:57:50","guid":{"rendered":"https:\/\/jundiai.sp.gov.br\/noticias\/?p=344885"},"modified":"2024-05-13T09:57:50","modified_gmt":"2024-05-13T12:57:50","slug":"contra-a-dengue-caminhoes-recolhem-inserviveis-no-jardim-santa-gertrudes","status":"publish","type":"post","link":"https:\/\/jundiai.sp.gov.br\/noticias\/2024\/05\/13\/contra-a-dengue-caminhoes-recolhem-inserviveis-no-jardim-santa-gertrudes\/","title":{"rendered":"Contra a dengue, caminh\u00f5es recolhem inserv\u00edveis no Jardim Santa Gertrudes"},"content":{"rendered":"\n<p>A Prefeitura realiza na pr\u00f3xima quarta-feira (15) a\u00e7\u00e3o extra para recolhimento de inserv\u00edveis no Jardim Santa Gertrudes. Os caminh\u00f5es passar\u00e3o pelas ruas a partir das 9h. A orienta\u00e7\u00e3o \u00e9 que a popula\u00e7\u00e3o deixe os materiais descartados nas cal\u00e7adas para poderem ser recolhidos.<br><br>A regi\u00e3o est\u00e1 com transmiss\u00e3o de dengue, acumulando 562 casos dos 12.851 registrados no Munic\u00edpio, neste ano. Al\u00e9m de a\u00e7\u00e3o casa a casa para a busca de criadouros realizada pelas equipes da Vigil\u00e2ncia em Sa\u00fade Ambiental (VISAM) e pelos Agentes Comunit\u00e1rios de Sa\u00fade (ACSs), o bairro recebeu, tr\u00eas dias consecutivos, nebuliza\u00e7\u00e3o veicular.<\/p>\n\n\n\n<figure class=\"wp-block-image size-large\"><img loading=\"lazy\" decoding=\"async\" width=\"1280\" height=\"854\" src=\"https:\/\/jundiai.sp.gov.br\/noticias\/wp-content\/uploads\/sites\/32\/2024\/05\/catatreco-_dengue-_ivuturucaia-12-1280x854.jpg\" alt=\"\" class=\"wp-image-344886\" srcset=\"https:\/\/jundiai.sp.gov.br\/noticias\/wp-content\/uploads\/sites\/32\/2024\/05\/catatreco-_dengue-_ivuturucaia-12-1280x854.jpg 1280w, https:\/\/jundiai.sp.gov.br\/noticias\/wp-content\/uploads\/sites\/32\/2024\/05\/catatreco-_dengue-_ivuturucaia-12-300x200.jpg 300w, https:\/\/jundiai.sp.gov.br\/noticias\/wp-content\/uploads\/sites\/32\/2024\/05\/catatreco-_dengue-_ivuturucaia-12-768x512.jpg 768w, https:\/\/jundiai.sp.gov.br\/noticias\/wp-content\/uploads\/sites\/32\/2024\/05\/catatreco-_dengue-_ivuturucaia-12-1536x1024.jpg 1536w, https:\/\/jundiai.sp.gov.br\/noticias\/wp-content\/uploads\/sites\/32\/2024\/05\/catatreco-_dengue-_ivuturucaia-12-450x300.jpg 450w, https:\/\/jundiai.sp.gov.br\/noticias\/wp-content\/uploads\/sites\/32\/2024\/05\/catatreco-_dengue-_ivuturucaia-12.jpg 1900w\" sizes=\"auto, (max-width: 1280px) 100vw, 1280px\" \/><figcaption class=\"wp-element-caption\">A coleta extra integra as a\u00e7\u00f5es de enfrentamento e combate da dengue<\/figcaption><\/figure>\n\n\n\n<p>\u201cJ\u00e1 hav\u00edamos atuado na conscientiza\u00e7\u00e3o anteriormente e, nas \u00faltimas semanas, refor\u00e7amos as a\u00e7\u00f5es para bloquear os casos. Apesar da for\u00e7a-tarefa, os quintais continuam com objetos com \u00e1gua parada, servindo de criadouro do Aedes aegypti. A dengue \u00e9 uma doen\u00e7a que mata. Se a popula\u00e7\u00e3o n\u00e3o contribuir, os n\u00fameros seguir\u00e3o aumentando. Precisamos deixar a cidade sem focos do mosquito\u201d, enfatiza o coordenador da VISAM, veterin\u00e1rio Luis Gustavo Grijota Nascimento.<br><br>Itens como latas, baldes, sof\u00e1s velhos poder\u00e3o ser descartados. N\u00e3o ser\u00e3o recolhidos entulhos. \u201cFaremos uma for\u00e7a-tarefa extra, j\u00e1 que o bairro recebe regularmente a coleta de recicl\u00e1vel, de lixo org\u00e2nico e o cata-treco. \u00c9 importante que as pessoas aproveitem essa oportunidade para limpar as resid\u00eancias, deixando o ambiente livre do mosquito. Se ele n\u00e3o nasce, n\u00e3o temos a doen\u00e7a\u201d, acrescenta o diretor de Limpeza P\u00fablica, M\u00e1rcio Moraes.<br><br>Jundia\u00ed segue em Estado de Emerg\u00eancia, com o cen\u00e1rio monitorado diariamente a partir da Sala de Situa\u00e7\u00e3o, montada em dezembro, para a ado\u00e7\u00e3o de medidas antecipadas e de forma transparente. A popula\u00e7\u00e3o pode acompanhar a situa\u00e7\u00e3o no Boletim de Arboviroses e tamb\u00e9m verificar as orienta\u00e7\u00f5es para o combate e enfrentamento da doen\u00e7a no link: <a href=\"https:\/\/jundiai.sp.gov.br\/boletimarboviroses\/\">https:\/\/jundiai.sp.gov.br\/boletimarboviroses\/<\/a><br><br><strong>Assessoria de Imprensa<br>Foto: Fot\u00f3grafos PMJ <\/strong><\/p>\n","protected":false},"excerpt":{"rendered":"<p>A Prefeitura realiza na pr\u00f3xima quarta-feira (15) a\u00e7\u00e3o extra para recolhimento de inserv\u00edveis no Jardim Santa Gertrudes. Os caminh\u00f5es passar\u00e3o pelas ruas a partir das 9h. A orienta\u00e7\u00e3o \u00e9 que a popula\u00e7\u00e3o deixe os materiais descartados nas cal\u00e7adas para poderem ser recolhidos. A regi\u00e3o est\u00e1 com transmiss\u00e3o de dengue, acumulando 562 casos dos 12.851 registrados [&hellip;]<\/p>\n","protected":false},"author":50,"featured_media":344887,"comment_status":"closed","ping_status":"0","sticky":false,"template":"","format":"standard","meta":{"footnotes":""},"categories":[2],"tags":[4447,24,985,4554,981],"ods":[],"class_list":["post-344885","post","type-post","status-publish","format-standard","has-post-thumbnail","hentry","category-noticias","tag-boletim-de-arboviroses","tag-dengue","tag-infraestrutura-e-servicos-publicos","tag-jardim-santa-gertrudes","tag-promocao-da-saude"],"_links":{"self":[{"href":"https:\/\/jundiai.sp.gov.br\/noticias\/wp-json\/wp\/v2\/posts\/344885","targetHints":{"allow":["GET"]}}],"collection":[{"href":"https:\/\/jundiai.sp.gov.br\/noticias\/wp-json\/wp\/v2\/posts"}],"about":[{"href":"https:\/\/jundiai.sp.gov.br\/noticias\/wp-json\/wp\/v2\/types\/post"}],"author":[{"embeddable":true,"href":"https:\/\/jundiai.sp.gov.br\/noticias\/wp-json\/wp\/v2\/users\/50"}],"replies":[{"embeddable":true,"href":"https:\/\/jundiai.sp.gov.br\/noticias\/wp-json\/wp\/v2\/comments?post=344885"}],"version-history":[{"count":1,"href":"https:\/\/jundiai.sp.gov.br\/noticias\/wp-json\/wp\/v2\/posts\/344885\/revisions"}],"predecessor-version":[{"id":344888,"href":"https:\/\/jundiai.sp.gov.br\/noticias\/wp-json\/wp\/v2\/posts\/344885\/revisions\/344888"}],"wp:featuredmedia":[{"embeddable":true,"href":"https:\/\/jundiai.sp.gov.br\/noticias\/wp-json\/wp\/v2\/media\/344887"}],"wp:attachment":[{"href":"https:\/\/jundiai.sp.gov.br\/noticias\/wp-json\/wp\/v2\/media?parent=344885"}],"wp:term":[{"taxonomy":"category","embeddable":true,"href":"https:\/\/jundiai.sp.gov.br\/noticias\/wp-json\/wp\/v2\/categories?post=344885"},{"taxonomy":"post_tag","embeddable":true,"href":"https:\/\/jundiai.sp.gov.br\/noticias\/wp-json\/wp\/v2\/tags?post=344885"},{"taxonomy":"ods","embeddable":true,"href":"https:\/\/jundiai.sp.gov.br\/noticias\/wp-json\/wp\/v2\/ods?post=344885"}],"curies":[{"name":"wp","href":"https:\/\/api.w.org\/{rel}","templated":true}]}}