{"id":344942,"date":"2024-05-14T13:33:10","date_gmt":"2024-05-14T16:33:10","guid":{"rendered":"https:\/\/jundiai.sp.gov.br\/noticias\/?p=344942"},"modified":"2024-05-14T13:33:10","modified_gmt":"2024-05-14T16:33:10","slug":"pracinha-da-cultura-recebe-o-projeto-tradicao-viva-historias-e-lendas-do-brasil","status":"publish","type":"post","link":"https:\/\/jundiai.sp.gov.br\/noticias\/2024\/05\/14\/pracinha-da-cultura-recebe-o-projeto-tradicao-viva-historias-e-lendas-do-brasil\/","title":{"rendered":"Pracinha da Cultura recebe o projeto \u201cTradi\u00e7\u00e3o Viva: Hist\u00f3rias e Lendas do Brasil\u201d\u00a0"},"content":{"rendered":"\n<p>A Unidade de Gest\u00e3o de Cultura (UGC), por meio da Biblioteca Nelson Foot, apresenta hoje (14), a partir das 18h, na Pracinha da Cultura do Vista Alegre o projeto \u201cTradi\u00e7\u00e3o Viva: Hist\u00f3rias e Lendas do Brasil\u201d, com Sueli Patelli, escritora de livros infantis, professora de Literatura e contadora de hist\u00f3rias, voltado para atender crian\u00e7as moradoras do bairro, bem como dos bairros que comp\u00f5em aquela regi\u00e3o da cidade.<\/p>\n\n\n\n<figure class=\"wp-block-image size-full\"><img loading=\"lazy\" decoding=\"async\" width=\"1280\" height=\"853\" src=\"https:\/\/jundiai.sp.gov.br\/noticias\/wp-content\/uploads\/sites\/32\/2022\/09\/acessuas_cras-vista-alegre-ugads-11-1.jpg\" alt=\"\" class=\"wp-image-302040\" srcset=\"https:\/\/jundiai.sp.gov.br\/noticias\/wp-content\/uploads\/sites\/32\/2022\/09\/acessuas_cras-vista-alegre-ugads-11-1.jpg 1280w, https:\/\/jundiai.sp.gov.br\/noticias\/wp-content\/uploads\/sites\/32\/2022\/09\/acessuas_cras-vista-alegre-ugads-11-1-300x200.jpg 300w, https:\/\/jundiai.sp.gov.br\/noticias\/wp-content\/uploads\/sites\/32\/2022\/09\/acessuas_cras-vista-alegre-ugads-11-1-768x512.jpg 768w, https:\/\/jundiai.sp.gov.br\/noticias\/wp-content\/uploads\/sites\/32\/2022\/09\/acessuas_cras-vista-alegre-ugads-11-1-450x300.jpg 450w\" sizes=\"auto, (max-width: 1280px) 100vw, 1280px\" \/><figcaption class=\"wp-element-caption\">Ceu das Artes recebe projeto voltado para crian\u00e7as na faixa et\u00e1ria correspondente educa\u00e7\u00e3o infantil e ao ensino fundamental I<\/figcaption><\/figure>\n\n\n\n<p>Para o gestor de Cultura, Marcelo Peroni, a a\u00e7\u00e3o faz parte das iniciativas da Prefeitura, pelo programa municipal Cidade das Crian\u00e7as, onde dois dos eixos falam dos direitos das crian\u00e7as \u00e0 Cultura e o Brincar. \u201cA proposta com este projeto \u00e9 o de resgatar e preservar a cultura e tradi\u00e7\u00e3o brasileira, e estimular \u00e0 imagina\u00e7\u00e3o, \u00e0 valoriza\u00e7\u00e3o da oralidade e ao fortalecimento do v\u00ednculo entre gera\u00e7\u00f5es\u201d, destacou.<\/p>\n\n\n\n<p>O projeto &#8220;Tradi\u00e7\u00e3o Viva: Hist\u00f3rias e Lendas do Brasil\u201d, contemplado pela Lei Paulo Gustavo, t\u00eam como objetivo central a realiza\u00e7\u00e3o de encontros em outros equipamentos culturais da cidade, nos quais ser\u00e3o contadas hist\u00f3rias e contos populares brasileiros para crian\u00e7as na faixa et\u00e1ria correspondente \u00e0 educa\u00e7\u00e3o infantil e ao ensino fundamental I. &nbsp;Segundo Sueli Patelli, criadora do projeto, o resgate dos contos populares e lendas \u00e9 de grande relev\u00e2ncia, pois representa uma oportunidade de reconex\u00e3o com as ra\u00edzes culturais do pa\u00eds.<\/p>\n\n\n\n<figure class=\"wp-block-image size-full\"><img loading=\"lazy\" decoding=\"async\" width=\"1280\" height=\"853\" src=\"https:\/\/jundiai.sp.gov.br\/noticias\/wp-content\/uploads\/sites\/32\/2024\/05\/sueli-patelli-1.jpg\" alt=\"\" class=\"wp-image-344943\" srcset=\"https:\/\/jundiai.sp.gov.br\/noticias\/wp-content\/uploads\/sites\/32\/2024\/05\/sueli-patelli-1.jpg 1280w, https:\/\/jundiai.sp.gov.br\/noticias\/wp-content\/uploads\/sites\/32\/2024\/05\/sueli-patelli-1-300x200.jpg 300w, https:\/\/jundiai.sp.gov.br\/noticias\/wp-content\/uploads\/sites\/32\/2024\/05\/sueli-patelli-1-768x512.jpg 768w, https:\/\/jundiai.sp.gov.br\/noticias\/wp-content\/uploads\/sites\/32\/2024\/05\/sueli-patelli-1-450x300.jpg 450w\" sizes=\"auto, (max-width: 1280px) 100vw, 1280px\" \/><figcaption class=\"wp-element-caption\">A escritora e contadora de hist\u00f3rias Sueli Patelli apresenta-se hoje (14) a partir das 18h<\/figcaption><\/figure>\n\n\n\n<p>\u201cEssas hist\u00f3rias, transmitidas oralmente ao longo das gera\u00e7\u00f5es, carregam em si elementos da identidade brasileira, suas cren\u00e7as, valores, costumes e saberes tradicionais. Ao trazer essas narrativas para o contexto atual, possibilita-se que as pessoas conhe\u00e7am e se identifiquem com a riqueza cultural de seu pr\u00f3prio pa\u00eds, fortalecendo o sentimento de pertencimento e a valoriza\u00e7\u00e3o da diversidade cultural\u201d, comentou Sueli Patelli.<\/p>\n\n\n\n<p>A Pracinha da Cultura do Vista Alegre est\u00e1 localizado na rua Cabo Edvaldo Quirino Santana s\/n\u00ba. Para a apresenta\u00e7\u00e3o programada hoje (14), n\u00e3o h\u00e1 necessidade de inscri\u00e7\u00e3o. A entrada \u00e9 gratuita.<\/p>\n\n\n\n<p><strong>Assessoria de Imprensa<br>Fotos: fot\u00f3grafos PMJ e divulga\u00e7\u00e3o<\/strong><strong><\/strong><\/p>\n","protected":false},"excerpt":{"rendered":"<p>A Unidade de Gest\u00e3o de Cultura (UGC), por meio da Biblioteca Nelson Foot, apresenta hoje (14), a partir das 18h, na Pracinha da Cultura do Vista Alegre o projeto \u201cTradi\u00e7\u00e3o Viva: Hist\u00f3rias e Lendas do Brasil\u201d, com Sueli Patelli, escritora de livros infantis, professora de Literatura e contadora de hist\u00f3rias, voltado para atender crian\u00e7as moradoras [&hellip;]<\/p>\n","protected":false},"author":83,"featured_media":343709,"comment_status":"closed","ping_status":"0","sticky":false,"template":"","format":"standard","meta":{"footnotes":""},"categories":[2],"tags":[505,3006,894,29,3005],"ods":[],"class_list":["post-344942","post","type-post","status-publish","format-standard","has-post-thumbnail","hentry","category-noticias","tag-biblioteca-municipal-professor-nelson-foot","tag-ceu-das-artes","tag-ceu-das-artes-do-vista-alegre","tag-cultura","tag-pracinha-da-cultura"],"_links":{"self":[{"href":"https:\/\/jundiai.sp.gov.br\/noticias\/wp-json\/wp\/v2\/posts\/344942","targetHints":{"allow":["GET"]}}],"collection":[{"href":"https:\/\/jundiai.sp.gov.br\/noticias\/wp-json\/wp\/v2\/posts"}],"about":[{"href":"https:\/\/jundiai.sp.gov.br\/noticias\/wp-json\/wp\/v2\/types\/post"}],"author":[{"embeddable":true,"href":"https:\/\/jundiai.sp.gov.br\/noticias\/wp-json\/wp\/v2\/users\/83"}],"replies":[{"embeddable":true,"href":"https:\/\/jundiai.sp.gov.br\/noticias\/wp-json\/wp\/v2\/comments?post=344942"}],"version-history":[{"count":1,"href":"https:\/\/jundiai.sp.gov.br\/noticias\/wp-json\/wp\/v2\/posts\/344942\/revisions"}],"predecessor-version":[{"id":344944,"href":"https:\/\/jundiai.sp.gov.br\/noticias\/wp-json\/wp\/v2\/posts\/344942\/revisions\/344944"}],"wp:featuredmedia":[{"embeddable":true,"href":"https:\/\/jundiai.sp.gov.br\/noticias\/wp-json\/wp\/v2\/media\/343709"}],"wp:attachment":[{"href":"https:\/\/jundiai.sp.gov.br\/noticias\/wp-json\/wp\/v2\/media?parent=344942"}],"wp:term":[{"taxonomy":"category","embeddable":true,"href":"https:\/\/jundiai.sp.gov.br\/noticias\/wp-json\/wp\/v2\/categories?post=344942"},{"taxonomy":"post_tag","embeddable":true,"href":"https:\/\/jundiai.sp.gov.br\/noticias\/wp-json\/wp\/v2\/tags?post=344942"},{"taxonomy":"ods","embeddable":true,"href":"https:\/\/jundiai.sp.gov.br\/noticias\/wp-json\/wp\/v2\/ods?post=344942"}],"curies":[{"name":"wp","href":"https:\/\/api.w.org\/{rel}","templated":true}]}}