{"id":345322,"date":"2024-05-20T16:44:52","date_gmt":"2024-05-20T19:44:52","guid":{"rendered":"https:\/\/jundiai.sp.gov.br\/noticias\/?p=345322"},"modified":"2024-05-21T08:56:33","modified_gmt":"2024-05-21T11:56:33","slug":"cores-vibrantes-dao-um-novo-tom-as-quadras-esportivas-do-mundo-das-criancas","status":"publish","type":"post","link":"https:\/\/jundiai.sp.gov.br\/noticias\/2024\/05\/20\/cores-vibrantes-dao-um-novo-tom-as-quadras-esportivas-do-mundo-das-criancas\/","title":{"rendered":"Cores vibrantes d\u00e3o um novo tom \u00e0s quadras esportivas do Mundo das Crian\u00e7as"},"content":{"rendered":"\n<p>Um toque de cor e energia acaba de chegar \u00e0s quadras de t\u00eanis e de basquete 3\u00d73 do Mundo das Crian\u00e7as. Agora revitalizadas, as quadras exibem cores vivas, deixando o espa\u00e7o ainda mais convidativo para os praticantes da modalidade.<\/p>\n\n\n\n<p>\u201cAs cores preta, vermelha, azul e amarela aplicadas nas quadras de basquete, e o verde e azul nas de t\u00eanis, adicionaram um toque ainda mais moderno ao parque, estimulando a pr\u00e1tica esportiva e a socializa\u00e7\u00e3o\u201d, sugeriu o diretor de Mananciais da DAE Jundia\u00ed, Martim Ribeiro.<\/p>\n\n\n\n<p>Com designs criativos e marcantes, as quadras tornam-se um ponto focal para os frequentadores, incentivando a atividade f\u00edsica e o esp\u00edrito de comunidade.<\/p>\n\n\n\n<p><strong>Agendamento<\/strong><br>O uso das quadras de basquete 3\u00d73 \u2013 assim como as de t\u00eanis, as de areia e a pista de skate \u2013 segue o mesmo procedimento do parque, com acesso liberado de ter\u00e7a a sexta e, aos finais de semana, com agendamento pr\u00e9vio gratuito pelo site www.mundodascriancasjundiai.com.br.<\/p>\n\n\n<div class=\"wp-block-image\">\n<figure class=\"aligncenter size-large\"><img loading=\"lazy\" decoding=\"async\" width=\"1280\" height=\"720\" src=\"https:\/\/jundiai.sp.gov.br\/noticias\/wp-content\/uploads\/sites\/32\/2024\/05\/quadras-mundo-nova-pintura-1-1-1280x720.jpeg\" alt=\"\" class=\"wp-image-345327\" srcset=\"https:\/\/jundiai.sp.gov.br\/noticias\/wp-content\/uploads\/sites\/32\/2024\/05\/quadras-mundo-nova-pintura-1-1-1280x720.jpeg 1280w, https:\/\/jundiai.sp.gov.br\/noticias\/wp-content\/uploads\/sites\/32\/2024\/05\/quadras-mundo-nova-pintura-1-1-300x169.jpeg 300w, https:\/\/jundiai.sp.gov.br\/noticias\/wp-content\/uploads\/sites\/32\/2024\/05\/quadras-mundo-nova-pintura-1-1-768x432.jpeg 768w, https:\/\/jundiai.sp.gov.br\/noticias\/wp-content\/uploads\/sites\/32\/2024\/05\/quadras-mundo-nova-pintura-1-1-1536x864.jpeg 1536w, https:\/\/jundiai.sp.gov.br\/noticias\/wp-content\/uploads\/sites\/32\/2024\/05\/quadras-mundo-nova-pintura-1-1.jpeg 1600w\" sizes=\"auto, (max-width: 1280px) 100vw, 1280px\" \/><figcaption class=\"wp-element-caption\">Cores vibrantes d\u00e3o um novo tom \u00e0s quadras esportivas do Mundo das Crian\u00e7as<\/figcaption><\/figure>\n<\/div>\n\n\n<p><strong>Assessoria de Comunica\u00e7\u00e3o &#8211; DAE Jundia\u00ed <\/strong><br><strong>Foto: DAE Jundia\u00ed <\/strong><\/p>\n","protected":false},"excerpt":{"rendered":"<p>Um toque de cor e energia acaba de chegar \u00e0s quadras de t\u00eanis e de basquete 3\u00d73 do Mundo das Crian\u00e7as. Agora revitalizadas, as quadras exibem cores vivas, deixando o espa\u00e7o ainda mais convidativo para os praticantes da modalidade. \u201cAs cores preta, vermelha, azul e amarela aplicadas nas quadras de basquete, e o verde e [&hellip;]<\/p>\n","protected":false},"author":40,"featured_media":345324,"comment_status":"closed","ping_status":"0","sticky":false,"template":"","format":"standard","meta":{"footnotes":""},"categories":[2],"tags":[2827,1940,1436,127],"ods":[],"class_list":["post-345322","post","type-post","status-publish","format-standard","has-post-thumbnail","hentry","category-noticias","tag-basquete-3x3","tag-dae-jundiai","tag-mundo-das-criancas","tag-tenis"],"_links":{"self":[{"href":"https:\/\/jundiai.sp.gov.br\/noticias\/wp-json\/wp\/v2\/posts\/345322","targetHints":{"allow":["GET"]}}],"collection":[{"href":"https:\/\/jundiai.sp.gov.br\/noticias\/wp-json\/wp\/v2\/posts"}],"about":[{"href":"https:\/\/jundiai.sp.gov.br\/noticias\/wp-json\/wp\/v2\/types\/post"}],"author":[{"embeddable":true,"href":"https:\/\/jundiai.sp.gov.br\/noticias\/wp-json\/wp\/v2\/users\/40"}],"replies":[{"embeddable":true,"href":"https:\/\/jundiai.sp.gov.br\/noticias\/wp-json\/wp\/v2\/comments?post=345322"}],"version-history":[{"count":4,"href":"https:\/\/jundiai.sp.gov.br\/noticias\/wp-json\/wp\/v2\/posts\/345322\/revisions"}],"predecessor-version":[{"id":345333,"href":"https:\/\/jundiai.sp.gov.br\/noticias\/wp-json\/wp\/v2\/posts\/345322\/revisions\/345333"}],"wp:featuredmedia":[{"embeddable":true,"href":"https:\/\/jundiai.sp.gov.br\/noticias\/wp-json\/wp\/v2\/media\/345324"}],"wp:attachment":[{"href":"https:\/\/jundiai.sp.gov.br\/noticias\/wp-json\/wp\/v2\/media?parent=345322"}],"wp:term":[{"taxonomy":"category","embeddable":true,"href":"https:\/\/jundiai.sp.gov.br\/noticias\/wp-json\/wp\/v2\/categories?post=345322"},{"taxonomy":"post_tag","embeddable":true,"href":"https:\/\/jundiai.sp.gov.br\/noticias\/wp-json\/wp\/v2\/tags?post=345322"},{"taxonomy":"ods","embeddable":true,"href":"https:\/\/jundiai.sp.gov.br\/noticias\/wp-json\/wp\/v2\/ods?post=345322"}],"curies":[{"name":"wp","href":"https:\/\/api.w.org\/{rel}","templated":true}]}}