{"id":345454,"date":"2024-05-22T15:20:01","date_gmt":"2024-05-22T18:20:01","guid":{"rendered":"https:\/\/jundiai.sp.gov.br\/noticias\/?p=345454"},"modified":"2024-05-22T15:20:01","modified_gmt":"2024-05-22T18:20:01","slug":"forca-tarefa-visam-e-soldados-do-gac-vao-reforcar-orientacoes-contra-dengue-em-11-bairros","status":"publish","type":"post","link":"https:\/\/jundiai.sp.gov.br\/noticias\/2024\/05\/22\/forca-tarefa-visam-e-soldados-do-gac-vao-reforcar-orientacoes-contra-dengue-em-11-bairros\/","title":{"rendered":"For\u00e7a-tarefa: VISAM e soldados do GAC v\u00e3o refor\u00e7ar orienta\u00e7\u00f5es contra dengue em 11 bairros"},"content":{"rendered":"\n<p>A Prefeitura de Jundia\u00ed realiza, com o apoio do 12\u00ba Grupo de Artilharia de Campanha Bar\u00e3o de Jundiahy, mais uma for\u00e7a-tarefa de enfrentamento e combate \u00e0 dengue. Entre quinta (23) e sexta-feira (24), as equipes da Vigil\u00e2ncia em Sa\u00fade Ambiental (VISAM), vinculada \u00e0 Unidade de Gest\u00e3o de Promo\u00e7\u00e3o da Sa\u00fade (UGPS), e 30 soldados do GAC percorrer\u00e3o 11 bairros do Munic\u00edpio.<br><br>Al\u00e9m de refor\u00e7ar junto \u00e0 popula\u00e7\u00e3o a necessidade da ado\u00e7\u00e3o de medidas para conter o avan\u00e7o da doen\u00e7a, ser\u00e1 feita a busca de criadouros do mosquito Aedes aegypti nos im\u00f3veis. O trabalho ocorrer\u00e1 no per\u00edodo da manh\u00e3, iniciando na quinta-feira, pelos bairros Vianelo, Vila Progresso, Bonfiglioli, Jardim Dan\u00fabio, Vila Aparecida e Vila Rami. Na sexta, a a\u00e7\u00e3o continua nas regi\u00f5es do Caxambu, Col\u00f4nia, Vila Rio Branco, Recanto Quarto Centen\u00e1rio e Jardim Guanabara.<\/p>\n\n\n\n<p>\u201cPermanecemos em guerra contra o Aedes. Se o mosquito n\u00e3o nasce, n\u00e3o temos a doen\u00e7a. Essa for\u00e7a-tarefa vem refor\u00e7ar o trabalho efetuado para mudarmos o cen\u00e1rio. Estamos vendo que a dengue pode se agravar e matar. Contudo, ainda encontramos muitos vasos com pratos, baldes com \u00e1gua parada, caixas d\u2019\u00e1gua sem tampa. Para vencer, precisamos da contrapartida da popula\u00e7\u00e3o\u201d, ressalta o gestor de Promo\u00e7\u00e3o da Sa\u00fade, Tiago Texera.<\/p>\n\n\n\n<figure class=\"wp-block-image size-large\"><img loading=\"lazy\" decoding=\"async\" width=\"1280\" height=\"854\" src=\"https:\/\/jundiai.sp.gov.br\/noticias\/wp-content\/uploads\/sites\/32\/2024\/05\/acao-visam-e-12-gac-para-conter-transmissao-da-dengue-no-bairro-ivoturucaia_fm_-53-1280x854.jpg\" alt=\"\" class=\"wp-image-345462\" srcset=\"https:\/\/jundiai.sp.gov.br\/noticias\/wp-content\/uploads\/sites\/32\/2024\/05\/acao-visam-e-12-gac-para-conter-transmissao-da-dengue-no-bairro-ivoturucaia_fm_-53-1280x854.jpg 1280w, https:\/\/jundiai.sp.gov.br\/noticias\/wp-content\/uploads\/sites\/32\/2024\/05\/acao-visam-e-12-gac-para-conter-transmissao-da-dengue-no-bairro-ivoturucaia_fm_-53-300x200.jpg 300w, https:\/\/jundiai.sp.gov.br\/noticias\/wp-content\/uploads\/sites\/32\/2024\/05\/acao-visam-e-12-gac-para-conter-transmissao-da-dengue-no-bairro-ivoturucaia_fm_-53-768x512.jpg 768w, https:\/\/jundiai.sp.gov.br\/noticias\/wp-content\/uploads\/sites\/32\/2024\/05\/acao-visam-e-12-gac-para-conter-transmissao-da-dengue-no-bairro-ivoturucaia_fm_-53-1536x1024.jpg 1536w, https:\/\/jundiai.sp.gov.br\/noticias\/wp-content\/uploads\/sites\/32\/2024\/05\/acao-visam-e-12-gac-para-conter-transmissao-da-dengue-no-bairro-ivoturucaia_fm_-53-450x300.jpg 450w, https:\/\/jundiai.sp.gov.br\/noticias\/wp-content\/uploads\/sites\/32\/2024\/05\/acao-visam-e-12-gac-para-conter-transmissao-da-dengue-no-bairro-ivoturucaia_fm_-53.jpg 1900w\" sizes=\"auto, (max-width: 1280px) 100vw, 1280px\" \/><figcaption class=\"wp-element-caption\">A\u00e7\u00f5es semelhantes j\u00e1 foram realizadas. Cidade est\u00e1 em guerra contra o Aedes aegypti<\/figcaption><\/figure>\n\n\n\n<p><strong>Dados<\/strong><br><a href=\"https:\/\/jundiai.sp.gov.br\/boletimarboviroses\/\">Boletim de Arboviroses<\/a>, atualizado nesta quarta-feira (22), aponta que a cidade acumula 17.978 casos de dengue, com seis mortes. Desse total, 17.555 ocorr\u00eancias s\u00e3o aut\u00f3ctones, 180 importadas e 243 est\u00e3o em investiga\u00e7\u00e3o para determina\u00e7\u00e3o de local de transmiss\u00e3o.<br><br>Desde o dia 1\u00ba de abril, o Munic\u00edpio est\u00e1 em situa\u00e7\u00e3o de emerg\u00eancia. A partir da Sala de Situa\u00e7\u00e3o da Sa\u00fade \u2014 montada em dezembro \u2014 o cen\u00e1rio \u00e9 monitorado diariamente para a ado\u00e7\u00e3o de medidas antecipadas.<br><br>\u201cEm todas as regi\u00f5es, houve amplia\u00e7\u00e3o nas a\u00e7\u00f5es, que v\u00e3o desde vistorias casa a casa com orienta\u00e7\u00e3o aos moradores, busca de criadouros e vigil\u00e2ncia epidemiol\u00f3gica; nebuliza\u00e7\u00e3o veicular em localidades com alta transmiss\u00e3o; coleta de inserv\u00edveis; e campanhas educativas nas escolas municipais e nos terminais de \u00f4nibus. O trabalho tem sido intenso, mas n\u00e3o ter\u00e1 efetividade se cada mun\u00edcipe n\u00e3o fizer a sua parte, eliminando quaisquer objetos que possam servir de criadouro para o mosquito. \u00c9 necess\u00e1rio interrompermos o ciclo biol\u00f3gico do Aedes, reduzindo os riscos \u00e0 sa\u00fade\u201d, acrescenta o coordenador da VISAM, veterin\u00e1rio Luis Gustavo Grijota Nascimento.<br><br>As equipes est\u00e3o uniformizadas e com identifica\u00e7\u00e3o, al\u00e9m de acompanhadas por ve\u00edculos oficiais. Qualquer d\u00favida pode ser sanada nos telefones (11) 4589-6340 e (11) 4589-6350.<br><br><strong>Assessoria de Imprensa<br>Fotos: Arquivo PMJ <\/strong><\/p>\n","protected":false},"excerpt":{"rendered":"<p>A Prefeitura de Jundia\u00ed realiza, com o apoio do 12\u00ba Grupo de Artilharia de Campanha Bar\u00e3o de Jundiahy, mais uma for\u00e7a-tarefa de enfrentamento e combate \u00e0 dengue. Entre quinta (23) e sexta-feira (24), as equipes da Vigil\u00e2ncia em Sa\u00fade Ambiental (VISAM), vinculada \u00e0 Unidade de Gest\u00e3o de Promo\u00e7\u00e3o da Sa\u00fade (UGPS), e 30 soldados do [&hellip;]<\/p>\n","protected":false},"author":50,"featured_media":345463,"comment_status":"closed","ping_status":"0","sticky":false,"template":"","format":"standard","meta":{"footnotes":""},"categories":[2],"tags":[4447,24,4562,981,1532],"ods":[],"class_list":["post-345454","post","type-post","status-publish","format-standard","has-post-thumbnail","hentry","category-noticias","tag-boletim-de-arboviroses","tag-dengue","tag-gac","tag-promocao-da-saude","tag-visam"],"_links":{"self":[{"href":"https:\/\/jundiai.sp.gov.br\/noticias\/wp-json\/wp\/v2\/posts\/345454","targetHints":{"allow":["GET"]}}],"collection":[{"href":"https:\/\/jundiai.sp.gov.br\/noticias\/wp-json\/wp\/v2\/posts"}],"about":[{"href":"https:\/\/jundiai.sp.gov.br\/noticias\/wp-json\/wp\/v2\/types\/post"}],"author":[{"embeddable":true,"href":"https:\/\/jundiai.sp.gov.br\/noticias\/wp-json\/wp\/v2\/users\/50"}],"replies":[{"embeddable":true,"href":"https:\/\/jundiai.sp.gov.br\/noticias\/wp-json\/wp\/v2\/comments?post=345454"}],"version-history":[{"count":8,"href":"https:\/\/jundiai.sp.gov.br\/noticias\/wp-json\/wp\/v2\/posts\/345454\/revisions"}],"predecessor-version":[{"id":345483,"href":"https:\/\/jundiai.sp.gov.br\/noticias\/wp-json\/wp\/v2\/posts\/345454\/revisions\/345483"}],"wp:featuredmedia":[{"embeddable":true,"href":"https:\/\/jundiai.sp.gov.br\/noticias\/wp-json\/wp\/v2\/media\/345463"}],"wp:attachment":[{"href":"https:\/\/jundiai.sp.gov.br\/noticias\/wp-json\/wp\/v2\/media?parent=345454"}],"wp:term":[{"taxonomy":"category","embeddable":true,"href":"https:\/\/jundiai.sp.gov.br\/noticias\/wp-json\/wp\/v2\/categories?post=345454"},{"taxonomy":"post_tag","embeddable":true,"href":"https:\/\/jundiai.sp.gov.br\/noticias\/wp-json\/wp\/v2\/tags?post=345454"},{"taxonomy":"ods","embeddable":true,"href":"https:\/\/jundiai.sp.gov.br\/noticias\/wp-json\/wp\/v2\/ods?post=345454"}],"curies":[{"name":"wp","href":"https:\/\/api.w.org\/{rel}","templated":true}]}}