{"id":345919,"date":"2024-06-01T08:00:00","date_gmt":"2024-06-01T11:00:00","guid":{"rendered":"https:\/\/jundiai.sp.gov.br\/noticias\/?p=345919"},"modified":"2024-05-29T17:34:31","modified_gmt":"2024-05-29T20:34:31","slug":"jundiai-desenvolve-acoes-e-atua-em-projetos-de-combate-as-mudancas-climaticas","status":"publish","type":"post","link":"https:\/\/jundiai.sp.gov.br\/noticias\/2024\/06\/01\/jundiai-desenvolve-acoes-e-atua-em-projetos-de-combate-as-mudancas-climaticas\/","title":{"rendered":"Jundia\u00ed desenvolve a\u00e7\u00f5es e atua em projetos de combate \u00e0s mudan\u00e7as clim\u00e1ticas"},"content":{"rendered":"\n<p>Como enfrentamento \u00e0s mudan\u00e7as clim\u00e1ticas e a preven\u00e7\u00e3o de desastres ocasionados, principalmente, em per\u00edodos de chuvas, a Prefeitura de Jundia\u00ed desenvolve diversas a\u00e7\u00f5es e atua em projetos de combate \u00e0 crise do clima. S\u00e3o projetos de macrodrenagem, amplia\u00e7\u00e3o da arboriza\u00e7\u00e3o urbana, prote\u00e7\u00e3o de mananciais, melhora na mobilidade urbana e redu\u00e7\u00e3o do uso de autom\u00f3veis e a amplia\u00e7\u00e3o dos cuidados com a Serra do Japi.<\/p>\n\n\n\n<p>\u201cOs efeitos das mudan\u00e7as clim\u00e1ticas s\u00e3o preocupantes e as iniciativas para mitig\u00e1-los devem ser iniciadas no presente, para que os impactos no futuro sejam positivos. Estas a\u00e7\u00f5es est\u00e3o em conson\u00e2ncia com o Programa Cidade das Crian\u00e7as, com medidas que potencializam o desenvolvimento dessa e das pr\u00f3ximas gera\u00e7\u00f5es\u201d, ressalta o prefeito Luiz Fernando Machado.<\/p>\n\n\n\n<p>Uma das a\u00e7\u00f5es em andamento \u00e9 a instala\u00e7\u00e3o de jardins de chuva em diversos pontos da cidade.&nbsp;Esta solu\u00e7\u00e3o baseada na natureza foi implantada no Parque Naturalizado do Jardim Guanabara, evitando os alagamentos locais, e nas 3 escolas p\u00fablicas: Emeb Ivo de Bona (Almerinda Chaves), Marly de Marco Pereira (Fazenda Grande) e Comendador Hermenegildo Martinelli (Caxambu). Os jardins&nbsp;ajudam a reduzir a quantidade e a velocidade do escoamento da \u00e1gua em chuvas intensas e tamb\u00e9m embelezam a paisagem.<\/p>\n\n\n<div class=\"wp-block-image\">\n<figure class=\"aligncenter size-large\"><img loading=\"lazy\" decoding=\"async\" width=\"1280\" height=\"854\" src=\"https:\/\/jundiai.sp.gov.br\/noticias\/wp-content\/uploads\/sites\/32\/2024\/05\/emeb-marly-de-marco-mendes-pereira-jardim-de-chuva-ws_19-1280x854.jpg\" alt=\"\" class=\"wp-image-345953\" srcset=\"https:\/\/jundiai.sp.gov.br\/noticias\/wp-content\/uploads\/sites\/32\/2024\/05\/emeb-marly-de-marco-mendes-pereira-jardim-de-chuva-ws_19-1280x854.jpg 1280w, https:\/\/jundiai.sp.gov.br\/noticias\/wp-content\/uploads\/sites\/32\/2024\/05\/emeb-marly-de-marco-mendes-pereira-jardim-de-chuva-ws_19-300x200.jpg 300w, https:\/\/jundiai.sp.gov.br\/noticias\/wp-content\/uploads\/sites\/32\/2024\/05\/emeb-marly-de-marco-mendes-pereira-jardim-de-chuva-ws_19-768x512.jpg 768w, https:\/\/jundiai.sp.gov.br\/noticias\/wp-content\/uploads\/sites\/32\/2024\/05\/emeb-marly-de-marco-mendes-pereira-jardim-de-chuva-ws_19-1536x1024.jpg 1536w, https:\/\/jundiai.sp.gov.br\/noticias\/wp-content\/uploads\/sites\/32\/2024\/05\/emeb-marly-de-marco-mendes-pereira-jardim-de-chuva-ws_19-450x300.jpg 450w, https:\/\/jundiai.sp.gov.br\/noticias\/wp-content\/uploads\/sites\/32\/2024\/05\/emeb-marly-de-marco-mendes-pereira-jardim-de-chuva-ws_19.jpg 1900w\" sizes=\"auto, (max-width: 1280px) 100vw, 1280px\" \/><figcaption class=\"wp-element-caption\">Jardim de chuva implantado na EMEB Marly de Marco Pereira, no Fazenda Grande. Outras duas EMEBs tamb\u00e9m contam com o equipamento<\/figcaption><\/figure>\n<\/div>\n\n\n<p>&#8220;Fazer a gest\u00e3o das \u00e1guas pluviais \u00e9 fundamental para que, na ocorr\u00eancia de eventos clim\u00e1ticos adversos como fortes chuvas, o territ\u00f3rio tenha mais dispositivos de reten\u00e7\u00e3o da \u00e1gua e redu\u00e7\u00e3o da sua velocidade, diminuindo, assim, os efeitos indesejados dos alagamentos\u201d,&nbsp;lembrou a arquiteta Sylvia Angelini, diretora de Urbanismo da Prefeitura de Jundia\u00ed.<\/p>\n\n\n\n<p>As obras tamb\u00e9m devem contemplar espa\u00e7os de drenagem. De acordo com o C\u00f3digo de Obras Municipal \u2013 Lei Complementar n\u00b0 606\/2021 \u2013 as obras novas, amplia\u00e7\u00f5es e regulariza\u00e7\u00f5es em Jundia\u00ed tamb\u00e9m dever\u00e3o possuir reservat\u00f3rios de \u00e1guas pluviais com fundo drenante ou n\u00e3o, com a finalidade de propiciar a manuten\u00e7\u00e3o do abastecimento do len\u00e7ol fre\u00e1tico, a diminui\u00e7\u00e3o do volume de contribui\u00e7\u00e3o de drenagem nas galerias p\u00fablicas e o aumento do tempo de concentra\u00e7\u00e3o das \u00e1guas pluviais nos cursos d\u2019\u00e1gua e fundos de vale, reduzindo as vaz\u00f5es de escoamento superficial. Ainda segundo a Lei, \u00e9 obrigat\u00f3ria a aplica\u00e7\u00e3o dos dispositivos \u00e0s obras em terrenos superiores a 350m\u00b2.<\/p>\n\n\n\n<p>&#8220;Pequenas a\u00e7\u00f5es tomadas nos im\u00f3veis, mas distribu\u00eddas pelo territ\u00f3rio e somadas, resultam em grandes resultados para a melhoria do manejo da \u00e1gua pluvial da cidade\u201d, avaliou o gestor de Planejamento Urbano e Meio Ambiente, Sin\u00e9sio Scarabello Filho.<\/p>\n\n\n\n<figure class=\"wp-block-gallery has-nested-images columns-default is-cropped wp-block-gallery-1 is-layout-flex wp-block-gallery-is-layout-flex\">\n<figure class=\"wp-block-image size-large\"><a href=\"https:\/\/jundiai.sp.gov.br\/noticias\/wp-content\/uploads\/sites\/32\/2024\/05\/img_9210-1280x854-1.jpg\"><img loading=\"lazy\" decoding=\"async\" width=\"1280\" height=\"854\" data-id=\"345961\" src=\"https:\/\/jundiai.sp.gov.br\/noticias\/wp-content\/uploads\/sites\/32\/2024\/05\/img_9210-1280x854-1.jpg\" alt=\"\" class=\"wp-image-345961\" srcset=\"https:\/\/jundiai.sp.gov.br\/noticias\/wp-content\/uploads\/sites\/32\/2024\/05\/img_9210-1280x854-1.jpg 1280w, https:\/\/jundiai.sp.gov.br\/noticias\/wp-content\/uploads\/sites\/32\/2024\/05\/img_9210-1280x854-1-300x200.jpg 300w, https:\/\/jundiai.sp.gov.br\/noticias\/wp-content\/uploads\/sites\/32\/2024\/05\/img_9210-1280x854-1-768x512.jpg 768w, https:\/\/jundiai.sp.gov.br\/noticias\/wp-content\/uploads\/sites\/32\/2024\/05\/img_9210-1280x854-1-450x300.jpg 450w\" sizes=\"auto, (max-width: 1280px) 100vw, 1280px\" \/><\/a><figcaption class=\"wp-element-caption\">\u00c0s margens do Rio Jundia\u00ed, j\u00e1 foram plantadas 3.500 \u00e1rvores, das 6.600 previstas inicialmente<\/figcaption><\/figure>\n\n\n\n<figure class=\"wp-block-image size-large\"><a href=\"https:\/\/jundiai.sp.gov.br\/noticias\/wp-content\/uploads\/sites\/32\/2024\/05\/programa_pe_de_arvore_vilarami_vilaalvorada_rc-9-1.jpg\"><img loading=\"lazy\" decoding=\"async\" width=\"1280\" height=\"854\" data-id=\"345962\" src=\"https:\/\/jundiai.sp.gov.br\/noticias\/wp-content\/uploads\/sites\/32\/2024\/05\/programa_pe_de_arvore_vilarami_vilaalvorada_rc-9-1-1280x854.jpg\" alt=\"\" class=\"wp-image-345962\" srcset=\"https:\/\/jundiai.sp.gov.br\/noticias\/wp-content\/uploads\/sites\/32\/2024\/05\/programa_pe_de_arvore_vilarami_vilaalvorada_rc-9-1-1280x854.jpg 1280w, https:\/\/jundiai.sp.gov.br\/noticias\/wp-content\/uploads\/sites\/32\/2024\/05\/programa_pe_de_arvore_vilarami_vilaalvorada_rc-9-1-300x200.jpg 300w, https:\/\/jundiai.sp.gov.br\/noticias\/wp-content\/uploads\/sites\/32\/2024\/05\/programa_pe_de_arvore_vilarami_vilaalvorada_rc-9-1-768x512.jpg 768w, https:\/\/jundiai.sp.gov.br\/noticias\/wp-content\/uploads\/sites\/32\/2024\/05\/programa_pe_de_arvore_vilarami_vilaalvorada_rc-9-1-1536x1024.jpg 1536w, https:\/\/jundiai.sp.gov.br\/noticias\/wp-content\/uploads\/sites\/32\/2024\/05\/programa_pe_de_arvore_vilarami_vilaalvorada_rc-9-1-450x300.jpg 450w, https:\/\/jundiai.sp.gov.br\/noticias\/wp-content\/uploads\/sites\/32\/2024\/05\/programa_pe_de_arvore_vilarami_vilaalvorada_rc-9-1.jpg 1900w\" sizes=\"auto, (max-width: 1280px) 100vw, 1280px\" \/><\/a><figcaption class=\"wp-element-caption\">P\u00e9 de \u00c1rvore j\u00e1 plantou 1.375 novas mudas em v\u00e1rias regi\u00f5es da cidade<\/figcaption><\/figure>\n<\/figure>\n\n\n\n<p>O Plano Diretor Municipal, Lei n\u00b0 9.321\/2019, tamb\u00e9m prev\u00ea as taxas m\u00ednimas de permeabilidade do lote, que correspondem \u00e0 parte do terreno que permite que as \u00e1guas da chuva sejam absorvidas pelo solo. Al\u00e9m de melhorar a qualidade ambiental, a \u00e1rea perme\u00e1vel distribu\u00edda em muitos pontos da cidade \u00e9 uma boa forma de mitigar os impactos da chuva.<\/p>\n\n\n\n<p>Outra a\u00e7\u00e3o importante \u00e9 o plantio de \u00e1rvores nativas \u00e0s margens do Vale do Rio Jundia\u00ed. Ao lado, ser\u00e3o plantadas 6,6 mil \u00e1rvores \u00e0s margens do Rio. Dessas, 3.500 j\u00e1 foram instaladas em trechos na Marginal do Rio Jundia\u00ed, pr\u00f3ximo ao limite de munic\u00edpio com V\u00e1rzea Paulista, e tamb\u00e9m no Jardim Tulipas. Est\u00e3o sendo plantadas esp\u00e9cies de Goiaba, Amora, Ip\u00ea, Paineira, Quaresmeira e Umba\u00faba, por exemplo. J\u00e1 o programa P\u00e9 de \u00c1rvore plantou 1.375 novas mudas em v\u00e1rias regi\u00f5es da cidade. <\/p>\n\n\n\n<p>Tamb\u00e9m h\u00e1 em desenvolvimento um plano de mitiga\u00e7\u00e3o de riscos nas vielas do S\u00e3o Camilo. Foram constru\u00eddos muros de conten\u00e7\u00e3o e realizado um levantamento planialtim\u00e9trico cadastral para o desenvolvimento de a\u00e7\u00f5es de requalifica\u00e7\u00e3o do bairro. Tamb\u00e9m est\u00e3o sendo feitas obras de conex\u00e3o, com acessibilidade, e lazer para os moradores.<\/p>\n\n\n\n<p>A Funda\u00e7\u00e3o Serra do Japi tamb\u00e9m desenvolve importantes projetos de educa\u00e7\u00e3o ambiental em toda a Serra do Japi, al\u00e9m da estimula\u00e7\u00e3o de a\u00e7\u00f5es de conscientiza\u00e7\u00e3o com escolas municipais para ressaltar a import\u00e2ncia da Serra com foco na preserva\u00e7\u00e3o e na aproxima\u00e7\u00e3o do cidad\u00e3o ao bioma.&nbsp;<\/p>\n\n\n<div class=\"wp-block-image\">\n<figure class=\"aligncenter size-full\"><img loading=\"lazy\" decoding=\"async\" width=\"1280\" height=\"960\" src=\"https:\/\/jundiai.sp.gov.br\/noticias\/wp-content\/uploads\/sites\/32\/2024\/05\/whatsapp-image-2023-04-20-at-13-31-22-1280x960-1.jpeg\" alt=\"\" class=\"wp-image-345971\" srcset=\"https:\/\/jundiai.sp.gov.br\/noticias\/wp-content\/uploads\/sites\/32\/2024\/05\/whatsapp-image-2023-04-20-at-13-31-22-1280x960-1.jpeg 1280w, https:\/\/jundiai.sp.gov.br\/noticias\/wp-content\/uploads\/sites\/32\/2024\/05\/whatsapp-image-2023-04-20-at-13-31-22-1280x960-1-300x225.jpeg 300w, https:\/\/jundiai.sp.gov.br\/noticias\/wp-content\/uploads\/sites\/32\/2024\/05\/whatsapp-image-2023-04-20-at-13-31-22-1280x960-1-768x576.jpeg 768w\" sizes=\"auto, (max-width: 1280px) 100vw, 1280px\" \/><figcaption class=\"wp-element-caption\">Projetos de Educa\u00e7\u00e3o Ambiental com as crian\u00e7as da Rede Municipal de Ensino tamb\u00e9m s\u00e3o realizados pela Funda\u00e7\u00e3o Serra do Japi<\/figcaption><\/figure>\n<\/div>\n\n\n<p><strong>Assessoria de Imprensa<br>Fotos: Fot\u00f3grafos PMJ<\/strong><\/p>\n","protected":false},"excerpt":{"rendered":"<p>Como enfrentamento \u00e0s mudan\u00e7as clim\u00e1ticas e a preven\u00e7\u00e3o de desastres ocasionados, principalmente, em per\u00edodos de chuvas, a Prefeitura de Jundia\u00ed desenvolve diversas a\u00e7\u00f5es e atua em projetos de combate \u00e0 crise do clima. S\u00e3o projetos de macrodrenagem, amplia\u00e7\u00e3o da arboriza\u00e7\u00e3o urbana, prote\u00e7\u00e3o de mananciais, melhora na mobilidade urbana e redu\u00e7\u00e3o do uso de autom\u00f3veis e [&hellip;]<\/p>\n","protected":false},"author":100,"featured_media":345953,"comment_status":"closed","ping_status":"0","sticky":false,"template":"","format":"standard","meta":{"footnotes":""},"categories":[2],"tags":[984],"ods":[4231,4233],"class_list":["post-345919","post","type-post","status-publish","format-standard","has-post-thumbnail","hentry","category-noticias","tag-planejamento-urbano-e-meio-ambiente","ods-ods-11","ods-ods-13"],"_links":{"self":[{"href":"https:\/\/jundiai.sp.gov.br\/noticias\/wp-json\/wp\/v2\/posts\/345919","targetHints":{"allow":["GET"]}}],"collection":[{"href":"https:\/\/jundiai.sp.gov.br\/noticias\/wp-json\/wp\/v2\/posts"}],"about":[{"href":"https:\/\/jundiai.sp.gov.br\/noticias\/wp-json\/wp\/v2\/types\/post"}],"author":[{"embeddable":true,"href":"https:\/\/jundiai.sp.gov.br\/noticias\/wp-json\/wp\/v2\/users\/100"}],"replies":[{"embeddable":true,"href":"https:\/\/jundiai.sp.gov.br\/noticias\/wp-json\/wp\/v2\/comments?post=345919"}],"version-history":[{"count":16,"href":"https:\/\/jundiai.sp.gov.br\/noticias\/wp-json\/wp\/v2\/posts\/345919\/revisions"}],"predecessor-version":[{"id":346071,"href":"https:\/\/jundiai.sp.gov.br\/noticias\/wp-json\/wp\/v2\/posts\/345919\/revisions\/346071"}],"wp:featuredmedia":[{"embeddable":true,"href":"https:\/\/jundiai.sp.gov.br\/noticias\/wp-json\/wp\/v2\/media\/345953"}],"wp:attachment":[{"href":"https:\/\/jundiai.sp.gov.br\/noticias\/wp-json\/wp\/v2\/media?parent=345919"}],"wp:term":[{"taxonomy":"category","embeddable":true,"href":"https:\/\/jundiai.sp.gov.br\/noticias\/wp-json\/wp\/v2\/categories?post=345919"},{"taxonomy":"post_tag","embeddable":true,"href":"https:\/\/jundiai.sp.gov.br\/noticias\/wp-json\/wp\/v2\/tags?post=345919"},{"taxonomy":"ods","embeddable":true,"href":"https:\/\/jundiai.sp.gov.br\/noticias\/wp-json\/wp\/v2\/ods?post=345919"}],"curies":[{"name":"wp","href":"https:\/\/api.w.org\/{rel}","templated":true}]}}