{"id":346474,"date":"2024-06-08T14:42:22","date_gmt":"2024-06-08T17:42:22","guid":{"rendered":"https:\/\/jundiai.sp.gov.br\/noticias\/?p=346474"},"modified":"2024-06-08T15:57:33","modified_gmt":"2024-06-08T18:57:33","slug":"dia-d-de-vacinacao-contra-a-poliomielite-tem-fluxo-intenso-em-postos","status":"publish","type":"post","link":"https:\/\/jundiai.sp.gov.br\/noticias\/2024\/06\/08\/dia-d-de-vacinacao-contra-a-poliomielite-tem-fluxo-intenso-em-postos\/","title":{"rendered":"Dia D de Vacina\u00e7\u00e3o contra a Poliomielite tem fluxo intenso em postos\u00a0"},"content":{"rendered":"\n<p>O movimento nas Unidades B\u00e1sicas de Sa\u00fade foi intenso neste s\u00e1bado (8), dia D da Campanha Nacional de Vacina\u00e7\u00e3o contra a Poliomielite para menores de 5 anos. Quatro postos atenderam ao p\u00fablico ao longo de todo o dia.&nbsp;&nbsp;<\/p>\n\n\n\n<p>Entre as pessoas que marcaram presen\u00e7a estava Rosilene Vieira Machado, que ao lado da filha Milena Vieira Machado, levou a neta Helo\u00e1, de 3 anos, \u00e0 Cl\u00ednica da Fam\u00edlia II, no Almerinda Chaves, \u201cAs vacinas salvam vidas e n\u00f3s procuramos sempre manter a carteirinha atualizada\u201d, disse.&nbsp;<\/p>\n\n\n\n<p>Assim como ela, Larissa Fracaro da Silva Oliveira levou a tamb\u00e9m Elo\u00e1, de 2 anos, ao posto. \u201c\u00c9 uma forma que n\u00f3s temos de deixar os filhos imunes e prevenir doen\u00e7as. Vacinar \u00e9 muito importante\u201d, destacou.&nbsp;<\/p>\n\n\n\n<figure class=\"wp-block-gallery has-nested-images columns-default is-cropped wp-block-gallery-1 is-layout-flex wp-block-gallery-is-layout-flex\">\n<figure class=\"wp-block-image size-large\"><img loading=\"lazy\" decoding=\"async\" width=\"1280\" height=\"854\" data-id=\"346480\" src=\"https:\/\/jundiai.sp.gov.br\/noticias\/wp-content\/uploads\/sites\/32\/2024\/06\/dia-d-campanha-nacional-de-vacinacao-poliomielite-clinica-familia-almerinda_fm_-22-1280x854.jpg\" alt=\"\" class=\"wp-image-346480\" srcset=\"https:\/\/jundiai.sp.gov.br\/noticias\/wp-content\/uploads\/sites\/32\/2024\/06\/dia-d-campanha-nacional-de-vacinacao-poliomielite-clinica-familia-almerinda_fm_-22-1280x854.jpg 1280w, https:\/\/jundiai.sp.gov.br\/noticias\/wp-content\/uploads\/sites\/32\/2024\/06\/dia-d-campanha-nacional-de-vacinacao-poliomielite-clinica-familia-almerinda_fm_-22-300x200.jpg 300w, https:\/\/jundiai.sp.gov.br\/noticias\/wp-content\/uploads\/sites\/32\/2024\/06\/dia-d-campanha-nacional-de-vacinacao-poliomielite-clinica-familia-almerinda_fm_-22-768x512.jpg 768w, https:\/\/jundiai.sp.gov.br\/noticias\/wp-content\/uploads\/sites\/32\/2024\/06\/dia-d-campanha-nacional-de-vacinacao-poliomielite-clinica-familia-almerinda_fm_-22-1536x1024.jpg 1536w, https:\/\/jundiai.sp.gov.br\/noticias\/wp-content\/uploads\/sites\/32\/2024\/06\/dia-d-campanha-nacional-de-vacinacao-poliomielite-clinica-familia-almerinda_fm_-22-450x300.jpg 450w, https:\/\/jundiai.sp.gov.br\/noticias\/wp-content\/uploads\/sites\/32\/2024\/06\/dia-d-campanha-nacional-de-vacinacao-poliomielite-clinica-familia-almerinda_fm_-22.jpg 1900w\" sizes=\"auto, (max-width: 1280px) 100vw, 1280px\" \/><\/figure>\n<figcaption class=\"blocks-gallery-caption wp-element-caption\">Larissa levou Elo\u00e1 para a imuniza\u00e7\u00e3o <\/figcaption><\/figure>\n\n\n\n<p>Al\u00e9m da Cl\u00ednica da Fam\u00edlia II, tamb\u00e9m atenderam ao longo do dia a Nova Unidade B\u00e1sica de Sa\u00fade Agapeama; a UBS Morada das Vinhas e o posto no Jundia\u00ed Empreendedora, localizado no Piso G3 do Maxi Shopping.&nbsp;<\/p>\n\n\n\n<p>O gestor de Promo\u00e7\u00e3o da Sa\u00fade, Tiago Texera explicou que al\u00e9m da vacina contra a Poliomielite, os locais tamb\u00e9m realizaram a atualiza\u00e7\u00e3o das carteirinhas das crian\u00e7as menores de 5 anos. \u201cVacinar \u00e9 um ato de amor e de prote\u00e7\u00e3o. A Paralisia Infantil \u00e9 uma doen\u00e7a muito grave e n\u00e3o podemos permitir que o poliov\u00edrus volte a circular.\u201d&nbsp;<\/p>\n\n\n\n<figure class=\"wp-block-gallery has-nested-images columns-default is-cropped wp-block-gallery-2 is-layout-flex wp-block-gallery-is-layout-flex\">\n<figure class=\"wp-block-image size-large\"><img loading=\"lazy\" decoding=\"async\" width=\"1280\" height=\"854\" data-id=\"346477\" src=\"https:\/\/jundiai.sp.gov.br\/noticias\/wp-content\/uploads\/sites\/32\/2024\/06\/dia-d-campanha-nacional-de-vacinacao-poliomielite-clinica-familia-almerinda_fm_-46-1280x854.jpg\" alt=\"\" class=\"wp-image-346477\" srcset=\"https:\/\/jundiai.sp.gov.br\/noticias\/wp-content\/uploads\/sites\/32\/2024\/06\/dia-d-campanha-nacional-de-vacinacao-poliomielite-clinica-familia-almerinda_fm_-46-1280x854.jpg 1280w, https:\/\/jundiai.sp.gov.br\/noticias\/wp-content\/uploads\/sites\/32\/2024\/06\/dia-d-campanha-nacional-de-vacinacao-poliomielite-clinica-familia-almerinda_fm_-46-300x200.jpg 300w, https:\/\/jundiai.sp.gov.br\/noticias\/wp-content\/uploads\/sites\/32\/2024\/06\/dia-d-campanha-nacional-de-vacinacao-poliomielite-clinica-familia-almerinda_fm_-46-768x512.jpg 768w, https:\/\/jundiai.sp.gov.br\/noticias\/wp-content\/uploads\/sites\/32\/2024\/06\/dia-d-campanha-nacional-de-vacinacao-poliomielite-clinica-familia-almerinda_fm_-46-1536x1024.jpg 1536w, https:\/\/jundiai.sp.gov.br\/noticias\/wp-content\/uploads\/sites\/32\/2024\/06\/dia-d-campanha-nacional-de-vacinacao-poliomielite-clinica-familia-almerinda_fm_-46-450x300.jpg 450w, https:\/\/jundiai.sp.gov.br\/noticias\/wp-content\/uploads\/sites\/32\/2024\/06\/dia-d-campanha-nacional-de-vacinacao-poliomielite-clinica-familia-almerinda_fm_-46.jpg 1900w\" sizes=\"auto, (max-width: 1280px) 100vw, 1280px\" \/><\/figure>\n\n\n\n<figure class=\"wp-block-image size-large\"><img loading=\"lazy\" decoding=\"async\" width=\"1280\" height=\"854\" data-id=\"346478\" src=\"https:\/\/jundiai.sp.gov.br\/noticias\/wp-content\/uploads\/sites\/32\/2024\/06\/dia-d-campanha-nacional-de-vacinacao-poliomielite-clinica-familia-almerinda_fm_-30-1280x854.jpg\" alt=\"\" class=\"wp-image-346478\" srcset=\"https:\/\/jundiai.sp.gov.br\/noticias\/wp-content\/uploads\/sites\/32\/2024\/06\/dia-d-campanha-nacional-de-vacinacao-poliomielite-clinica-familia-almerinda_fm_-30-1280x854.jpg 1280w, https:\/\/jundiai.sp.gov.br\/noticias\/wp-content\/uploads\/sites\/32\/2024\/06\/dia-d-campanha-nacional-de-vacinacao-poliomielite-clinica-familia-almerinda_fm_-30-300x200.jpg 300w, https:\/\/jundiai.sp.gov.br\/noticias\/wp-content\/uploads\/sites\/32\/2024\/06\/dia-d-campanha-nacional-de-vacinacao-poliomielite-clinica-familia-almerinda_fm_-30-768x512.jpg 768w, https:\/\/jundiai.sp.gov.br\/noticias\/wp-content\/uploads\/sites\/32\/2024\/06\/dia-d-campanha-nacional-de-vacinacao-poliomielite-clinica-familia-almerinda_fm_-30-1536x1024.jpg 1536w, https:\/\/jundiai.sp.gov.br\/noticias\/wp-content\/uploads\/sites\/32\/2024\/06\/dia-d-campanha-nacional-de-vacinacao-poliomielite-clinica-familia-almerinda_fm_-30-450x300.jpg 450w, https:\/\/jundiai.sp.gov.br\/noticias\/wp-content\/uploads\/sites\/32\/2024\/06\/dia-d-campanha-nacional-de-vacinacao-poliomielite-clinica-familia-almerinda_fm_-30.jpg 1900w\" sizes=\"auto, (max-width: 1280px) 100vw, 1280px\" \/><\/figure>\n\n\n\n<figure class=\"wp-block-image size-large\"><img loading=\"lazy\" decoding=\"async\" width=\"1280\" height=\"854\" data-id=\"346476\" src=\"https:\/\/jundiai.sp.gov.br\/noticias\/wp-content\/uploads\/sites\/32\/2024\/06\/dia-d-campanha-nacional-de-vacinacao-poliomielite-clinica-familia-almerinda_fm_-6-1280x854.jpg\" alt=\"\" class=\"wp-image-346476\" srcset=\"https:\/\/jundiai.sp.gov.br\/noticias\/wp-content\/uploads\/sites\/32\/2024\/06\/dia-d-campanha-nacional-de-vacinacao-poliomielite-clinica-familia-almerinda_fm_-6-1280x854.jpg 1280w, https:\/\/jundiai.sp.gov.br\/noticias\/wp-content\/uploads\/sites\/32\/2024\/06\/dia-d-campanha-nacional-de-vacinacao-poliomielite-clinica-familia-almerinda_fm_-6-300x200.jpg 300w, https:\/\/jundiai.sp.gov.br\/noticias\/wp-content\/uploads\/sites\/32\/2024\/06\/dia-d-campanha-nacional-de-vacinacao-poliomielite-clinica-familia-almerinda_fm_-6-768x512.jpg 768w, https:\/\/jundiai.sp.gov.br\/noticias\/wp-content\/uploads\/sites\/32\/2024\/06\/dia-d-campanha-nacional-de-vacinacao-poliomielite-clinica-familia-almerinda_fm_-6-1536x1024.jpg 1536w, https:\/\/jundiai.sp.gov.br\/noticias\/wp-content\/uploads\/sites\/32\/2024\/06\/dia-d-campanha-nacional-de-vacinacao-poliomielite-clinica-familia-almerinda_fm_-6-450x300.jpg 450w, https:\/\/jundiai.sp.gov.br\/noticias\/wp-content\/uploads\/sites\/32\/2024\/06\/dia-d-campanha-nacional-de-vacinacao-poliomielite-clinica-familia-almerinda_fm_-6.jpg 1900w\" sizes=\"auto, (max-width: 1280px) 100vw, 1280px\" \/><\/figure>\n<figcaption class=\"blocks-gallery-caption wp-element-caption\">Dia foi de vacina\u00e7\u00e3o na cidade<\/figcaption><\/figure>\n\n\n\n<p><strong>Mais &#8211; <\/strong>Para marcar o Dia D, a comiss\u00e3o de Rotarianos de Jundia\u00ed e profissionais da sa\u00fade da Prefeitura fizeram uma carreata, convidando o p\u00fablico para levar as crian\u00e7as aos pontos de vacina\u00e7\u00e3o. A sa\u00edda foi do&nbsp; estacionamento externo do Maxi Shopping.<\/p>\n\n\n\n<p>A meta da campanha neste ano \u00e9 vacinar 95% das 20.728 crian\u00e7as que comp\u00f5em o p\u00fablico-alvo.\u00a0<\/p>\n\n\n\n<figure class=\"wp-block-gallery has-nested-images columns-default is-cropped wp-block-gallery-3 is-layout-flex wp-block-gallery-is-layout-flex\">\n<figure class=\"wp-block-image size-large\"><img loading=\"lazy\" decoding=\"async\" width=\"1280\" height=\"720\" data-id=\"346483\" src=\"https:\/\/jundiai.sp.gov.br\/noticias\/wp-content\/uploads\/sites\/32\/2024\/06\/1000168591-1280x720.jpg\" alt=\"\" class=\"wp-image-346483\" srcset=\"https:\/\/jundiai.sp.gov.br\/noticias\/wp-content\/uploads\/sites\/32\/2024\/06\/1000168591-1280x720.jpg 1280w, https:\/\/jundiai.sp.gov.br\/noticias\/wp-content\/uploads\/sites\/32\/2024\/06\/1000168591-300x169.jpg 300w, https:\/\/jundiai.sp.gov.br\/noticias\/wp-content\/uploads\/sites\/32\/2024\/06\/1000168591-768x432.jpg 768w, https:\/\/jundiai.sp.gov.br\/noticias\/wp-content\/uploads\/sites\/32\/2024\/06\/1000168591-1536x864.jpg 1536w, https:\/\/jundiai.sp.gov.br\/noticias\/wp-content\/uploads\/sites\/32\/2024\/06\/1000168591.jpg 1600w\" sizes=\"auto, (max-width: 1280px) 100vw, 1280px\" \/><\/figure>\n\n\n\n<figure class=\"wp-block-image size-large\"><img loading=\"lazy\" decoding=\"async\" width=\"1280\" height=\"720\" data-id=\"346484\" src=\"https:\/\/jundiai.sp.gov.br\/noticias\/wp-content\/uploads\/sites\/32\/2024\/06\/1000168598-1280x720.jpg\" alt=\"\" class=\"wp-image-346484\" srcset=\"https:\/\/jundiai.sp.gov.br\/noticias\/wp-content\/uploads\/sites\/32\/2024\/06\/1000168598-1280x720.jpg 1280w, https:\/\/jundiai.sp.gov.br\/noticias\/wp-content\/uploads\/sites\/32\/2024\/06\/1000168598-300x169.jpg 300w, https:\/\/jundiai.sp.gov.br\/noticias\/wp-content\/uploads\/sites\/32\/2024\/06\/1000168598-768x432.jpg 768w, https:\/\/jundiai.sp.gov.br\/noticias\/wp-content\/uploads\/sites\/32\/2024\/06\/1000168598-1536x864.jpg 1536w, https:\/\/jundiai.sp.gov.br\/noticias\/wp-content\/uploads\/sites\/32\/2024\/06\/1000168598.jpg 1600w\" sizes=\"auto, (max-width: 1280px) 100vw, 1280px\" \/><\/figure>\n\n\n\n<figure class=\"wp-block-image size-large\"><img loading=\"lazy\" decoding=\"async\" width=\"1280\" height=\"720\" data-id=\"346485\" src=\"https:\/\/jundiai.sp.gov.br\/noticias\/wp-content\/uploads\/sites\/32\/2024\/06\/1000168558-1280x720.jpg\" alt=\"\" class=\"wp-image-346485\" srcset=\"https:\/\/jundiai.sp.gov.br\/noticias\/wp-content\/uploads\/sites\/32\/2024\/06\/1000168558-1280x720.jpg 1280w, https:\/\/jundiai.sp.gov.br\/noticias\/wp-content\/uploads\/sites\/32\/2024\/06\/1000168558-300x169.jpg 300w, https:\/\/jundiai.sp.gov.br\/noticias\/wp-content\/uploads\/sites\/32\/2024\/06\/1000168558-768x432.jpg 768w, https:\/\/jundiai.sp.gov.br\/noticias\/wp-content\/uploads\/sites\/32\/2024\/06\/1000168558-1536x864.jpg 1536w, https:\/\/jundiai.sp.gov.br\/noticias\/wp-content\/uploads\/sites\/32\/2024\/06\/1000168558.jpg 1600w\" sizes=\"auto, (max-width: 1280px) 100vw, 1280px\" \/><\/figure>\n\n\n\n<figure class=\"wp-block-image size-large\"><img loading=\"lazy\" decoding=\"async\" width=\"1280\" height=\"720\" data-id=\"346486\" src=\"https:\/\/jundiai.sp.gov.br\/noticias\/wp-content\/uploads\/sites\/32\/2024\/06\/1000168578-1280x720.jpg\" alt=\"\" class=\"wp-image-346486\" srcset=\"https:\/\/jundiai.sp.gov.br\/noticias\/wp-content\/uploads\/sites\/32\/2024\/06\/1000168578-1280x720.jpg 1280w, https:\/\/jundiai.sp.gov.br\/noticias\/wp-content\/uploads\/sites\/32\/2024\/06\/1000168578-300x169.jpg 300w, https:\/\/jundiai.sp.gov.br\/noticias\/wp-content\/uploads\/sites\/32\/2024\/06\/1000168578-768x432.jpg 768w, https:\/\/jundiai.sp.gov.br\/noticias\/wp-content\/uploads\/sites\/32\/2024\/06\/1000168578-1536x864.jpg 1536w, https:\/\/jundiai.sp.gov.br\/noticias\/wp-content\/uploads\/sites\/32\/2024\/06\/1000168578.jpg 1600w\" sizes=\"auto, (max-width: 1280px) 100vw, 1280px\" \/><\/figure>\n<\/figure>\n","protected":false},"excerpt":{"rendered":"<p>O movimento nas Unidades B\u00e1sicas de Sa\u00fade foi intenso neste s\u00e1bado (8), dia D da Campanha Nacional de Vacina\u00e7\u00e3o contra a Poliomielite para menores de 5 anos. Quatro postos atenderam ao p\u00fablico ao longo de todo o dia.&nbsp;&nbsp; Entre as pessoas que marcaram presen\u00e7a estava Rosilene Vieira Machado, que ao lado da filha Milena Vieira [&hellip;]<\/p>\n","protected":false},"author":80,"featured_media":346479,"comment_status":"closed","ping_status":"0","sticky":false,"template":"","format":"standard","meta":{"footnotes":""},"categories":[2],"tags":[4582,4581,2959,4449,2686,1348],"ods":[],"class_list":["post-346474","post","type-post","status-publish","format-standard","has-post-thumbnail","hentry","category-noticias","tag-campanha-contra-a-poliomielite","tag-campanha-nacional-contra-a-poliomielite","tag-dia-d","tag-promocao-da-saude-2","tag-unidade-de-gestao-de-promocao-da-saude-ugps","tag-vacina"],"_links":{"self":[{"href":"https:\/\/jundiai.sp.gov.br\/noticias\/wp-json\/wp\/v2\/posts\/346474","targetHints":{"allow":["GET"]}}],"collection":[{"href":"https:\/\/jundiai.sp.gov.br\/noticias\/wp-json\/wp\/v2\/posts"}],"about":[{"href":"https:\/\/jundiai.sp.gov.br\/noticias\/wp-json\/wp\/v2\/types\/post"}],"author":[{"embeddable":true,"href":"https:\/\/jundiai.sp.gov.br\/noticias\/wp-json\/wp\/v2\/users\/80"}],"replies":[{"embeddable":true,"href":"https:\/\/jundiai.sp.gov.br\/noticias\/wp-json\/wp\/v2\/comments?post=346474"}],"version-history":[{"count":2,"href":"https:\/\/jundiai.sp.gov.br\/noticias\/wp-json\/wp\/v2\/posts\/346474\/revisions"}],"predecessor-version":[{"id":346487,"href":"https:\/\/jundiai.sp.gov.br\/noticias\/wp-json\/wp\/v2\/posts\/346474\/revisions\/346487"}],"wp:featuredmedia":[{"embeddable":true,"href":"https:\/\/jundiai.sp.gov.br\/noticias\/wp-json\/wp\/v2\/media\/346479"}],"wp:attachment":[{"href":"https:\/\/jundiai.sp.gov.br\/noticias\/wp-json\/wp\/v2\/media?parent=346474"}],"wp:term":[{"taxonomy":"category","embeddable":true,"href":"https:\/\/jundiai.sp.gov.br\/noticias\/wp-json\/wp\/v2\/categories?post=346474"},{"taxonomy":"post_tag","embeddable":true,"href":"https:\/\/jundiai.sp.gov.br\/noticias\/wp-json\/wp\/v2\/tags?post=346474"},{"taxonomy":"ods","embeddable":true,"href":"https:\/\/jundiai.sp.gov.br\/noticias\/wp-json\/wp\/v2\/ods?post=346474"}],"curies":[{"name":"wp","href":"https:\/\/api.w.org\/{rel}","templated":true}]}}