{"id":346496,"date":"2024-06-10T15:43:34","date_gmt":"2024-06-10T18:43:34","guid":{"rendered":"https:\/\/jundiai.sp.gov.br\/noticias\/?p=346496"},"modified":"2024-06-11T08:36:39","modified_gmt":"2024-06-11T11:36:39","slug":"prefeito-de-jundiai-reassume-a-presidencia-do-cias","status":"publish","type":"post","link":"https:\/\/jundiai.sp.gov.br\/noticias\/2024\/06\/10\/prefeito-de-jundiai-reassume-a-presidencia-do-cias\/","title":{"rendered":"Prefeito de Jundia\u00ed reassume a presid\u00eancia de Cons\u00f3rcio Intermunicipal"},"content":{"rendered":"\n<p>O prefeito de Jundia\u00ed Luiz Fernando Machado foi eleito por aclama\u00e7\u00e3o para reassumir a cadeira de presidente do Cons\u00f3rcio Intermunicipal para A\u00e7\u00f5es Sustent\u00e1veis (Cias), na manh\u00e3 desta segunda-feira (10), em reuni\u00e3o da Sala de Situa\u00e7\u00e3o do Pa\u00e7o Municipal, em Jundia\u00ed. Al\u00e9m dele, a vice-presid\u00eancia est\u00e1 com Estanislau Steck, prefeito de Louveira. O encontro tratou apenas da elei\u00e7\u00e3o, dos respons\u00e1veis executivos do cons\u00f3rcio e da manuten\u00e7\u00e3o do Conselho Fiscal.<\/p>\n\n\n\n<p>Participaram do encontro, al\u00e9m de Luiz Fernando e Steck, o prefeito de V\u00e1rzea Paulista, Rodolfo Braga e Dario Pacheco de Morais, prefeito de Vinhedo. Ainda participaram a secret\u00e1ria de Administra\u00e7\u00e3o de Vinhedo, Cristiano Panizza e o gestor Executivo do Cias, H\u00e9lio Carletti Frigeri.<\/p>\n\n\n\n<figure class=\"wp-block-image size-large\"><img loading=\"lazy\" decoding=\"async\" width=\"1280\" height=\"854\" src=\"https:\/\/jundiai.sp.gov.br\/noticias\/wp-content\/uploads\/sites\/32\/2024\/06\/reuniao-cias-consorcio-intermunicipal-para-acoes-sustentaveis-com-luiz-fernando-machado_ws_45-1280x854.jpg\" alt=\"\" class=\"wp-image-346518\" srcset=\"https:\/\/jundiai.sp.gov.br\/noticias\/wp-content\/uploads\/sites\/32\/2024\/06\/reuniao-cias-consorcio-intermunicipal-para-acoes-sustentaveis-com-luiz-fernando-machado_ws_45-1280x854.jpg 1280w, https:\/\/jundiai.sp.gov.br\/noticias\/wp-content\/uploads\/sites\/32\/2024\/06\/reuniao-cias-consorcio-intermunicipal-para-acoes-sustentaveis-com-luiz-fernando-machado_ws_45-300x200.jpg 300w, https:\/\/jundiai.sp.gov.br\/noticias\/wp-content\/uploads\/sites\/32\/2024\/06\/reuniao-cias-consorcio-intermunicipal-para-acoes-sustentaveis-com-luiz-fernando-machado_ws_45-768x512.jpg 768w, https:\/\/jundiai.sp.gov.br\/noticias\/wp-content\/uploads\/sites\/32\/2024\/06\/reuniao-cias-consorcio-intermunicipal-para-acoes-sustentaveis-com-luiz-fernando-machado_ws_45-1536x1024.jpg 1536w, https:\/\/jundiai.sp.gov.br\/noticias\/wp-content\/uploads\/sites\/32\/2024\/06\/reuniao-cias-consorcio-intermunicipal-para-acoes-sustentaveis-com-luiz-fernando-machado_ws_45-450x300.jpg 450w, https:\/\/jundiai.sp.gov.br\/noticias\/wp-content\/uploads\/sites\/32\/2024\/06\/reuniao-cias-consorcio-intermunicipal-para-acoes-sustentaveis-com-luiz-fernando-machado_ws_45.jpg 1900w\" sizes=\"auto, (max-width: 1280px) 100vw, 1280px\" \/><figcaption class=\"wp-element-caption\">Prefeito de Jundia\u00ed Luiz Fernando Machado \u00e9 eleito por aclama\u00e7\u00e3o para reassumir o CIAS<\/figcaption><\/figure>\n\n\n\n<p>&#8220;O cons\u00f3rcio \u00e9 uma ferramenta muito importante para as cidades e incorpora possibilidades para quem n\u00e3o tem estrutura para o tratamento do pr\u00f3prio res\u00edduo. Existem a\u00e7\u00f5es que s\u00e3o tend\u00eancias mundiais e que tamb\u00e9m observamos, como \u00e9 a quest\u00e3o do tratamento de res\u00edduos da constru\u00e7\u00e3o civil, que Jundia\u00ed j\u00e1 conta, e o hidrog\u00eanio verde, que \u00e9 um ponto em que o Estado de S\u00e3o Paulo est\u00e1 interessado&#8221;, ressalta o prefeito Luiz Fernando. <\/p>\n\n\n\n<p>O Cias \u00e9 composto pelas cidades de Jundia\u00ed, V\u00e1rzea Paulista, Cajamar, Campo Limpo Paulista, Louveira e Vinhedo. <\/p>\n\n\n\n<p><strong>Assessoria de Imprensa<br>Fotos: Fot\u00f3grafos PMJ<\/strong><\/p>\n","protected":false},"excerpt":{"rendered":"<p>O prefeito de Jundia\u00ed Luiz Fernando Machado foi eleito por aclama\u00e7\u00e3o para reassumir a cadeira de presidente do Cons\u00f3rcio Intermunicipal para A\u00e7\u00f5es Sustent\u00e1veis (Cias), na manh\u00e3 desta segunda-feira (10), em reuni\u00e3o da Sala de Situa\u00e7\u00e3o do Pa\u00e7o Municipal, em Jundia\u00ed. Al\u00e9m dele, a vice-presid\u00eancia est\u00e1 com Estanislau Steck, prefeito de Louveira. O encontro tratou apenas [&hellip;]<\/p>\n","protected":false},"author":39,"featured_media":346518,"comment_status":"closed","ping_status":"0","sticky":false,"template":"","format":"standard","meta":{"footnotes":""},"categories":[2],"tags":[3024,1176],"ods":[],"class_list":["post-346496","post","type-post","status-publish","format-standard","has-post-thumbnail","hentry","category-noticias","tag-consorcio-intermunicipal-de-aterro-sanitario","tag-prefeito-luiz-fernando-machado"],"_links":{"self":[{"href":"https:\/\/jundiai.sp.gov.br\/noticias\/wp-json\/wp\/v2\/posts\/346496","targetHints":{"allow":["GET"]}}],"collection":[{"href":"https:\/\/jundiai.sp.gov.br\/noticias\/wp-json\/wp\/v2\/posts"}],"about":[{"href":"https:\/\/jundiai.sp.gov.br\/noticias\/wp-json\/wp\/v2\/types\/post"}],"author":[{"embeddable":true,"href":"https:\/\/jundiai.sp.gov.br\/noticias\/wp-json\/wp\/v2\/users\/39"}],"replies":[{"embeddable":true,"href":"https:\/\/jundiai.sp.gov.br\/noticias\/wp-json\/wp\/v2\/comments?post=346496"}],"version-history":[{"count":7,"href":"https:\/\/jundiai.sp.gov.br\/noticias\/wp-json\/wp\/v2\/posts\/346496\/revisions"}],"predecessor-version":[{"id":346538,"href":"https:\/\/jundiai.sp.gov.br\/noticias\/wp-json\/wp\/v2\/posts\/346496\/revisions\/346538"}],"wp:featuredmedia":[{"embeddable":true,"href":"https:\/\/jundiai.sp.gov.br\/noticias\/wp-json\/wp\/v2\/media\/346518"}],"wp:attachment":[{"href":"https:\/\/jundiai.sp.gov.br\/noticias\/wp-json\/wp\/v2\/media?parent=346496"}],"wp:term":[{"taxonomy":"category","embeddable":true,"href":"https:\/\/jundiai.sp.gov.br\/noticias\/wp-json\/wp\/v2\/categories?post=346496"},{"taxonomy":"post_tag","embeddable":true,"href":"https:\/\/jundiai.sp.gov.br\/noticias\/wp-json\/wp\/v2\/tags?post=346496"},{"taxonomy":"ods","embeddable":true,"href":"https:\/\/jundiai.sp.gov.br\/noticias\/wp-json\/wp\/v2\/ods?post=346496"}],"curies":[{"name":"wp","href":"https:\/\/api.w.org\/{rel}","templated":true}]}}