{"id":347158,"date":"2024-06-24T10:05:52","date_gmt":"2024-06-24T13:05:52","guid":{"rendered":"https:\/\/jundiai.sp.gov.br\/noticias\/?p=347158"},"modified":"2024-06-24T10:09:45","modified_gmt":"2024-06-24T13:09:45","slug":"controle-de-perdas-de-agua-dae-realiza-balanco-hidrico","status":"publish","type":"post","link":"https:\/\/jundiai.sp.gov.br\/noticias\/2024\/06\/24\/controle-de-perdas-de-agua-dae-realiza-balanco-hidrico\/","title":{"rendered":"Controle de perdas de \u00e1gua: DAE realiza Balan\u00e7o H\u00eddrico"},"content":{"rendered":"\n<p>A DAE Jundia\u00ed realiza, anualmente, o Balan\u00e7o H\u00eddrico, matriz que identifica componentes de perdas de \u00e1gua comerciais, cujo consumo n\u00e3o \u00e9 contabilizado pela DAE por conta de fraudes ou liga\u00e7\u00f5es irregulares, e as perdas reais ou f\u00edsicas, que ocorrem durante a distribui\u00e7\u00e3o em fun\u00e7\u00e3o de vazamentos, por exemplo.<\/p>\n\n\n\n<p>Para isso, a Ger\u00eancia de Controle de Perdas da empresa, que integra a Diretoria de Opera\u00e7\u00f5es, contratou o IPT (Instituto de Pesquisas Tecnol\u00f3gicas) do Governo do Estado de S\u00e3o Paulo. O \u00f3rg\u00e3o \u00e9 considerado o maior centro de pesquisas aplicadas do Pa\u00eds.<\/p>\n\n\n\n<p>\u201cPara otimizar os recursos em locais onde a perda \u00e9 mais cr\u00edtica, a DAE emprega metodologias internacionais visando transformar estes volumes em componentes espec\u00edficos. Uma delas \u00e9 o Balan\u00e7o H\u00eddrico, m\u00e9todo utilizado desde 2014 para analisar os componentes de perdas de \u00e1gua na distribui\u00e7\u00e3o\u201d, conta a gerente da \u00e1rea, Fernanda Calheiros.<\/p>\n\n\n<div class=\"wp-block-image\">\n<figure class=\"aligncenter size-large\"><a href=\"https:\/\/jundiai.sp.gov.br\/noticias\/wp-content\/uploads\/sites\/32\/2024\/06\/balanco-hidrico_dae.jpeg\"><img loading=\"lazy\" decoding=\"async\" width=\"1280\" height=\"720\" src=\"https:\/\/jundiai.sp.gov.br\/noticias\/wp-content\/uploads\/sites\/32\/2024\/06\/balanco-hidrico_dae-1280x720.jpeg\" alt=\"\" class=\"wp-image-347160\" srcset=\"https:\/\/jundiai.sp.gov.br\/noticias\/wp-content\/uploads\/sites\/32\/2024\/06\/balanco-hidrico_dae-1280x720.jpeg 1280w, https:\/\/jundiai.sp.gov.br\/noticias\/wp-content\/uploads\/sites\/32\/2024\/06\/balanco-hidrico_dae-300x169.jpeg 300w, https:\/\/jundiai.sp.gov.br\/noticias\/wp-content\/uploads\/sites\/32\/2024\/06\/balanco-hidrico_dae-768x432.jpeg 768w, https:\/\/jundiai.sp.gov.br\/noticias\/wp-content\/uploads\/sites\/32\/2024\/06\/balanco-hidrico_dae-1536x864.jpeg 1536w, https:\/\/jundiai.sp.gov.br\/noticias\/wp-content\/uploads\/sites\/32\/2024\/06\/balanco-hidrico_dae.jpeg 1600w\" sizes=\"auto, (max-width: 1280px) 100vw, 1280px\" \/><\/a><figcaption class=\"wp-element-caption\">Olga Yoshida e Kazuto Kawakita, do IPT, conhecem os pain\u00e9is que operam a Casa de Bombas do Recalque, acompanhados pelos gerentes da DAE Fernanda Calheiros e Leandro Ferro<\/figcaption><\/figure>\n<\/div>\n\n\n<p>Segundo ela, a matriz de balan\u00e7o h\u00eddrico foi preconizada pelos profissionais da IWA (International Water Association) como ferramenta para a redu\u00e7\u00e3o das perdas de \u00e1gua, \u201cessencialmente para garantir a preserva\u00e7\u00e3o dos recursos h\u00eddricos\u201d, complementa.<\/p>\n\n\n\n<p>Os especialistas Olga Satomi Yoshida, doutora em Estat\u00edstica, e Kazuto Kawakita, mestre e doutor em Engenharia da Unidade de Tecnologias Regulat\u00f3rias e Metrol\u00f3gicas e do Laborat\u00f3rio de Vaz\u00e3o do IPT estiveram na DAE para conhecer de perto o sistema. Al\u00e9m de Fernanda, eles foram acompanhados pelo gerente de Eletromec\u00e2nica e Opera\u00e7\u00f5es, Leandro Ferro. Com prazo at\u00e9 dezembro de 2024, o investimento \u00e9 de R$ 336 mil.<\/p>\n\n\n\n<p><strong>Redu\u00e7\u00e3o<\/strong><\/p>\n\n\n\n<p>As perdas de \u00e1gua em um sistema de abastecimento representam os volumes de \u00e1gua n\u00e3o contabilizados. Segundo dados do SNIS (Sistema Nacional de Informa\u00e7\u00f5es sobre Saneamento), o \u00edndice de perdas de \u00e1gua na distribui\u00e7\u00e3o, em 2021, no Brasil, foi de 40,25%; no Estado de S\u00e3o Paulo, 34,5% e, em Jundia\u00ed, de 33,32% &#8211; sendo as perdas comerciais 24,4% e as perdas f\u00edsicas 8,92%.<\/p>\n\n\n\n<figure class=\"wp-block-gallery has-nested-images columns-default is-cropped wp-block-gallery-1 is-layout-flex wp-block-gallery-is-layout-flex\">\n<figure class=\"wp-block-image size-large\"><img loading=\"lazy\" decoding=\"async\" width=\"1280\" height=\"720\" data-id=\"347161\" src=\"https:\/\/jundiai.sp.gov.br\/noticias\/wp-content\/uploads\/sites\/32\/2024\/06\/balanco-hidrico_dae-1.jpg\" alt=\"\" class=\"wp-image-347161\" srcset=\"https:\/\/jundiai.sp.gov.br\/noticias\/wp-content\/uploads\/sites\/32\/2024\/06\/balanco-hidrico_dae-1.jpg 1280w, https:\/\/jundiai.sp.gov.br\/noticias\/wp-content\/uploads\/sites\/32\/2024\/06\/balanco-hidrico_dae-1-300x169.jpg 300w, https:\/\/jundiai.sp.gov.br\/noticias\/wp-content\/uploads\/sites\/32\/2024\/06\/balanco-hidrico_dae-1-768x432.jpg 768w\" sizes=\"auto, (max-width: 1280px) 100vw, 1280px\" \/><figcaption class=\"wp-element-caption\">Ca\u00e7a vazamento est\u00e1 entre as a\u00e7\u00f5es para reduzir as perdas de \u00e1gua<\/figcaption><\/figure>\n\n\n\n<figure class=\"wp-block-image size-large\"><img loading=\"lazy\" decoding=\"async\" width=\"1280\" height=\"853\" data-id=\"347162\" src=\"https:\/\/jundiai.sp.gov.br\/noticias\/wp-content\/uploads\/sites\/32\/2024\/06\/balanco-hidrico_dae-2-1280x853.jpg\" alt=\"\" class=\"wp-image-347162\" srcset=\"https:\/\/jundiai.sp.gov.br\/noticias\/wp-content\/uploads\/sites\/32\/2024\/06\/balanco-hidrico_dae-2-1280x853.jpg 1280w, https:\/\/jundiai.sp.gov.br\/noticias\/wp-content\/uploads\/sites\/32\/2024\/06\/balanco-hidrico_dae-2-300x200.jpg 300w, https:\/\/jundiai.sp.gov.br\/noticias\/wp-content\/uploads\/sites\/32\/2024\/06\/balanco-hidrico_dae-2-768x512.jpg 768w, https:\/\/jundiai.sp.gov.br\/noticias\/wp-content\/uploads\/sites\/32\/2024\/06\/balanco-hidrico_dae-2-1536x1023.jpg 1536w, https:\/\/jundiai.sp.gov.br\/noticias\/wp-content\/uploads\/sites\/32\/2024\/06\/balanco-hidrico_dae-2-450x300.jpg 450w, https:\/\/jundiai.sp.gov.br\/noticias\/wp-content\/uploads\/sites\/32\/2024\/06\/balanco-hidrico_dae-2.jpg 1900w\" sizes=\"auto, (max-width: 1280px) 100vw, 1280px\" \/><figcaption class=\"wp-element-caption\">Troca de hidr\u00f4metros com mais de cinco anos de uso tamb\u00e9m faz parte das iniciativas<\/figcaption><\/figure>\n<\/figure>\n\n\n\n<p>Para redu\u00e7\u00e3o destes n\u00fameros, a DAE realiza a\u00e7\u00f5es como pesquisas de vazamentos n\u00e3o vis\u00edveis, remanejamentos e moderniza\u00e7\u00e3o da rede e implanta\u00e7\u00e3o de Distritos de Medi\u00e7\u00e3o e Controle (DMC) e telemetria para opera\u00e7\u00e3o em tempo real dos sistemas. A renova\u00e7\u00e3o do Parque de Hidr\u00f4metros, cujos equipamentos devem ser substitu\u00eddos a cada cinco anos, tamb\u00e9m faz parte do trabalho.<\/p>\n\n\n\n<p><strong>Assessoria de Comunica\u00e7\u00e3o &#8211; DAE Jundia\u00ed<\/strong><\/p>\n\n\n\n<p><strong>Fotos: DAE Jundia\u00ed<\/strong><\/p>\n","protected":false},"excerpt":{"rendered":"<p>A DAE Jundia\u00ed realiza, anualmente, o Balan\u00e7o H\u00eddrico, matriz que identifica componentes de perdas de \u00e1gua comerciais, cujo consumo n\u00e3o \u00e9 contabilizado pela DAE por conta de fraudes ou liga\u00e7\u00f5es irregulares, e as perdas reais ou f\u00edsicas, que ocorrem durante a distribui\u00e7\u00e3o em fun\u00e7\u00e3o de vazamentos, por exemplo. Para isso, a Ger\u00eancia de Controle de [&hellip;]<\/p>\n","protected":false},"author":51,"featured_media":347160,"comment_status":"closed","ping_status":"0","sticky":false,"template":"","format":"standard","meta":{"footnotes":""},"categories":[2],"tags":[4597,4149,66,1940],"ods":[],"class_list":["post-347158","post","type-post","status-publish","format-standard","has-post-thumbnail","hentry","category-noticias","tag-balanco-hidrico","tag-controle-de-perdas","tag-dae","tag-dae-jundiai"],"_links":{"self":[{"href":"https:\/\/jundiai.sp.gov.br\/noticias\/wp-json\/wp\/v2\/posts\/347158","targetHints":{"allow":["GET"]}}],"collection":[{"href":"https:\/\/jundiai.sp.gov.br\/noticias\/wp-json\/wp\/v2\/posts"}],"about":[{"href":"https:\/\/jundiai.sp.gov.br\/noticias\/wp-json\/wp\/v2\/types\/post"}],"author":[{"embeddable":true,"href":"https:\/\/jundiai.sp.gov.br\/noticias\/wp-json\/wp\/v2\/users\/51"}],"replies":[{"embeddable":true,"href":"https:\/\/jundiai.sp.gov.br\/noticias\/wp-json\/wp\/v2\/comments?post=347158"}],"version-history":[{"count":3,"href":"https:\/\/jundiai.sp.gov.br\/noticias\/wp-json\/wp\/v2\/posts\/347158\/revisions"}],"predecessor-version":[{"id":347165,"href":"https:\/\/jundiai.sp.gov.br\/noticias\/wp-json\/wp\/v2\/posts\/347158\/revisions\/347165"}],"wp:featuredmedia":[{"embeddable":true,"href":"https:\/\/jundiai.sp.gov.br\/noticias\/wp-json\/wp\/v2\/media\/347160"}],"wp:attachment":[{"href":"https:\/\/jundiai.sp.gov.br\/noticias\/wp-json\/wp\/v2\/media?parent=347158"}],"wp:term":[{"taxonomy":"category","embeddable":true,"href":"https:\/\/jundiai.sp.gov.br\/noticias\/wp-json\/wp\/v2\/categories?post=347158"},{"taxonomy":"post_tag","embeddable":true,"href":"https:\/\/jundiai.sp.gov.br\/noticias\/wp-json\/wp\/v2\/tags?post=347158"},{"taxonomy":"ods","embeddable":true,"href":"https:\/\/jundiai.sp.gov.br\/noticias\/wp-json\/wp\/v2\/ods?post=347158"}],"curies":[{"name":"wp","href":"https:\/\/api.w.org\/{rel}","templated":true}]}}