{"id":347315,"date":"2024-06-26T16:44:44","date_gmt":"2024-06-26T19:44:44","guid":{"rendered":"https:\/\/jundiai.sp.gov.br\/noticias\/?p=347315"},"modified":"2024-06-26T16:44:44","modified_gmt":"2024-06-26T19:44:44","slug":"comitiva-de-goias-busca-experiencia-em-gestao-na-dae-jundiai","status":"publish","type":"post","link":"https:\/\/jundiai.sp.gov.br\/noticias\/2024\/06\/26\/comitiva-de-goias-busca-experiencia-em-gestao-na-dae-jundiai\/","title":{"rendered":"Comitiva de Goi\u00e1s busca experi\u00eancia em gest\u00e3o na DAE Jundia\u00ed"},"content":{"rendered":"\n<p>A secret\u00e1ria municipal de Saneamento de Chapad\u00e3o do C\u00e9u, munic\u00edpio de Goi\u00e1s, Marcijane Fran\u00e7a Veloso, acompanhada de servidores do Sistema de \u00c1gua e Esgoto da cidade (Saneaceu) e de vereadores, conheceu de perto, nesta quarta-feira (26), o trabalho realizado pela DAE Jundia\u00ed. A ideia surgiu depois que Marcijane esteve no estande de Jundia\u00ed, que reuniu a DAE e a Companhia Saneamento de Jundia\u00ed (CSJ), durante o 52\u00ba Congresso da Assemae, realizado em maio em Ribeir\u00e3o Preto.<\/p>\n\n\n\n<figure class=\"wp-block-gallery has-nested-images columns-default is-cropped wp-block-gallery-1 is-layout-flex wp-block-gallery-is-layout-flex\">\n<figure class=\"wp-block-image size-large\"><img loading=\"lazy\" decoding=\"async\" width=\"1280\" height=\"960\" data-id=\"347317\" src=\"https:\/\/jundiai.sp.gov.br\/noticias\/wp-content\/uploads\/sites\/32\/2024\/06\/dae_chapadao-do-ceu-3-1280x960.jpeg\" alt=\"\" class=\"wp-image-347317\" srcset=\"https:\/\/jundiai.sp.gov.br\/noticias\/wp-content\/uploads\/sites\/32\/2024\/06\/dae_chapadao-do-ceu-3-1280x960.jpeg 1280w, https:\/\/jundiai.sp.gov.br\/noticias\/wp-content\/uploads\/sites\/32\/2024\/06\/dae_chapadao-do-ceu-3-300x225.jpeg 300w, https:\/\/jundiai.sp.gov.br\/noticias\/wp-content\/uploads\/sites\/32\/2024\/06\/dae_chapadao-do-ceu-3-768x576.jpeg 768w, https:\/\/jundiai.sp.gov.br\/noticias\/wp-content\/uploads\/sites\/32\/2024\/06\/dae_chapadao-do-ceu-3-1536x1152.jpeg 1536w, https:\/\/jundiai.sp.gov.br\/noticias\/wp-content\/uploads\/sites\/32\/2024\/06\/dae_chapadao-do-ceu-3.jpeg 1600w\" sizes=\"auto, (max-width: 1280px) 100vw, 1280px\" \/><figcaption class=\"wp-element-caption\">Mundo das Crian\u00e7as e Parque da Cidade integraram roteiro<\/figcaption><\/figure>\n\n\n\n<figure class=\"wp-block-image size-large\"><img loading=\"lazy\" decoding=\"async\" width=\"1280\" height=\"960\" data-id=\"347316\" src=\"https:\/\/jundiai.sp.gov.br\/noticias\/wp-content\/uploads\/sites\/32\/2024\/06\/dae_chapadao-do-ceu-1-1280x960.jpeg\" alt=\"\" class=\"wp-image-347316\" srcset=\"https:\/\/jundiai.sp.gov.br\/noticias\/wp-content\/uploads\/sites\/32\/2024\/06\/dae_chapadao-do-ceu-1-1280x960.jpeg 1280w, https:\/\/jundiai.sp.gov.br\/noticias\/wp-content\/uploads\/sites\/32\/2024\/06\/dae_chapadao-do-ceu-1-300x225.jpeg 300w, https:\/\/jundiai.sp.gov.br\/noticias\/wp-content\/uploads\/sites\/32\/2024\/06\/dae_chapadao-do-ceu-1-768x576.jpeg 768w, https:\/\/jundiai.sp.gov.br\/noticias\/wp-content\/uploads\/sites\/32\/2024\/06\/dae_chapadao-do-ceu-1-1536x1152.jpeg 1536w, https:\/\/jundiai.sp.gov.br\/noticias\/wp-content\/uploads\/sites\/32\/2024\/06\/dae_chapadao-do-ceu-1.jpeg 1600w\" sizes=\"auto, (max-width: 1280px) 100vw, 1280px\" \/><figcaption class=\"wp-element-caption\">Na sede da DAE, eles conheceram de perto o Laborat\u00f3rio de Controle de Qualidade<\/figcaption><\/figure>\n<\/figure>\n\n\n\n<p>Em Jundia\u00ed, a equipe visitou o Parque da Cidade e o Mundo das Crian\u00e7as. Na sede da DAE, onde foram recebidos pelo diretor presidente, Walter da Costa e Silva Filho, e pelo diretor superintendente de Gest\u00e3o, Evandro Biancarelli, assistiram a uma apresenta\u00e7\u00e3o sobre a estrutura administrativa da empresa, al\u00e9m de indicadores e projetos futuros. Em seguida, eles estiveram no Laborat\u00f3rio de Controle de Qualidade.<\/p>\n\n\n\n<p>\u201cTivemos a chance de compreender melhor o sucesso da DAE. H\u00e1 um planejamento e uma gest\u00e3o que garantem a efici\u00eancia do saneamento e dos resultados\u201d, disse Marcijane. \u201cMaravilhoso tamb\u00e9m o trabalho dos parques, que oferecem educa\u00e7\u00e3o ambiental e t\u00eam um papel social\u201d, complementou.<\/p>\n\n\n\n<p>Com ela, vieram o superintendente de Saneamento da Saneaceu, Rozenildo Apolin\u00e1rio de Lima; a engenheira ambiental e sanitarista Vit\u00f3ria Aguiar Barbosa; a analista de Laborat\u00f3rio Rafaella Veloso de Souza; o assessor Ant\u00f4nio Carlos da Silva Sampaio, e os vereadores Jair Carneiro de Freitas Filho e Walter Rosa.<\/p>\n\n\n\n<p>O dia terminou com uma visita \u00e0 Esta\u00e7\u00e3o de Tratamento de Esgoto Jundia\u00ed, operada por concess\u00e3o pela CSJ.<\/p>\n\n\n\n<p><strong>Assessoria de Comunica\u00e7\u00e3o &#8211; DAE Jundia\u00ed<\/strong><\/p>\n\n\n\n<p><strong>Fotos: DAE Jundia\u00ed<\/strong><\/p>\n","protected":false},"excerpt":{"rendered":"<p>A secret\u00e1ria municipal de Saneamento de Chapad\u00e3o do C\u00e9u, munic\u00edpio de Goi\u00e1s, Marcijane Fran\u00e7a Veloso, acompanhada de servidores do Sistema de \u00c1gua e Esgoto da cidade (Saneaceu) e de vereadores, conheceu de perto, nesta quarta-feira (26), o trabalho realizado pela DAE Jundia\u00ed. A ideia surgiu depois que Marcijane esteve no estande de Jundia\u00ed, que reuniu [&hellip;]<\/p>\n","protected":false},"author":51,"featured_media":347318,"comment_status":"closed","ping_status":"0","sticky":false,"template":"","format":"standard","meta":{"footnotes":""},"categories":[2],"tags":[4169,66,1940,1436,47],"ods":[],"class_list":["post-347315","post","type-post","status-publish","format-standard","has-post-thumbnail","hentry","category-noticias","tag-csj","tag-dae","tag-dae-jundiai","tag-mundo-das-criancas","tag-parque-da-cidade"],"_links":{"self":[{"href":"https:\/\/jundiai.sp.gov.br\/noticias\/wp-json\/wp\/v2\/posts\/347315","targetHints":{"allow":["GET"]}}],"collection":[{"href":"https:\/\/jundiai.sp.gov.br\/noticias\/wp-json\/wp\/v2\/posts"}],"about":[{"href":"https:\/\/jundiai.sp.gov.br\/noticias\/wp-json\/wp\/v2\/types\/post"}],"author":[{"embeddable":true,"href":"https:\/\/jundiai.sp.gov.br\/noticias\/wp-json\/wp\/v2\/users\/51"}],"replies":[{"embeddable":true,"href":"https:\/\/jundiai.sp.gov.br\/noticias\/wp-json\/wp\/v2\/comments?post=347315"}],"version-history":[{"count":1,"href":"https:\/\/jundiai.sp.gov.br\/noticias\/wp-json\/wp\/v2\/posts\/347315\/revisions"}],"predecessor-version":[{"id":347319,"href":"https:\/\/jundiai.sp.gov.br\/noticias\/wp-json\/wp\/v2\/posts\/347315\/revisions\/347319"}],"wp:featuredmedia":[{"embeddable":true,"href":"https:\/\/jundiai.sp.gov.br\/noticias\/wp-json\/wp\/v2\/media\/347318"}],"wp:attachment":[{"href":"https:\/\/jundiai.sp.gov.br\/noticias\/wp-json\/wp\/v2\/media?parent=347315"}],"wp:term":[{"taxonomy":"category","embeddable":true,"href":"https:\/\/jundiai.sp.gov.br\/noticias\/wp-json\/wp\/v2\/categories?post=347315"},{"taxonomy":"post_tag","embeddable":true,"href":"https:\/\/jundiai.sp.gov.br\/noticias\/wp-json\/wp\/v2\/tags?post=347315"},{"taxonomy":"ods","embeddable":true,"href":"https:\/\/jundiai.sp.gov.br\/noticias\/wp-json\/wp\/v2\/ods?post=347315"}],"curies":[{"name":"wp","href":"https:\/\/api.w.org\/{rel}","templated":true}]}}