{"id":347345,"date":"2024-06-28T08:00:00","date_gmt":"2024-06-28T11:00:00","guid":{"rendered":"https:\/\/jundiai.sp.gov.br\/noticias\/?p=347345"},"modified":"2024-06-27T17:27:09","modified_gmt":"2024-06-27T20:27:09","slug":"febre-maculosa-trabalho-para-a-prevencao-da-doenca-e-intensificado","status":"publish","type":"post","link":"https:\/\/jundiai.sp.gov.br\/noticias\/2024\/06\/28\/febre-maculosa-trabalho-para-a-prevencao-da-doenca-e-intensificado\/","title":{"rendered":"Febre Maculosa: trabalho para a preven\u00e7\u00e3o da doen\u00e7a \u00e9 intensificado"},"content":{"rendered":"\n<p>Jundia\u00ed segue dando andamento \u00e0s medidas de preven\u00e7\u00e3o \u00e0 Febre Maculosa (FMB), doen\u00e7a end\u00eamica na regi\u00e3o. Esta \u00e9poca do ano, de clima mais seco, \u00e9 prop\u00edcia para a incid\u00eancia de carrapatos, incluindo o carrapato-estrela (Amblyomma sculptum), que quando contaminados com a bact\u00e9ria Rickettsia rickettsii transmitem a doen\u00e7a.<\/p>\n\n\n\n<p>\u201cNeste per\u00edodo do ano, at\u00e9 aproximadamente outubro, encontramos mais comumente no ambiente as fases imaturas dos carrapatos-estrelas, conhecidas como micuim. Pelo seu pequeno tamanho, sua presen\u00e7a no corpo, ou at\u00e9 suas picadas, podem passar despercebidas, facilitando a transmiss\u00e3o da doen\u00e7a, caso estejam contaminados. Felizmente, bem menos de 1% da popula\u00e7\u00e3o de carrapato-estrela presente no ambiente est\u00e1 contaminada. Contudo, de maneira permanente e envolvendo as diversas Unidades de Gest\u00e3o, atuamos no enfrentamento e preven\u00e7\u00e3o\u201d, explica o coordenador da Vigil\u00e2ncia em Sa\u00fade Ambiental (VISAM), \u00f3rg\u00e3o da Unidade de Gest\u00e3o de Promo\u00e7\u00e3o da Sa\u00fade (UGPS), Luis Gustavo Grijota Nascimento.<\/p>\n\n\n\n<figure class=\"wp-block-image size-large\"><img loading=\"lazy\" decoding=\"async\" width=\"1280\" height=\"854\" src=\"https:\/\/jundiai.sp.gov.br\/noticias\/wp-content\/uploads\/sites\/32\/2024\/06\/acao_contra_carrapato_estrela__parque_engordadouro_rc-47-1280x854.jpg\" alt=\"\" class=\"wp-image-347346\" srcset=\"https:\/\/jundiai.sp.gov.br\/noticias\/wp-content\/uploads\/sites\/32\/2024\/06\/acao_contra_carrapato_estrela__parque_engordadouro_rc-47-1280x854.jpg 1280w, https:\/\/jundiai.sp.gov.br\/noticias\/wp-content\/uploads\/sites\/32\/2024\/06\/acao_contra_carrapato_estrela__parque_engordadouro_rc-47-300x200.jpg 300w, https:\/\/jundiai.sp.gov.br\/noticias\/wp-content\/uploads\/sites\/32\/2024\/06\/acao_contra_carrapato_estrela__parque_engordadouro_rc-47-768x512.jpg 768w, https:\/\/jundiai.sp.gov.br\/noticias\/wp-content\/uploads\/sites\/32\/2024\/06\/acao_contra_carrapato_estrela__parque_engordadouro_rc-47-1536x1024.jpg 1536w, https:\/\/jundiai.sp.gov.br\/noticias\/wp-content\/uploads\/sites\/32\/2024\/06\/acao_contra_carrapato_estrela__parque_engordadouro_rc-47-450x300.jpg 450w, https:\/\/jundiai.sp.gov.br\/noticias\/wp-content\/uploads\/sites\/32\/2024\/06\/acao_contra_carrapato_estrela__parque_engordadouro_rc-47.jpg 1900w\" sizes=\"auto, (max-width: 1280px) 100vw, 1280px\" \/><figcaption class=\"wp-element-caption\">\u00c1reas p\u00fablicas s\u00e3o monitoradas durante o ano todo<\/figcaption><\/figure>\n\n\n\n<p>Entre as atividades preconizadas est\u00e1 o acompanhamento de \u00e1reas p\u00fablicas onde h\u00e1 circula\u00e7\u00e3o de animais hospedeiros de carrapatos, como capivaras, bois e cavalos. S\u00e3o locais que contam, inclusive, com placas de alerta sobre a ocorr\u00eancia dos artr\u00f3podes, exigindo a maior aten\u00e7\u00e3o da popula\u00e7\u00e3o. <\/p>\n\n\n\n<p>Tamb\u00e9m s\u00e3o monitoradas pelas equipes t\u00e9cnicas as quatro \u00e1reas classificadas como de risco de transmiss\u00e3o da doen\u00e7a, conforme as diretrizes da Secretaria de Estado da Sa\u00fade. S\u00e3o elas: Malota, Vila Maring\u00e1 (com os bairros Terra Nova e Paiol Velho), Vista Alegre e Pinheirinho.<\/p>\n\n\n\n<p>\u201c\u00c9 um trabalho permanente e rotineiro, com outras a\u00e7\u00f5es desenvolvidas concomitantemente, mas que \u00e9 intensificado neste per\u00edodo\u201d, ressalta o coordenador da VISAM.<\/p>\n\n\n\n<figure class=\"wp-block-gallery has-nested-images columns-default is-cropped wp-block-gallery-1 is-layout-flex wp-block-gallery-is-layout-flex\">\n<figure class=\"wp-block-image size-large\"><a href=\"https:\/\/jundiai.sp.gov.br\/noticias\/wp-content\/uploads\/sites\/32\/2024\/06\/acao_contra_carrapato_estrela__parque_engordadouro_rc-24.jpg\"><img loading=\"lazy\" decoding=\"async\" width=\"1280\" height=\"854\" data-id=\"347348\" src=\"https:\/\/jundiai.sp.gov.br\/noticias\/wp-content\/uploads\/sites\/32\/2024\/06\/acao_contra_carrapato_estrela__parque_engordadouro_rc-24-1280x854.jpg\" alt=\"\" class=\"wp-image-347348\" srcset=\"https:\/\/jundiai.sp.gov.br\/noticias\/wp-content\/uploads\/sites\/32\/2024\/06\/acao_contra_carrapato_estrela__parque_engordadouro_rc-24-1280x854.jpg 1280w, https:\/\/jundiai.sp.gov.br\/noticias\/wp-content\/uploads\/sites\/32\/2024\/06\/acao_contra_carrapato_estrela__parque_engordadouro_rc-24-300x200.jpg 300w, https:\/\/jundiai.sp.gov.br\/noticias\/wp-content\/uploads\/sites\/32\/2024\/06\/acao_contra_carrapato_estrela__parque_engordadouro_rc-24-768x512.jpg 768w, https:\/\/jundiai.sp.gov.br\/noticias\/wp-content\/uploads\/sites\/32\/2024\/06\/acao_contra_carrapato_estrela__parque_engordadouro_rc-24-1536x1024.jpg 1536w, https:\/\/jundiai.sp.gov.br\/noticias\/wp-content\/uploads\/sites\/32\/2024\/06\/acao_contra_carrapato_estrela__parque_engordadouro_rc-24-450x300.jpg 450w, https:\/\/jundiai.sp.gov.br\/noticias\/wp-content\/uploads\/sites\/32\/2024\/06\/acao_contra_carrapato_estrela__parque_engordadouro_rc-24.jpg 1900w\" sizes=\"auto, (max-width: 1280px) 100vw, 1280px\" \/><\/a><figcaption class=\"wp-element-caption\">Os espa\u00e7os contam com placas de alerta<\/figcaption><\/figure>\n\n\n\n<figure class=\"wp-block-image size-large\"><a href=\"https:\/\/jundiai.sp.gov.br\/noticias\/wp-content\/uploads\/sites\/32\/2024\/06\/acao_contra_carrapato_estrela__parque_engordadouro_rc-13.jpg\"><img loading=\"lazy\" decoding=\"async\" width=\"1280\" height=\"854\" data-id=\"347347\" src=\"https:\/\/jundiai.sp.gov.br\/noticias\/wp-content\/uploads\/sites\/32\/2024\/06\/acao_contra_carrapato_estrela__parque_engordadouro_rc-13-1280x854.jpg\" alt=\"\" class=\"wp-image-347347\" srcset=\"https:\/\/jundiai.sp.gov.br\/noticias\/wp-content\/uploads\/sites\/32\/2024\/06\/acao_contra_carrapato_estrela__parque_engordadouro_rc-13-1280x854.jpg 1280w, https:\/\/jundiai.sp.gov.br\/noticias\/wp-content\/uploads\/sites\/32\/2024\/06\/acao_contra_carrapato_estrela__parque_engordadouro_rc-13-300x200.jpg 300w, https:\/\/jundiai.sp.gov.br\/noticias\/wp-content\/uploads\/sites\/32\/2024\/06\/acao_contra_carrapato_estrela__parque_engordadouro_rc-13-768x512.jpg 768w, https:\/\/jundiai.sp.gov.br\/noticias\/wp-content\/uploads\/sites\/32\/2024\/06\/acao_contra_carrapato_estrela__parque_engordadouro_rc-13-1536x1024.jpg 1536w, https:\/\/jundiai.sp.gov.br\/noticias\/wp-content\/uploads\/sites\/32\/2024\/06\/acao_contra_carrapato_estrela__parque_engordadouro_rc-13-450x300.jpg 450w, https:\/\/jundiai.sp.gov.br\/noticias\/wp-content\/uploads\/sites\/32\/2024\/06\/acao_contra_carrapato_estrela__parque_engordadouro_rc-13.jpg 1900w\" sizes=\"auto, (max-width: 1280px) 100vw, 1280px\" \/><\/a><figcaption class=\"wp-element-caption\">Menos de 1% dos carrapatos est\u00e3o contaminados<\/figcaption><\/figure>\n<\/figure>\n\n\n\n<p><strong>Orienta\u00e7\u00e3o<\/strong><br>Outra medida preventiva \u00e9 o trabalho de orienta\u00e7\u00e3o \u00e0 popula\u00e7\u00e3o, ao longo do ano, sobre a doen\u00e7a e sua preven\u00e7\u00e3o, e a necessidade de buscar atendimento m\u00e9dico imediatamente na presen\u00e7a de sintomas ap\u00f3s contato com os animais hospedeiros de carrapatos ou visita \u00e0s \u00e1reas de mata, pasto e matas ciliares, relatando esse hist\u00f3rico \u00e0 equipe de sa\u00fade.<\/p>\n\n\n\n<p>A Febre Maculosa tem como sintomas: febre, dor no corpo, dor de cabe\u00e7a ou manchas avermelhadas pelo corpo. O per\u00edodo de incuba\u00e7\u00e3o \u00e9 de 2 a 14 dias. O tratamento oportuno \u00e9 essencial para evitar formas mais graves da doen\u00e7a e \u00f3bitos.<\/p>\n\n\n\n<p><strong>Cen\u00e1rio<\/strong><br>Neste ano, Jundia\u00ed n\u00e3o registra casos confirmados de Febre Maculosa. A cidade acumula 46 notifica\u00e7\u00f5es. Dessas, 31 foram descartadas e 15 aguardam resultado de exames. Seguindo o princ\u00edpio da transpar\u00eancia, havendo a confirma\u00e7\u00e3o dos casos, a Prefeitura far\u00e1 a divulga\u00e7\u00e3o em seus canais oficiais. Em 2023, foram seis casos da doen\u00e7a, com tr\u00eas \u00f3bitos<\/p>\n\n\n\n<p><strong>Assessoria de Imprensa<br>Foto: Fot\u00f3grafos PMJ <\/strong><\/p>\n","protected":false},"excerpt":{"rendered":"<p>Jundia\u00ed segue dando andamento \u00e0s medidas de preven\u00e7\u00e3o \u00e0 Febre Maculosa (FMB), doen\u00e7a end\u00eamica na regi\u00e3o. Esta \u00e9poca do ano, de clima mais seco, \u00e9 prop\u00edcia para a incid\u00eancia de carrapatos, incluindo o carrapato-estrela (Amblyomma sculptum), que quando contaminados com a bact\u00e9ria Rickettsia rickettsii transmitem a doen\u00e7a. \u201cNeste per\u00edodo do ano, at\u00e9 aproximadamente outubro, encontramos [&hellip;]<\/p>\n","protected":false},"author":50,"featured_media":347348,"comment_status":"closed","ping_status":"0","sticky":false,"template":"","format":"standard","meta":{"footnotes":""},"categories":[2],"tags":[981],"ods":[],"class_list":["post-347345","post","type-post","status-publish","format-standard","has-post-thumbnail","hentry","category-noticias","tag-promocao-da-saude"],"_links":{"self":[{"href":"https:\/\/jundiai.sp.gov.br\/noticias\/wp-json\/wp\/v2\/posts\/347345","targetHints":{"allow":["GET"]}}],"collection":[{"href":"https:\/\/jundiai.sp.gov.br\/noticias\/wp-json\/wp\/v2\/posts"}],"about":[{"href":"https:\/\/jundiai.sp.gov.br\/noticias\/wp-json\/wp\/v2\/types\/post"}],"author":[{"embeddable":true,"href":"https:\/\/jundiai.sp.gov.br\/noticias\/wp-json\/wp\/v2\/users\/50"}],"replies":[{"embeddable":true,"href":"https:\/\/jundiai.sp.gov.br\/noticias\/wp-json\/wp\/v2\/comments?post=347345"}],"version-history":[{"count":5,"href":"https:\/\/jundiai.sp.gov.br\/noticias\/wp-json\/wp\/v2\/posts\/347345\/revisions"}],"predecessor-version":[{"id":347951,"href":"https:\/\/jundiai.sp.gov.br\/noticias\/wp-json\/wp\/v2\/posts\/347345\/revisions\/347951"}],"wp:featuredmedia":[{"embeddable":true,"href":"https:\/\/jundiai.sp.gov.br\/noticias\/wp-json\/wp\/v2\/media\/347348"}],"wp:attachment":[{"href":"https:\/\/jundiai.sp.gov.br\/noticias\/wp-json\/wp\/v2\/media?parent=347345"}],"wp:term":[{"taxonomy":"category","embeddable":true,"href":"https:\/\/jundiai.sp.gov.br\/noticias\/wp-json\/wp\/v2\/categories?post=347345"},{"taxonomy":"post_tag","embeddable":true,"href":"https:\/\/jundiai.sp.gov.br\/noticias\/wp-json\/wp\/v2\/tags?post=347345"},{"taxonomy":"ods","embeddable":true,"href":"https:\/\/jundiai.sp.gov.br\/noticias\/wp-json\/wp\/v2\/ods?post=347345"}],"curies":[{"name":"wp","href":"https:\/\/api.w.org\/{rel}","templated":true}]}}