{"id":347392,"date":"2024-06-28T07:28:04","date_gmt":"2024-06-28T10:28:04","guid":{"rendered":"https:\/\/jundiai.sp.gov.br\/noticias\/?p=347392"},"modified":"2024-06-28T07:43:04","modified_gmt":"2024-06-28T10:43:04","slug":"inscricoes-abertas-para-a-oficina-publicando-livros-da-escrita-a-impressao","status":"publish","type":"post","link":"https:\/\/jundiai.sp.gov.br\/noticias\/2024\/06\/28\/inscricoes-abertas-para-a-oficina-publicando-livros-da-escrita-a-impressao\/","title":{"rendered":"Inscri\u00e7\u00f5es abertas para a oficina \u201cPublicando Livros: da Escrita \u00e0 Impress\u00e3o\u201d"},"content":{"rendered":"\n<p>A Unidade de Gest\u00e3o de Cultura (UGC) est\u00e1 com inscri\u00e7\u00f5es abertas para a oficina \u201cPublicando Livros: da Escrita \u00e0 Impress\u00e3o\u201d, que acontecer\u00e1 de 10 de julho a 18 de dezembro, na Biblioteca P\u00fablica Municipal Prof. Nelson Foot (BNF), sob a orienta\u00e7\u00e3o do arte-educador, Podre Flores.<\/p>\n\n\n\n<p>A oficina apresentar\u00e1 todas as etapas necess\u00e1rias para a feitura de um livro, desde a cria\u00e7\u00e3o liter\u00e1ria at\u00e9 meios de viabilizar a publica\u00e7\u00e3o. Ao final, haver\u00e1 o lan\u00e7amento de um fanzine com o material elaborado em aula pelos participantes.<\/p>\n\n\n\n<figure class=\"wp-block-image size-large\"><img loading=\"lazy\" decoding=\"async\" width=\"960\" height=\"960\" src=\"https:\/\/jundiai.sp.gov.br\/noticias\/wp-content\/uploads\/sites\/32\/2024\/06\/oficinapodreflores-960x960.jpeg\" alt=\"\" class=\"wp-image-347393\" srcset=\"https:\/\/jundiai.sp.gov.br\/noticias\/wp-content\/uploads\/sites\/32\/2024\/06\/oficinapodreflores-960x960.jpeg 960w, https:\/\/jundiai.sp.gov.br\/noticias\/wp-content\/uploads\/sites\/32\/2024\/06\/oficinapodreflores-300x300.jpeg 300w, https:\/\/jundiai.sp.gov.br\/noticias\/wp-content\/uploads\/sites\/32\/2024\/06\/oficinapodreflores-100x100.jpeg 100w, https:\/\/jundiai.sp.gov.br\/noticias\/wp-content\/uploads\/sites\/32\/2024\/06\/oficinapodreflores-768x768.jpeg 768w, https:\/\/jundiai.sp.gov.br\/noticias\/wp-content\/uploads\/sites\/32\/2024\/06\/oficinapodreflores-1536x1536.jpeg 1536w, https:\/\/jundiai.sp.gov.br\/noticias\/wp-content\/uploads\/sites\/32\/2024\/06\/oficinapodreflores.jpeg 1600w\" sizes=\"auto, (max-width: 960px) 100vw, 960px\" \/><\/figure>\n\n\n\n<p>As aulas acontecer\u00e3o semanalmente, sempre \u00e0s quartas-feiras, das 19h \u00e0s 20h30 e poder\u00e3o participar interessados a partir de 12 anos. A oficina \u00e9 totalmente gratuita. A inscri\u00e7\u00e3o \u00e9 realizada pela Internet, em formul\u00e1rio pr\u00f3prio, podendo ser acessado no link:&nbsp;<a href=\"https:\/\/forms.gle\/9a3NNRxSpZeCzkKu9\" target=\"_blank\" rel=\"noreferrer noopener\">https:\/\/forms.gle\/9a3NNRxSpZeCzkKu9<\/a><\/p>\n\n\n\n<p>A BNF est\u00e1 localizada dentro do Complexo Argos, na rua Dr. Cavalcanti, 396 \u2013 Vila Arens.<\/p>\n\n\n\n<p><strong>Podre Flores<\/strong><\/p>\n\n\n\n<p>Artista visual, quadrinista, fanzineiro, autor, editor e designer editorial, entre outras coisas. Participou de diversas exposi\u00e7\u00f5es coletivas nas mais diferentes modalidades art\u00edsticas. Publicou o ZINE Follium. Fez parte do grupo de artistas da C\u00e2mara Setorial de Artes Visuais de Jundia\u00ed na exposi\u00e7\u00e3o \u201cbrechas\u201d na Galeria Fernanda Milani, anexa ao Teatro Polytheama.<\/p>\n\n\n\n<p><strong>Assessoria de Imprensa<\/strong><\/p>\n","protected":false},"excerpt":{"rendered":"<p>A Unidade de Gest\u00e3o de Cultura (UGC) est\u00e1 com inscri\u00e7\u00f5es abertas para a oficina \u201cPublicando Livros: da Escrita \u00e0 Impress\u00e3o\u201d, que acontecer\u00e1 de 10 de julho a 18 de dezembro, na Biblioteca P\u00fablica Municipal Prof. Nelson Foot (BNF), sob a orienta\u00e7\u00e3o do arte-educador, Podre Flores. A oficina apresentar\u00e1 todas as etapas necess\u00e1rias para a feitura [&hellip;]<\/p>\n","protected":false},"author":83,"featured_media":347394,"comment_status":"closed","ping_status":"0","sticky":false,"template":"","format":"standard","meta":{"footnotes":""},"categories":[2],"tags":[505,419,29,3502,2916],"ods":[],"class_list":["post-347392","post","type-post","status-publish","format-standard","has-post-thumbnail","hentry","category-noticias","tag-biblioteca-municipal-professor-nelson-foot","tag-complexo-argos","tag-cultura","tag-livros","tag-oficina"],"_links":{"self":[{"href":"https:\/\/jundiai.sp.gov.br\/noticias\/wp-json\/wp\/v2\/posts\/347392","targetHints":{"allow":["GET"]}}],"collection":[{"href":"https:\/\/jundiai.sp.gov.br\/noticias\/wp-json\/wp\/v2\/posts"}],"about":[{"href":"https:\/\/jundiai.sp.gov.br\/noticias\/wp-json\/wp\/v2\/types\/post"}],"author":[{"embeddable":true,"href":"https:\/\/jundiai.sp.gov.br\/noticias\/wp-json\/wp\/v2\/users\/83"}],"replies":[{"embeddable":true,"href":"https:\/\/jundiai.sp.gov.br\/noticias\/wp-json\/wp\/v2\/comments?post=347392"}],"version-history":[{"count":4,"href":"https:\/\/jundiai.sp.gov.br\/noticias\/wp-json\/wp\/v2\/posts\/347392\/revisions"}],"predecessor-version":[{"id":347400,"href":"https:\/\/jundiai.sp.gov.br\/noticias\/wp-json\/wp\/v2\/posts\/347392\/revisions\/347400"}],"wp:featuredmedia":[{"embeddable":true,"href":"https:\/\/jundiai.sp.gov.br\/noticias\/wp-json\/wp\/v2\/media\/347394"}],"wp:attachment":[{"href":"https:\/\/jundiai.sp.gov.br\/noticias\/wp-json\/wp\/v2\/media?parent=347392"}],"wp:term":[{"taxonomy":"category","embeddable":true,"href":"https:\/\/jundiai.sp.gov.br\/noticias\/wp-json\/wp\/v2\/categories?post=347392"},{"taxonomy":"post_tag","embeddable":true,"href":"https:\/\/jundiai.sp.gov.br\/noticias\/wp-json\/wp\/v2\/tags?post=347392"},{"taxonomy":"ods","embeddable":true,"href":"https:\/\/jundiai.sp.gov.br\/noticias\/wp-json\/wp\/v2\/ods?post=347392"}],"curies":[{"name":"wp","href":"https:\/\/api.w.org\/{rel}","templated":true}]}}