{"id":347412,"date":"2024-06-28T15:26:26","date_gmt":"2024-06-28T18:26:26","guid":{"rendered":"https:\/\/jundiai.sp.gov.br\/noticias\/?p=347412"},"modified":"2024-06-28T15:26:26","modified_gmt":"2024-06-28T18:26:26","slug":"servidores-da-prefeitura-participam-de-curso-sobre-licitacoes","status":"publish","type":"post","link":"https:\/\/jundiai.sp.gov.br\/noticias\/2024\/06\/28\/servidores-da-prefeitura-participam-de-curso-sobre-licitacoes\/","title":{"rendered":"Servidores da Prefeitura participam de curso sobre licita\u00e7\u00f5es"},"content":{"rendered":"\n<p>Uma equipe de aquisi\u00e7\u00f5es e contrata\u00e7\u00f5es da Unidade de Administra\u00e7\u00e3o e Gest\u00e3o de Pessoas (UGAGP) da Prefeitura de Jundia\u00ed participou, nos dias 25, 26 e 27 de junho, do \u201cCurso Chatgpt em Licita\u00e7\u00f5es: o que \u00e9, como funciona e como usar?\u201d, em parceria com a Escola de Gest\u00e3o P\u00fablica do Munic\u00edpio (EGP), por interm\u00e9dio da Supercia Capacita\u00e7\u00f5es.<\/p>\n\n\n\n<p>O objetivo do curso foi capacitar os servidores para a utiliza\u00e7\u00e3o dos recursos da intelig\u00eancia artificial para auxiliar na confec\u00e7\u00e3o dos documentos de planejamento que antecedem o processo licitat\u00f3rio, como estudo t\u00e9cnico preliminar, termo de refer\u00eancia, pesquisa de pre\u00e7os, dentre outros.<\/p>\n\n\n<div class=\"wp-block-image\">\n<figure class=\"aligncenter size-large\"><img loading=\"lazy\" decoding=\"async\" width=\"1280\" height=\"602\" src=\"https:\/\/jundiai.sp.gov.br\/noticias\/wp-content\/uploads\/sites\/32\/2024\/06\/whatsapp-image-2024-06-28-at-09-37-46-1280x602.jpeg\" alt=\"\" class=\"wp-image-347413\" srcset=\"https:\/\/jundiai.sp.gov.br\/noticias\/wp-content\/uploads\/sites\/32\/2024\/06\/whatsapp-image-2024-06-28-at-09-37-46-1280x602.jpeg 1280w, https:\/\/jundiai.sp.gov.br\/noticias\/wp-content\/uploads\/sites\/32\/2024\/06\/whatsapp-image-2024-06-28-at-09-37-46-300x141.jpeg 300w, https:\/\/jundiai.sp.gov.br\/noticias\/wp-content\/uploads\/sites\/32\/2024\/06\/whatsapp-image-2024-06-28-at-09-37-46-768x361.jpeg 768w, https:\/\/jundiai.sp.gov.br\/noticias\/wp-content\/uploads\/sites\/32\/2024\/06\/whatsapp-image-2024-06-28-at-09-37-46-1536x723.jpeg 1536w, https:\/\/jundiai.sp.gov.br\/noticias\/wp-content\/uploads\/sites\/32\/2024\/06\/whatsapp-image-2024-06-28-at-09-37-46.jpeg 1600w\" sizes=\"auto, (max-width: 1280px) 100vw, 1280px\" \/><figcaption class=\"wp-element-caption\">Servidores da UGAGP participam de curso sobre licita\u00e7\u00f5es<\/figcaption><\/figure>\n<\/div>\n\n\n<p>O curso foi ministrado pelo professor S\u00e9rgio Neiva, auditor da Controladoria Geral da Uni\u00e3o, Engenheiro de Redes, com p\u00f3s-gradua\u00e7\u00e3o em governan\u00e7a de TI e mestre em Administra\u00e7\u00e3o P\u00fablica na FGV.<\/p>\n\n\n\n<p>\u201cCom este curso queremos ter um time capacitado para orientar os \u00f3rg\u00e3os demandantes na confec\u00e7\u00e3o dos documentos da fase interna da licita\u00e7\u00e3o, objetivando mais efici\u00eancia, efic\u00e1cia e efetividade para as contrata\u00e7\u00f5es que servem de base para a realiza\u00e7\u00e3o de servi\u00e7os p\u00fablicos e de pol\u00edticas p\u00fablicas\u201d, destaca Simone Zanotello de Oliveira, Gestora de Administra\u00e7\u00e3o e Gest\u00e3o de Pessoas.<\/p>\n\n\n\n<p>Chefe da Divis\u00e3o de Gest\u00e3o de Aquisi\u00e7\u00f5es, Emily Scapinelli Vaz tamb\u00e9m valoriza a import\u00e2ncia da capacita\u00e7\u00e3o. \u201cParticipar da capacita\u00e7\u00e3o para a utiliza\u00e7\u00e3o da intelig\u00eancia artificial foi muito gratificante, pois pude ver como sua utiliza\u00e7\u00e3o \u00e9 ben\u00e9fica nos dias de hoje, em especial na \u00e1rea p\u00fablica, j\u00e1 que possibilita automatizar tarefas repetitivas, aumentando a efici\u00eancia e reduzindo erros humanos, o que resulta em economia de tempo e custos. Al\u00e9m disso, oferece solu\u00e7\u00f5es avan\u00e7adas de an\u00e1lise de dados, possibilitando avalia\u00e7\u00f5es mais precisas para a tomada de decis\u00f5es estrat\u00e9gicas, o que est\u00e1 diretamente ligado ao objetivo da fase preparat\u00f3ria das licita\u00e7\u00f5es, com destaque ao Estudo T\u00e9cnico Preliminar, cuja fun\u00e7\u00e3o \u00e9 buscar solu\u00e7\u00f5es mais eficientes para as contrata\u00e7\u00f5es p\u00fablicas. Agrade\u00e7o muito a alta gest\u00e3o da Unidade de Administra\u00e7\u00e3o e Gest\u00e3o de Pessoas por essa oportunidade, que certamente produzir\u00e1 \u00f3timos resultados ao Munic\u00edpio de Jundia\u00ed\u201d.<\/p>\n\n\n\n<p><strong>Assessoria de Imprensa<br>Foto: Divulga\u00e7\u00e3o<\/strong><\/p>\n","protected":false},"excerpt":{"rendered":"<p>Uma equipe de aquisi\u00e7\u00f5es e contrata\u00e7\u00f5es da Unidade de Administra\u00e7\u00e3o e Gest\u00e3o de Pessoas (UGAGP) da Prefeitura de Jundia\u00ed participou, nos dias 25, 26 e 27 de junho, do \u201cCurso Chatgpt em Licita\u00e7\u00f5es: o que \u00e9, como funciona e como usar?\u201d, em parceria com a Escola de Gest\u00e3o P\u00fablica do Munic\u00edpio (EGP), por interm\u00e9dio da [&hellip;]<\/p>\n","protected":false},"author":100,"featured_media":347413,"comment_status":"closed","ping_status":"0","sticky":false,"template":"","format":"standard","meta":{"footnotes":""},"categories":[2],"tags":[969,3788,2407],"ods":[],"class_list":["post-347412","post","type-post","status-publish","format-standard","has-post-thumbnail","hentry","category-noticias","tag-administracao-e-gestao-de-pessoas","tag-licitacao","tag-ugagp"],"_links":{"self":[{"href":"https:\/\/jundiai.sp.gov.br\/noticias\/wp-json\/wp\/v2\/posts\/347412","targetHints":{"allow":["GET"]}}],"collection":[{"href":"https:\/\/jundiai.sp.gov.br\/noticias\/wp-json\/wp\/v2\/posts"}],"about":[{"href":"https:\/\/jundiai.sp.gov.br\/noticias\/wp-json\/wp\/v2\/types\/post"}],"author":[{"embeddable":true,"href":"https:\/\/jundiai.sp.gov.br\/noticias\/wp-json\/wp\/v2\/users\/100"}],"replies":[{"embeddable":true,"href":"https:\/\/jundiai.sp.gov.br\/noticias\/wp-json\/wp\/v2\/comments?post=347412"}],"version-history":[{"count":4,"href":"https:\/\/jundiai.sp.gov.br\/noticias\/wp-json\/wp\/v2\/posts\/347412\/revisions"}],"predecessor-version":[{"id":347427,"href":"https:\/\/jundiai.sp.gov.br\/noticias\/wp-json\/wp\/v2\/posts\/347412\/revisions\/347427"}],"wp:featuredmedia":[{"embeddable":true,"href":"https:\/\/jundiai.sp.gov.br\/noticias\/wp-json\/wp\/v2\/media\/347413"}],"wp:attachment":[{"href":"https:\/\/jundiai.sp.gov.br\/noticias\/wp-json\/wp\/v2\/media?parent=347412"}],"wp:term":[{"taxonomy":"category","embeddable":true,"href":"https:\/\/jundiai.sp.gov.br\/noticias\/wp-json\/wp\/v2\/categories?post=347412"},{"taxonomy":"post_tag","embeddable":true,"href":"https:\/\/jundiai.sp.gov.br\/noticias\/wp-json\/wp\/v2\/tags?post=347412"},{"taxonomy":"ods","embeddable":true,"href":"https:\/\/jundiai.sp.gov.br\/noticias\/wp-json\/wp\/v2\/ods?post=347412"}],"curies":[{"name":"wp","href":"https:\/\/api.w.org\/{rel}","templated":true}]}}