{"id":347506,"date":"2024-07-01T16:06:16","date_gmt":"2024-07-01T19:06:16","guid":{"rendered":"https:\/\/jundiai.sp.gov.br\/noticias\/?p=347506"},"modified":"2024-07-01T16:06:16","modified_gmt":"2024-07-01T19:06:16","slug":"oficinas-de-ferias-na-fabrica-das-infancias-japy-comecam-dia-10","status":"publish","type":"post","link":"https:\/\/jundiai.sp.gov.br\/noticias\/2024\/07\/01\/oficinas-de-ferias-na-fabrica-das-infancias-japy-comecam-dia-10\/","title":{"rendered":"Oficinas de F\u00e9rias na F\u00e1brica das Inf\u00e2ncias Japy come\u00e7am dia 10"},"content":{"rendered":"\n<p>A Unidade de Gest\u00e3o de Cultura (UGC), por meio da F\u00e1brica das Inf\u00e2ncias Japy, programou para a partir do dia 10, quarta-feira, e estendendo-se at\u00e9 o dia 19 deste m\u00eas, sete Oficinas de F\u00e9rias, totalmente gratuitas, sempre no per\u00edodo da tarde, das 14h \u00e0s 15h30, sendo oferecidas 20 vagas por oficina e que ser\u00e3o preenchidas por ordem de chegada.<\/p>\n\n\n\n<p>A proposta \u00e9 atender a garotada que se encontra em per\u00edodo de f\u00e9rias escolares, mas que n\u00e3o ir\u00e1 viajar, com oficinas artesanais e culturais. As oficinas acontecer\u00e3o dentro do seguinte esquema:<\/p>\n\n\n\n<p>Dia 10 \u2013 \u201cDescobrindo o l\u00fadico do teatro\u201d, com Carlos Pasqualin<\/p>\n\n\n\n<p>Dia 11 \u2013 \u201cT\u00e9khton e as formas do Universo\u201d, com Ulisses Vertuan e Angelo Simonetti<\/p>\n\n\n\n<p>Dia 12 \u2013 \u201cMusicaliza\u00e7\u00e3o para Crian\u00e7as\u201d, com Cantinho do Joe<\/p>\n\n\n\n<p>Dia 16 \u2013 \u201cArtes Circenses\u201d, com Cau Silva<\/p>\n\n\n\n<figure class=\"wp-block-gallery has-nested-images columns-default is-cropped wp-block-gallery-1 is-layout-flex wp-block-gallery-is-layout-flex\">\n<figure class=\"wp-block-image size-large\"><img loading=\"lazy\" decoding=\"async\" width=\"720\" height=\"502\" data-id=\"347510\" src=\"https:\/\/jundiai.sp.gov.br\/noticias\/wp-content\/uploads\/sites\/32\/2024\/07\/oficinapasqualin.jpeg\" alt=\"\" class=\"wp-image-347510\" srcset=\"https:\/\/jundiai.sp.gov.br\/noticias\/wp-content\/uploads\/sites\/32\/2024\/07\/oficinapasqualin.jpeg 720w, https:\/\/jundiai.sp.gov.br\/noticias\/wp-content\/uploads\/sites\/32\/2024\/07\/oficinapasqualin-300x209.jpeg 300w\" sizes=\"auto, (max-width: 720px) 100vw, 720px\" \/><figcaption class=\"wp-element-caption\"><strong>Oficinas de Teatro&#8230;<\/strong><\/figcaption><\/figure>\n\n\n\n<figure class=\"wp-block-image size-large\"><img loading=\"lazy\" decoding=\"async\" width=\"1280\" height=\"829\" data-id=\"347511\" src=\"https:\/\/jundiai.sp.gov.br\/noticias\/wp-content\/uploads\/sites\/32\/2024\/07\/ulissesangelo-1280x829.jpeg\" alt=\"\" class=\"wp-image-347511\" srcset=\"https:\/\/jundiai.sp.gov.br\/noticias\/wp-content\/uploads\/sites\/32\/2024\/07\/ulissesangelo-1280x829.jpeg 1280w, https:\/\/jundiai.sp.gov.br\/noticias\/wp-content\/uploads\/sites\/32\/2024\/07\/ulissesangelo-300x194.jpeg 300w, https:\/\/jundiai.sp.gov.br\/noticias\/wp-content\/uploads\/sites\/32\/2024\/07\/ulissesangelo-768x498.jpeg 768w, https:\/\/jundiai.sp.gov.br\/noticias\/wp-content\/uploads\/sites\/32\/2024\/07\/ulissesangelo.jpeg 1386w\" sizes=\"auto, (max-width: 1280px) 100vw, 1280px\" \/><figcaption class=\"wp-element-caption\"><strong>&#8230;de quebra-cabe\u00e7a&#8230;<\/strong><\/figcaption><\/figure>\n\n\n\n<figure class=\"wp-block-image size-large\"><img loading=\"lazy\" decoding=\"async\" width=\"1200\" height=\"801\" data-id=\"347509\" src=\"https:\/\/jundiai.sp.gov.br\/noticias\/wp-content\/uploads\/sites\/32\/2024\/07\/cantinhodojoe.jpg\" alt=\"\" class=\"wp-image-347509\" srcset=\"https:\/\/jundiai.sp.gov.br\/noticias\/wp-content\/uploads\/sites\/32\/2024\/07\/cantinhodojoe.jpg 1200w, https:\/\/jundiai.sp.gov.br\/noticias\/wp-content\/uploads\/sites\/32\/2024\/07\/cantinhodojoe-300x200.jpg 300w, https:\/\/jundiai.sp.gov.br\/noticias\/wp-content\/uploads\/sites\/32\/2024\/07\/cantinhodojoe-768x513.jpg 768w, https:\/\/jundiai.sp.gov.br\/noticias\/wp-content\/uploads\/sites\/32\/2024\/07\/cantinhodojoe-450x300.jpg 450w\" sizes=\"auto, (max-width: 1200px) 100vw, 1200px\" \/><figcaption class=\"wp-element-caption\"><strong>&#8230;de m\u00fasica<\/strong><\/figcaption><\/figure>\n<\/figure>\n\n\n\n<p>Dia 17 \u2013 \u201cDescubra a arte do Malabarismo: oficina de cria\u00e7\u00e3o de materiais e t\u00e9cnicas b\u00e1sicas\u201d, com Nattan<\/p>\n\n\n\n<p>Dias 18 e 19 \u2013 \u201cJardim Zen\u201d, com Ana Paula Castro \u2013 oficina voltada para crian\u00e7as a partir dos seis meses, com a participa\u00e7\u00e3o dos pais ou cuidadores.<\/p>\n\n\n\n<p>As demais oficinas de f\u00e9rias ir\u00e3o atender crian\u00e7as a partir de tr\u00eas anos at\u00e9 12 anos de idade.<\/p>\n\n\n\n<p><strong>Mais divers\u00e3o<\/strong><\/p>\n\n\n\n<p>A exemplo do que ocorre durante os finais de semana, com as apresenta\u00e7\u00f5es de teatro infantil, dan\u00e7a, brincadeiras e conta\u00e7\u00f5es de hist\u00f3rias, as a\u00e7\u00f5es ser\u00e3o mantidas no m\u00eas de julho, sempre aos s\u00e1bados e domingos, com entrada gratuita, com in\u00edcio a partir das 10h30.<\/p>\n\n\n\n<p>Confira a programa\u00e7\u00e3o:<\/p>\n\n\n\n<figure class=\"wp-block-gallery has-nested-images columns-default is-cropped wp-block-gallery-2 is-layout-flex wp-block-gallery-is-layout-flex\">\n<figure class=\"wp-block-image size-large\"><img loading=\"lazy\" decoding=\"async\" width=\"1280\" height=\"960\" data-id=\"347517\" src=\"https:\/\/jundiai.sp.gov.br\/noticias\/wp-content\/uploads\/sites\/32\/2024\/07\/dancacriativa-1280x960.jpg\" alt=\"\" class=\"wp-image-347517\" srcset=\"https:\/\/jundiai.sp.gov.br\/noticias\/wp-content\/uploads\/sites\/32\/2024\/07\/dancacriativa-1280x960.jpg 1280w, https:\/\/jundiai.sp.gov.br\/noticias\/wp-content\/uploads\/sites\/32\/2024\/07\/dancacriativa-300x225.jpg 300w, https:\/\/jundiai.sp.gov.br\/noticias\/wp-content\/uploads\/sites\/32\/2024\/07\/dancacriativa-768x576.jpg 768w, https:\/\/jundiai.sp.gov.br\/noticias\/wp-content\/uploads\/sites\/32\/2024\/07\/dancacriativa-1536x1152.jpg 1536w, https:\/\/jundiai.sp.gov.br\/noticias\/wp-content\/uploads\/sites\/32\/2024\/07\/dancacriativa.jpg 1900w\" sizes=\"auto, (max-width: 1280px) 100vw, 1280px\" \/><figcaption class=\"wp-element-caption\"><strong>Dan\u00e7a Criativa&#8230;<\/strong><\/figcaption><\/figure>\n\n\n\n<figure class=\"wp-block-image size-large\"><img loading=\"lazy\" decoding=\"async\" width=\"713\" height=\"960\" data-id=\"347514\" src=\"https:\/\/jundiai.sp.gov.br\/noticias\/wp-content\/uploads\/sites\/32\/2024\/07\/espirarte4-1-713x960.jpeg\" alt=\"\" class=\"wp-image-347514\" srcset=\"https:\/\/jundiai.sp.gov.br\/noticias\/wp-content\/uploads\/sites\/32\/2024\/07\/espirarte4-1-713x960.jpeg 713w, https:\/\/jundiai.sp.gov.br\/noticias\/wp-content\/uploads\/sites\/32\/2024\/07\/espirarte4-1-300x404.jpeg 300w, https:\/\/jundiai.sp.gov.br\/noticias\/wp-content\/uploads\/sites\/32\/2024\/07\/espirarte4-1-768x1035.jpeg 768w, https:\/\/jundiai.sp.gov.br\/noticias\/wp-content\/uploads\/sites\/32\/2024\/07\/espirarte4-1.jpeg 950w\" sizes=\"auto, (max-width: 713px) 100vw, 713px\" \/><figcaption class=\"wp-element-caption\"><strong>&#8230;Conta\u00e7\u00e3o de hist\u00f3ria&#8230;<\/strong><\/figcaption><\/figure>\n\n\n\n<figure class=\"wp-block-image size-large\"><img loading=\"lazy\" decoding=\"async\" width=\"540\" height=\"960\" data-id=\"347513\" src=\"https:\/\/jundiai.sp.gov.br\/noticias\/wp-content\/uploads\/sites\/32\/2024\/07\/frutosemnome-540x960.jpg\" alt=\"\" class=\"wp-image-347513\" srcset=\"https:\/\/jundiai.sp.gov.br\/noticias\/wp-content\/uploads\/sites\/32\/2024\/07\/frutosemnome-540x960.jpg 540w, https:\/\/jundiai.sp.gov.br\/noticias\/wp-content\/uploads\/sites\/32\/2024\/07\/frutosemnome-281x500.jpg 281w, https:\/\/jundiai.sp.gov.br\/noticias\/wp-content\/uploads\/sites\/32\/2024\/07\/frutosemnome-768x1365.jpg 768w, https:\/\/jundiai.sp.gov.br\/noticias\/wp-content\/uploads\/sites\/32\/2024\/07\/frutosemnome.jpg 828w\" sizes=\"auto, (max-width: 540px) 100vw, 540px\" \/><figcaption class=\"wp-element-caption\"><strong>&#8230;Teatro infantil&#8230;<\/strong><\/figcaption><\/figure>\n\n\n\n<figure class=\"wp-block-image size-large\"><img loading=\"lazy\" decoding=\"async\" width=\"1280\" height=\"922\" data-id=\"347516\" src=\"https:\/\/jundiai.sp.gov.br\/noticias\/wp-content\/uploads\/sites\/32\/2024\/07\/tomove-1280x922.jpeg\" alt=\"\" class=\"wp-image-347516\" srcset=\"https:\/\/jundiai.sp.gov.br\/noticias\/wp-content\/uploads\/sites\/32\/2024\/07\/tomove-1280x922.jpeg 1280w, https:\/\/jundiai.sp.gov.br\/noticias\/wp-content\/uploads\/sites\/32\/2024\/07\/tomove-300x216.jpeg 300w, https:\/\/jundiai.sp.gov.br\/noticias\/wp-content\/uploads\/sites\/32\/2024\/07\/tomove-768x553.jpeg 768w, https:\/\/jundiai.sp.gov.br\/noticias\/wp-content\/uploads\/sites\/32\/2024\/07\/tomove-1536x1106.jpeg 1536w, https:\/\/jundiai.sp.gov.br\/noticias\/wp-content\/uploads\/sites\/32\/2024\/07\/tomove.jpeg 1600w\" sizes=\"auto, (max-width: 1280px) 100vw, 1280px\" \/><figcaption class=\"wp-element-caption\"><strong>&#8230;Brincadeiras&#8230;<\/strong><\/figcaption><\/figure>\n\n\n\n<figure class=\"wp-block-image size-large\"><img loading=\"lazy\" decoding=\"async\" width=\"692\" height=\"899\" data-id=\"347515\" src=\"https:\/\/jundiai.sp.gov.br\/noticias\/wp-content\/uploads\/sites\/32\/2024\/07\/origami.jpeg\" alt=\"\" class=\"wp-image-347515\" srcset=\"https:\/\/jundiai.sp.gov.br\/noticias\/wp-content\/uploads\/sites\/32\/2024\/07\/origami.jpeg 692w, https:\/\/jundiai.sp.gov.br\/noticias\/wp-content\/uploads\/sites\/32\/2024\/07\/origami-300x390.jpeg 300w\" sizes=\"auto, (max-width: 692px) 100vw, 692px\" \/><figcaption class=\"wp-element-caption\"><strong>&#8230; e hist\u00f3rias com origamis, tudo gratuito para a garotada<\/strong><\/figcaption><\/figure>\n<\/figure>\n\n\n\n<p>Dia 06 \u2013 Dan\u00e7a Criativa, com Andressa Rondon<\/p>\n\n\n\n<p>Dia 07 \u2013 Pela estrada a fora: O pescador e o peixe amigo \u2013 Cia. Inspirarte<\/p>\n\n\n\n<p>Dia 13 \u2013 Hist\u00f3rias contadas com Origami \u2013 Irene Tanabe<\/p>\n\n\n\n<p>Dia 14 \u2013 Circo da Luz \u2013 Ateliera \u2013 Duda Ohoe e Maria Clara<\/p>\n\n\n\n<p>Dia 20 \u2013 O fruto sem nome \u2013 Cia. Ca\u00e7a Vento<\/p>\n\n\n\n<p>Dia 21 \u2013 Brincadeiras \u2013 Grupo de Recrea\u00e7\u00e3o Tomove<\/p>\n\n\n\n<p>Dia 27 \u2013 Contos Populares &#8211; Culturando<\/p>\n\n\n\n<p>Dia 28 \u2013 Pela estrada a fora: O beija-flor de gravata vermelha \u2013 Cia. &nbsp;Inspirate<\/p>\n\n\n\n<p>A F\u00e1brica das Inf\u00e2ncias Japy est\u00e1 localizada na rua Lacerda Franco, 175 \u2013 Vila Arens.<\/p>\n\n\n\n<p><strong>Assessoria de Imprensa<br>Fotos: Divulga\u00e7\u00e3o<\/strong><\/p>\n","protected":false},"excerpt":{"rendered":"<p>A Unidade de Gest\u00e3o de Cultura (UGC), por meio da F\u00e1brica das Inf\u00e2ncias Japy, programou para a partir do dia 10, quarta-feira, e estendendo-se at\u00e9 o dia 19 deste m\u00eas, sete Oficinas de F\u00e9rias, totalmente gratuitas, sempre no per\u00edodo da tarde, das 14h \u00e0s 15h30, sendo oferecidas 20 vagas por oficina e que ser\u00e3o preenchidas [&hellip;]<\/p>\n","protected":false},"author":83,"featured_media":347518,"comment_status":"closed","ping_status":"0","sticky":false,"template":"","format":"standard","meta":{"footnotes":""},"categories":[2],"tags":[29,2251,3738],"ods":[],"class_list":["post-347506","post","type-post","status-publish","format-standard","has-post-thumbnail","hentry","category-noticias","tag-cultura","tag-fabrica-das-infancias-japy","tag-oficinas"],"_links":{"self":[{"href":"https:\/\/jundiai.sp.gov.br\/noticias\/wp-json\/wp\/v2\/posts\/347506","targetHints":{"allow":["GET"]}}],"collection":[{"href":"https:\/\/jundiai.sp.gov.br\/noticias\/wp-json\/wp\/v2\/posts"}],"about":[{"href":"https:\/\/jundiai.sp.gov.br\/noticias\/wp-json\/wp\/v2\/types\/post"}],"author":[{"embeddable":true,"href":"https:\/\/jundiai.sp.gov.br\/noticias\/wp-json\/wp\/v2\/users\/83"}],"replies":[{"embeddable":true,"href":"https:\/\/jundiai.sp.gov.br\/noticias\/wp-json\/wp\/v2\/comments?post=347506"}],"version-history":[{"count":2,"href":"https:\/\/jundiai.sp.gov.br\/noticias\/wp-json\/wp\/v2\/posts\/347506\/revisions"}],"predecessor-version":[{"id":347520,"href":"https:\/\/jundiai.sp.gov.br\/noticias\/wp-json\/wp\/v2\/posts\/347506\/revisions\/347520"}],"wp:featuredmedia":[{"embeddable":true,"href":"https:\/\/jundiai.sp.gov.br\/noticias\/wp-json\/wp\/v2\/media\/347518"}],"wp:attachment":[{"href":"https:\/\/jundiai.sp.gov.br\/noticias\/wp-json\/wp\/v2\/media?parent=347506"}],"wp:term":[{"taxonomy":"category","embeddable":true,"href":"https:\/\/jundiai.sp.gov.br\/noticias\/wp-json\/wp\/v2\/categories?post=347506"},{"taxonomy":"post_tag","embeddable":true,"href":"https:\/\/jundiai.sp.gov.br\/noticias\/wp-json\/wp\/v2\/tags?post=347506"},{"taxonomy":"ods","embeddable":true,"href":"https:\/\/jundiai.sp.gov.br\/noticias\/wp-json\/wp\/v2\/ods?post=347506"}],"curies":[{"name":"wp","href":"https:\/\/api.w.org\/{rel}","templated":true}]}}