{"id":348092,"date":"2024-08-05T11:12:42","date_gmt":"2024-08-05T14:12:42","guid":{"rendered":"https:\/\/jundiai.sp.gov.br\/noticias\/?p=348092"},"modified":"2024-08-06T07:55:42","modified_gmt":"2024-08-06T10:55:42","slug":"vacinacao-covid-criancas-terao-aplicacao-em-dois-enderecos","status":"publish","type":"post","link":"https:\/\/jundiai.sp.gov.br\/noticias\/2024\/08\/05\/vacinacao-covid-criancas-terao-aplicacao-em-dois-enderecos\/","title":{"rendered":"Vacina\u00e7\u00e3o COVID: crian\u00e7as ter\u00e3o aplica\u00e7\u00e3o em dois endere\u00e7os"},"content":{"rendered":"\n<p>Com a chegada de novo lote de doses de vacinas contra a COVID-19 (envasadas individualmente), para pessoas com 12 anos ou mais que pertencem aos grupos priorit\u00e1rios, a Vigil\u00e2ncia Epidemiol\u00f3gica (VE), da Prefeitura de Jundia\u00ed, reorganizou o sistema de oferta.<\/p>\n\n\n\n<p>A vacina para as pessoas a partir de 12 anos est\u00e1 dispon\u00edvel em todas as Unidades de Sa\u00fade e Cl\u00ednicas da Fam\u00edlia.<\/p>\n\n\n\n<p>Para as crian\u00e7as de 6 meses a 4 anos, 11 meses e 29 dias&nbsp; e crian\u00e7as e adolescentes de 5 a 11 anos que pertencem aos grupos priorit\u00e1rios, a vacina est\u00e1 dispon\u00edvel somente nas Cl\u00ednicas da Fam\u00edlia Novo Horizonte e ou Vila Hortol\u00e2ndia, no hor\u00e1rio de funcionamento das salas de vacinas.<\/p>\n\n\n\n<p>\u201cA medida \u00e9 adotada pois as doses para crian\u00e7as com 11 anos ou menos, est\u00e3o em frascos com 10 doses. A centraliza\u00e7\u00e3o evita perdas. J\u00e1 o novo lote, destinado a quem tem 12 anos ou mais e esteja nos grupos priorit\u00e1rios, poder\u00e1 receber a dose em qualquer unidade de sa\u00fade, durante o hor\u00e1rio de funcionamento da sala de vacina\u00e7\u00e3o\u201d, comenta a enfermeira coordenadora da VE, Maria do Carmo Possidente.<\/p>\n\n\n\n<p>Os p\u00fablicos priorit\u00e1rios podem ser consultados no link https:\/\/jundiai.sp.gov.br\/coronavirus\/calendario-de-vacinacao\/.<\/p>\n\n\n\n<figure class=\"wp-block-image size-large\"><img loading=\"lazy\" decoding=\"async\" width=\"1280\" height=\"868\" src=\"https:\/\/jundiai.sp.gov.br\/noticias\/wp-content\/uploads\/sites\/32\/2024\/04\/emeb-professor-joao-fernandes-neto-cecap-campanha-de-multivacinacao-em-escolas_fm_-8-1280x868.jpg\" alt=\"\" class=\"wp-image-342358\" srcset=\"https:\/\/jundiai.sp.gov.br\/noticias\/wp-content\/uploads\/sites\/32\/2024\/04\/emeb-professor-joao-fernandes-neto-cecap-campanha-de-multivacinacao-em-escolas_fm_-8-1280x868.jpg 1280w, https:\/\/jundiai.sp.gov.br\/noticias\/wp-content\/uploads\/sites\/32\/2024\/04\/emeb-professor-joao-fernandes-neto-cecap-campanha-de-multivacinacao-em-escolas_fm_-8-300x204.jpg 300w, https:\/\/jundiai.sp.gov.br\/noticias\/wp-content\/uploads\/sites\/32\/2024\/04\/emeb-professor-joao-fernandes-neto-cecap-campanha-de-multivacinacao-em-escolas_fm_-8-768x521.jpg 768w, https:\/\/jundiai.sp.gov.br\/noticias\/wp-content\/uploads\/sites\/32\/2024\/04\/emeb-professor-joao-fernandes-neto-cecap-campanha-de-multivacinacao-em-escolas_fm_-8-1536x1042.jpg 1536w, https:\/\/jundiai.sp.gov.br\/noticias\/wp-content\/uploads\/sites\/32\/2024\/04\/emeb-professor-joao-fernandes-neto-cecap-campanha-de-multivacinacao-em-escolas_fm_-8.jpg 1900w\" sizes=\"auto, (max-width: 1280px) 100vw, 1280px\" \/><figcaption class=\"wp-element-caption\">Vacina\u00e7\u00e3o contra COVID-19 para crian\u00e7as ser\u00e1 feita em duas unidades<\/figcaption><\/figure>\n\n\n\n<p><strong>Assessoria de Imprensa<\/strong><\/p>\n","protected":false},"excerpt":{"rendered":"<p>Com a chegada de novo lote de doses de vacinas contra a COVID-19 (envasadas individualmente), para pessoas com 12 anos ou mais que pertencem aos grupos priorit\u00e1rios, a Vigil\u00e2ncia Epidemiol\u00f3gica (VE), da Prefeitura de Jundia\u00ed, reorganizou o sistema de oferta. A vacina para as pessoas a partir de 12 anos est\u00e1 dispon\u00edvel em todas as [&hellip;]<\/p>\n","protected":false},"author":39,"featured_media":345340,"comment_status":"closed","ping_status":"0","sticky":false,"template":"","format":"standard","meta":{"footnotes":""},"categories":[2],"tags":[],"ods":[],"class_list":["post-348092","post","type-post","status-publish","format-standard","has-post-thumbnail","hentry","category-noticias"],"_links":{"self":[{"href":"https:\/\/jundiai.sp.gov.br\/noticias\/wp-json\/wp\/v2\/posts\/348092","targetHints":{"allow":["GET"]}}],"collection":[{"href":"https:\/\/jundiai.sp.gov.br\/noticias\/wp-json\/wp\/v2\/posts"}],"about":[{"href":"https:\/\/jundiai.sp.gov.br\/noticias\/wp-json\/wp\/v2\/types\/post"}],"author":[{"embeddable":true,"href":"https:\/\/jundiai.sp.gov.br\/noticias\/wp-json\/wp\/v2\/users\/39"}],"replies":[{"embeddable":true,"href":"https:\/\/jundiai.sp.gov.br\/noticias\/wp-json\/wp\/v2\/comments?post=348092"}],"version-history":[{"count":3,"href":"https:\/\/jundiai.sp.gov.br\/noticias\/wp-json\/wp\/v2\/posts\/348092\/revisions"}],"predecessor-version":[{"id":348096,"href":"https:\/\/jundiai.sp.gov.br\/noticias\/wp-json\/wp\/v2\/posts\/348092\/revisions\/348096"}],"wp:featuredmedia":[{"embeddable":true,"href":"https:\/\/jundiai.sp.gov.br\/noticias\/wp-json\/wp\/v2\/media\/345340"}],"wp:attachment":[{"href":"https:\/\/jundiai.sp.gov.br\/noticias\/wp-json\/wp\/v2\/media?parent=348092"}],"wp:term":[{"taxonomy":"category","embeddable":true,"href":"https:\/\/jundiai.sp.gov.br\/noticias\/wp-json\/wp\/v2\/categories?post=348092"},{"taxonomy":"post_tag","embeddable":true,"href":"https:\/\/jundiai.sp.gov.br\/noticias\/wp-json\/wp\/v2\/tags?post=348092"},{"taxonomy":"ods","embeddable":true,"href":"https:\/\/jundiai.sp.gov.br\/noticias\/wp-json\/wp\/v2\/ods?post=348092"}],"curies":[{"name":"wp","href":"https:\/\/api.w.org\/{rel}","templated":true}]}}