{"id":348142,"date":"2024-08-23T12:19:00","date_gmt":"2024-08-23T15:19:00","guid":{"rendered":"https:\/\/jundiai.sp.gov.br\/noticias\/?p=348142"},"modified":"2024-08-23T12:19:00","modified_gmt":"2024-08-23T15:19:00","slug":"defesa-civil-alerta-para-queda-de-temperatura-2","status":"publish","type":"post","link":"https:\/\/jundiai.sp.gov.br\/noticias\/2024\/08\/23\/defesa-civil-alerta-para-queda-de-temperatura-2\/","title":{"rendered":"Defesa Civil alerta para queda de temperatura"},"content":{"rendered":"\n<p>A Defesa Civil de Jundia\u00ed alerta para a queda na temperatura entre s\u00e1bado (24) e quarta-feira (28). Com a passagem de uma frente fria e de uma massar de ar frio, h\u00e1 previs\u00e3o para pancadas de chuvas e queda significativa de temperatura, podendo chegar a m\u00ednima de 7\u00b0C na regi\u00e3o de Jundia\u00ed.<br>A cidade mant\u00e9m os servi\u00e7os de cuidado e aten\u00e7\u00e3o \u00e0s pessoas em situa\u00e7\u00e3o de vulnerabilidade a partir da Unidade de Gest\u00e3o de Assist\u00eancia e Desenvolvimento Social (UGADS).<\/p>\n\n\n\n<p>De acordo com dados Servi\u00e7o Especializado em Abordagem Social (SEAS), \u00f3rg\u00e3o ligado \u00e0 Unidade de Gest\u00e3o de Assist\u00eancia e Desenvolvimento Social (Ugads), sempre que a temperatura atinge 13 graus ou menos, dentro das previs\u00f5es, h\u00e1 um \u00f3rg\u00e3o espec\u00edfico para avaliar, inclusive junto \u00e0 Defesa Civil, a situa\u00e7\u00e3o das pessoas em situa\u00e7\u00e3o de rua. O SEAS mapeia regi\u00f5es de maior concentra\u00e7\u00e3o de pessoas em situa\u00e7\u00e3o de rua para que possam realizar a visita.  Entre os meses de maio e julho de 2024, a temperatura abaixo de 13\u00b0 demandou 22 dias de a\u00e7\u00f5es espec\u00edficas, com 474 pessoas abordadas. As demais n\u00e3o aceitaram acolhimento, por\u00e9m, receberam agasalhos, \u00e1gua, gorros e cobertores.<\/p>\n\n\n\n<p>A equipe tem rodado a cidade durante toda a noite e madrugada tamb\u00e9m, nos locais conhecidos como de concentra\u00e7\u00e3o de pessoas em situa\u00e7\u00e3o de rua. Al\u00e9m disso, as equipes tamb\u00e9m atendem chamados de cidad\u00e3os que podem entrar em contato pedindo pelo atendimento para situa\u00e7\u00f5es identificadas.<br>Com atendimento 24 horas por dia, o mun\u00edcipe poder\u00e1 acionar o Servi\u00e7o Especializado de Abordagem Social (SEAS), destinado ao atendimento de pessoas em situa\u00e7\u00e3o de rua, pelo telefone (11) 98531-0146, que disp\u00f5e de equipes para realizar as abordagens e encaminhar os usu\u00e1rios que derem aceite ao acolhimento. Havendo necessidade, a popula\u00e7\u00e3o tamb\u00e9m pode contatar a Defesa Civil pelo n\u00famero 4586-0666 ou o 199.<\/p>\n\n\n\n<p><strong>Assessoria de Imprensa<\/strong><\/p>\n","protected":false},"excerpt":{"rendered":"<p>A Defesa Civil de Jundia\u00ed alerta para a queda na temperatura entre s\u00e1bado (24) e quarta-feira (28). Com a passagem de uma frente fria e de uma massar de ar frio, h\u00e1 previs\u00e3o para pancadas de chuvas e queda significativa de temperatura, podendo chegar a m\u00ednima de 7\u00b0C na regi\u00e3o de Jundia\u00ed.A cidade mant\u00e9m os [&hellip;]<\/p>\n","protected":false},"author":39,"featured_media":232596,"comment_status":"closed","ping_status":"0","sticky":false,"template":"","format":"standard","meta":{"footnotes":""},"categories":[2],"tags":[],"ods":[],"class_list":["post-348142","post","type-post","status-publish","format-standard","has-post-thumbnail","hentry","category-noticias"],"_links":{"self":[{"href":"https:\/\/jundiai.sp.gov.br\/noticias\/wp-json\/wp\/v2\/posts\/348142","targetHints":{"allow":["GET"]}}],"collection":[{"href":"https:\/\/jundiai.sp.gov.br\/noticias\/wp-json\/wp\/v2\/posts"}],"about":[{"href":"https:\/\/jundiai.sp.gov.br\/noticias\/wp-json\/wp\/v2\/types\/post"}],"author":[{"embeddable":true,"href":"https:\/\/jundiai.sp.gov.br\/noticias\/wp-json\/wp\/v2\/users\/39"}],"replies":[{"embeddable":true,"href":"https:\/\/jundiai.sp.gov.br\/noticias\/wp-json\/wp\/v2\/comments?post=348142"}],"version-history":[{"count":2,"href":"https:\/\/jundiai.sp.gov.br\/noticias\/wp-json\/wp\/v2\/posts\/348142\/revisions"}],"predecessor-version":[{"id":348144,"href":"https:\/\/jundiai.sp.gov.br\/noticias\/wp-json\/wp\/v2\/posts\/348142\/revisions\/348144"}],"wp:featuredmedia":[{"embeddable":true,"href":"https:\/\/jundiai.sp.gov.br\/noticias\/wp-json\/wp\/v2\/media\/232596"}],"wp:attachment":[{"href":"https:\/\/jundiai.sp.gov.br\/noticias\/wp-json\/wp\/v2\/media?parent=348142"}],"wp:term":[{"taxonomy":"category","embeddable":true,"href":"https:\/\/jundiai.sp.gov.br\/noticias\/wp-json\/wp\/v2\/categories?post=348142"},{"taxonomy":"post_tag","embeddable":true,"href":"https:\/\/jundiai.sp.gov.br\/noticias\/wp-json\/wp\/v2\/tags?post=348142"},{"taxonomy":"ods","embeddable":true,"href":"https:\/\/jundiai.sp.gov.br\/noticias\/wp-json\/wp\/v2\/ods?post=348142"}],"curies":[{"name":"wp","href":"https:\/\/api.w.org\/{rel}","templated":true}]}}