{"id":348170,"date":"2024-08-28T17:53:59","date_gmt":"2024-08-28T20:53:59","guid":{"rendered":"https:\/\/jundiai.sp.gov.br\/noticias\/?p=348170"},"modified":"2024-08-28T17:53:59","modified_gmt":"2024-08-28T20:53:59","slug":"educacao-divulga-datas-das-inscricoes-da-rede-municipal-para-o-ano-letivo-de-2025","status":"publish","type":"post","link":"https:\/\/jundiai.sp.gov.br\/noticias\/2024\/08\/28\/educacao-divulga-datas-das-inscricoes-da-rede-municipal-para-o-ano-letivo-de-2025\/","title":{"rendered":"Educa\u00e7\u00e3o divulga datas das inscri\u00e7\u00f5es da rede municipal para o ano letivo de 2025"},"content":{"rendered":"\n<p>A Unidade de Gest\u00e3o de Educa\u00e7\u00e3o (UGE) divulgou o cronograma de inscri\u00e7\u00f5es das escolas municipais para o ano letivo de 2025.<\/p>\n\n\n\n<p>Para a Educa\u00e7\u00e3o Infantil (G4 e G5), podem ser inscritas crian\u00e7as de quatro e cinco anos de idade, completos ou a completar at\u00e9 o dia 31 de mar\u00e7o de 2025. J\u00e1 para o Ensino Fundamental (do 1\u00ba ao 5\u00ba ano), podem ser inscritas crian\u00e7as a partir dos seis anos, tamb\u00e9m completos ou a completar tamb\u00e9m at\u00e9 o dia 31 de mar\u00e7o do ano que vem.<\/p>\n\n\n\n<p>As inscri\u00e7\u00f5es dever\u00e3o ser feitas diretamente na unidade escolar mais pr\u00f3xima da resid\u00eancia.<\/p>\n\n\n\n<p>Para os estudantes que j\u00e1 est\u00e3o matriculados na rede municipal e que foram encaminhados para o segmento escolar seguinte, os respons\u00e1veis dever\u00e3o efetivar a matr\u00edcula entre os dias 02 e 13 de setembro.<\/p>\n\n\n\n<p>J\u00e1 para os novos estudantes, oriundos de fora da rede municipal, o per\u00edodo de inscri\u00e7\u00f5es \u00e9 entre 17 e 27 de setembro, com efetiva\u00e7\u00e3o da matr\u00edcula dever\u00e1 ser feita entre os dias 16 e 25 de outubro.<\/p>\n\n\n\n<p>No ato da inscri\u00e7\u00e3o, os respons\u00e1veis dever\u00e3o apresentar original e c\u00f3pia dos seguintes documentos:<\/p>\n\n\n\n<ul class=\"wp-block-list\">\n<li>Certid\u00e3o de nascimento da crian\u00e7a (e termo de guarda e responsabilidade, se aplic\u00e1vel);<\/li>\n\n\n\n<li>RG e CPF dos pais ou respons\u00e1veis;<\/li>\n\n\n\n<li>Comprovante de resid\u00eancia no Munic\u00edpio emitido nos \u00faltimos 60 dias (conta de \u00e1gua, luz, g\u00e1s ou telefone fixo) no nome dos pais ou respons\u00e1veis;<\/li>\n\n\n\n<li>Carteira de vacina\u00e7\u00e3o da crian\u00e7a ou documento equivalente emitido pela Unidade B\u00e1sica de Sa\u00fade (UBS);<\/li>\n\n\n\n<li>Uma foto 3&#215;4 da crian\u00e7a.<\/li>\n<\/ul>\n\n\n\n<p>A partir de 04 de novembro fica tamb\u00e9m reaberto o per\u00edodo de reabertura de inscri\u00e7\u00f5es e efetiva\u00e7\u00e3o das matr\u00edculas para vagas dispon\u00edveis e solicita\u00e7\u00f5es de transfer\u00eancias.<\/p>\n\n\n\n<p><strong>Assessoria de Imprensa <\/strong><\/p>\n","protected":false},"excerpt":{"rendered":"<p>A Unidade de Gest\u00e3o de Educa\u00e7\u00e3o (UGE) divulgou o cronograma de inscri\u00e7\u00f5es das escolas municipais para o ano letivo de 2025. Para a Educa\u00e7\u00e3o Infantil (G4 e G5), podem ser inscritas crian\u00e7as de quatro e cinco anos de idade, completos ou a completar at\u00e9 o dia 31 de mar\u00e7o de 2025. J\u00e1 para o Ensino [&hellip;]<\/p>\n","protected":false},"author":14,"featured_media":348171,"comment_status":"closed","ping_status":"0","sticky":false,"template":"","format":"standard","meta":{"footnotes":""},"categories":[2],"tags":[6],"ods":[],"class_list":["post-348170","post","type-post","status-publish","format-standard","has-post-thumbnail","hentry","category-noticias","tag-educacao"],"_links":{"self":[{"href":"https:\/\/jundiai.sp.gov.br\/noticias\/wp-json\/wp\/v2\/posts\/348170","targetHints":{"allow":["GET"]}}],"collection":[{"href":"https:\/\/jundiai.sp.gov.br\/noticias\/wp-json\/wp\/v2\/posts"}],"about":[{"href":"https:\/\/jundiai.sp.gov.br\/noticias\/wp-json\/wp\/v2\/types\/post"}],"author":[{"embeddable":true,"href":"https:\/\/jundiai.sp.gov.br\/noticias\/wp-json\/wp\/v2\/users\/14"}],"replies":[{"embeddable":true,"href":"https:\/\/jundiai.sp.gov.br\/noticias\/wp-json\/wp\/v2\/comments?post=348170"}],"version-history":[{"count":1,"href":"https:\/\/jundiai.sp.gov.br\/noticias\/wp-json\/wp\/v2\/posts\/348170\/revisions"}],"predecessor-version":[{"id":348172,"href":"https:\/\/jundiai.sp.gov.br\/noticias\/wp-json\/wp\/v2\/posts\/348170\/revisions\/348172"}],"wp:featuredmedia":[{"embeddable":true,"href":"https:\/\/jundiai.sp.gov.br\/noticias\/wp-json\/wp\/v2\/media\/348171"}],"wp:attachment":[{"href":"https:\/\/jundiai.sp.gov.br\/noticias\/wp-json\/wp\/v2\/media?parent=348170"}],"wp:term":[{"taxonomy":"category","embeddable":true,"href":"https:\/\/jundiai.sp.gov.br\/noticias\/wp-json\/wp\/v2\/categories?post=348170"},{"taxonomy":"post_tag","embeddable":true,"href":"https:\/\/jundiai.sp.gov.br\/noticias\/wp-json\/wp\/v2\/tags?post=348170"},{"taxonomy":"ods","embeddable":true,"href":"https:\/\/jundiai.sp.gov.br\/noticias\/wp-json\/wp\/v2\/ods?post=348170"}],"curies":[{"name":"wp","href":"https:\/\/api.w.org\/{rel}","templated":true}]}}