{"id":348429,"date":"2024-11-01T08:04:00","date_gmt":"2024-11-01T11:04:00","guid":{"rendered":"https:\/\/jundiai.sp.gov.br\/noticias\/?p=348429"},"modified":"2024-10-29T15:24:02","modified_gmt":"2024-10-29T18:24:02","slug":"turne-com-os-corpos-municipais-de-teatro-e-danca-encanta-as-criancas-e-familias","status":"publish","type":"post","link":"https:\/\/jundiai.sp.gov.br\/noticias\/2024\/11\/01\/turne-com-os-corpos-municipais-de-teatro-e-danca-encanta-as-criancas-e-familias\/","title":{"rendered":"Turn\u00ea com os corpos municipais de Teatro e Dan\u00e7a encanta as crian\u00e7as e fam\u00edlias"},"content":{"rendered":"\n<p>Em mais uma a\u00e7\u00e3o da Plataforma de Educa\u00e7\u00e3o e Cultura, o m\u00eas de outubro tem contado com uma s\u00e9rie de apresenta\u00e7\u00f5es destinadas aos estudantes da rede municipal de ensino com os corpos art\u00edsticos municipais. Ao longo do m\u00eas, pelo Projeto Escola, a Cia. de Teatro de Jundia\u00ed saiu em turn\u00ea para apresentar o seu espet\u00e1culo \u201cRobin Hood\u201d e a Cia. Jovem de Dan\u00e7a levou para os palcos da Sala Gl\u00f3ria Rocha e do Teatro Polytheama o seu mais novo espet\u00e1culo, \u201cFolia dos Bichos\u201d.<\/p>\n\n\n\n<p>A temporada com a Cia. de Teatro pelas escolas foi na Emeb Aparecida Merino Elias (Medeiros), onde o grupo estreou tamb\u00e9m seu novo elenco. Somente nessa escola, a plateia contou com 850 estudantes &#8211; das 30 turmas, desde o G4 at\u00e9 o 5\u00ba ano -, nas apresenta\u00e7\u00f5es feitas na quadra na \u00faltima quarta-feira (23).<\/p>\n\n\n\n<figure class=\"wp-block-image size-large\"><img loading=\"lazy\" decoding=\"async\" width=\"1280\" height=\"854\" src=\"https:\/\/jundiai.sp.gov.br\/noticias\/wp-content\/uploads\/sites\/32\/2024\/10\/cia-de-teatro-robin-hood-emeb-aparecida-merino-elias-medeiros-_ws-114-1280x854.jpg\" alt=\"\" class=\"wp-image-348432\" srcset=\"https:\/\/jundiai.sp.gov.br\/noticias\/wp-content\/uploads\/sites\/32\/2024\/10\/cia-de-teatro-robin-hood-emeb-aparecida-merino-elias-medeiros-_ws-114-1280x854.jpg 1280w, https:\/\/jundiai.sp.gov.br\/noticias\/wp-content\/uploads\/sites\/32\/2024\/10\/cia-de-teatro-robin-hood-emeb-aparecida-merino-elias-medeiros-_ws-114-300x200.jpg 300w, https:\/\/jundiai.sp.gov.br\/noticias\/wp-content\/uploads\/sites\/32\/2024\/10\/cia-de-teatro-robin-hood-emeb-aparecida-merino-elias-medeiros-_ws-114-768x512.jpg 768w, https:\/\/jundiai.sp.gov.br\/noticias\/wp-content\/uploads\/sites\/32\/2024\/10\/cia-de-teatro-robin-hood-emeb-aparecida-merino-elias-medeiros-_ws-114-1536x1024.jpg 1536w, https:\/\/jundiai.sp.gov.br\/noticias\/wp-content\/uploads\/sites\/32\/2024\/10\/cia-de-teatro-robin-hood-emeb-aparecida-merino-elias-medeiros-_ws-114-450x300.jpg 450w, https:\/\/jundiai.sp.gov.br\/noticias\/wp-content\/uploads\/sites\/32\/2024\/10\/cia-de-teatro-robin-hood-emeb-aparecida-merino-elias-medeiros-_ws-114.jpg 1900w\" sizes=\"auto, (max-width: 1280px) 100vw, 1280px\" \/><figcaption class=\"wp-element-caption\">Nas duas apresenta\u00e7\u00f5es na Emeb do Medeiros, a quadra ficou lotada com uma plateia animada e curiosa<\/figcaption><\/figure>\n\n\n\n<p><br>Na primeira fileira, Lara Viriato (quatro anos) e Ot\u00e1vio Martins (cinco anos), da turma do G4 B, o mais impressionante da apresenta\u00e7\u00e3o foram os lan\u00e7amentos de flechas. \u201cN\u00e3o segurei a risada quando o arqueiro lan\u00e7ou aquele monte de flechas\u201d, comentou Ot\u00e1vio.<\/p>\n\n\n\n<p>J\u00e1 para a Manuela Luman, de 11 anos, do 5\u00ba ano, a parte preferida foi o final. \u201cEu gostei porque o bando do Robin Hood conseguiu garantir Justi\u00e7a e Liberdade para o povo, assim que conseguiram prender a rainha.\u201d<\/p>\n\n\n\n<p>O mesmo valeu para a impress\u00e3o do Arthur Paulo, tamb\u00e9m de 11 anos. \u201cValeu como uma aula, um teatro musical que ensinou muitas coisas, como quanto \u00e9 importante buscar a Justi\u00e7a, correr atr\u00e1s dela, sem deixar que os outros fa\u00e7am isso por n\u00f3s, pois assim ela n\u00e3o acontece.\u201d<\/p>\n\n\n\n<figure class=\"wp-block-image size-large\"><img loading=\"lazy\" decoding=\"async\" width=\"1280\" height=\"854\" src=\"https:\/\/jundiai.sp.gov.br\/noticias\/wp-content\/uploads\/sites\/32\/2024\/10\/cia-de-teatro-robin-hood-emeb-aparecida-merino-elias-medeiros-_ws-205-1280x854.jpg\" alt=\"\" class=\"wp-image-348431\" srcset=\"https:\/\/jundiai.sp.gov.br\/noticias\/wp-content\/uploads\/sites\/32\/2024\/10\/cia-de-teatro-robin-hood-emeb-aparecida-merino-elias-medeiros-_ws-205-1280x854.jpg 1280w, https:\/\/jundiai.sp.gov.br\/noticias\/wp-content\/uploads\/sites\/32\/2024\/10\/cia-de-teatro-robin-hood-emeb-aparecida-merino-elias-medeiros-_ws-205-300x200.jpg 300w, https:\/\/jundiai.sp.gov.br\/noticias\/wp-content\/uploads\/sites\/32\/2024\/10\/cia-de-teatro-robin-hood-emeb-aparecida-merino-elias-medeiros-_ws-205-768x512.jpg 768w, https:\/\/jundiai.sp.gov.br\/noticias\/wp-content\/uploads\/sites\/32\/2024\/10\/cia-de-teatro-robin-hood-emeb-aparecida-merino-elias-medeiros-_ws-205-1536x1024.jpg 1536w, https:\/\/jundiai.sp.gov.br\/noticias\/wp-content\/uploads\/sites\/32\/2024\/10\/cia-de-teatro-robin-hood-emeb-aparecida-merino-elias-medeiros-_ws-205-450x300.jpg 450w, https:\/\/jundiai.sp.gov.br\/noticias\/wp-content\/uploads\/sites\/32\/2024\/10\/cia-de-teatro-robin-hood-emeb-aparecida-merino-elias-medeiros-_ws-205.jpg 1900w\" sizes=\"auto, (max-width: 1280px) 100vw, 1280px\" \/><figcaption class=\"wp-element-caption\">Ao final do espet\u00e1culo, durante a intera\u00e7\u00e3o do elenco com as crian\u00e7as, Ot\u00e1vio, Manuela, Arthur e Lara posaram at\u00e9 para fotos  <\/figcaption><\/figure>\n\n\n\n<p>Para a gestora de Educa\u00e7\u00e3o, Vast\u00ed Ferrari Marques, programa\u00e7\u00f5es como esta refor\u00e7am as aprendizagens. \u201cO aprimoramento dos conhecimentos culturais dos nossos meninos e meninas \u00e9 um dos compromissos da gest\u00e3o, assumidos pelo Curr\u00edculo Jundiaiense e ao encontro da Base Nacional Comum Curricular (BNCC). O contato com atividades culturais que v\u00eam at\u00e9 a escola ou s\u00e3o acessadas com a ida a um equipamento cultural \u00e9 uma experi\u00eancia indel\u00e9vel na mem\u00f3ria das crian\u00e7as e contribuem com suas aprendizagens e repert\u00f3rio.\u201d<\/p>\n\n\n\n<p>Ao longo do m\u00eas, a companhia se apresenta tamb\u00e9m nas Emeb Comendador Hermenegildo Martinelli (Caxambu) e Professora Geralda Berthola Facca (Jardim do Lago), totalizando 1,8 mil espectadores atentos e curiosos.<\/p>\n\n\n\n<figure class=\"wp-block-image size-large\"><img loading=\"lazy\" decoding=\"async\" width=\"1280\" height=\"854\" src=\"https:\/\/jundiai.sp.gov.br\/noticias\/wp-content\/uploads\/sites\/32\/2024\/10\/folia-dos-bichos-cia-jovem-de-danca-apresentacao-para-emeb-no-polytheama-_ws-722-1280x854.jpg\" alt=\"\" class=\"wp-image-348434\" srcset=\"https:\/\/jundiai.sp.gov.br\/noticias\/wp-content\/uploads\/sites\/32\/2024\/10\/folia-dos-bichos-cia-jovem-de-danca-apresentacao-para-emeb-no-polytheama-_ws-722-1280x854.jpg 1280w, https:\/\/jundiai.sp.gov.br\/noticias\/wp-content\/uploads\/sites\/32\/2024\/10\/folia-dos-bichos-cia-jovem-de-danca-apresentacao-para-emeb-no-polytheama-_ws-722-300x200.jpg 300w, https:\/\/jundiai.sp.gov.br\/noticias\/wp-content\/uploads\/sites\/32\/2024\/10\/folia-dos-bichos-cia-jovem-de-danca-apresentacao-para-emeb-no-polytheama-_ws-722-768x512.jpg 768w, https:\/\/jundiai.sp.gov.br\/noticias\/wp-content\/uploads\/sites\/32\/2024\/10\/folia-dos-bichos-cia-jovem-de-danca-apresentacao-para-emeb-no-polytheama-_ws-722-1536x1024.jpg 1536w, https:\/\/jundiai.sp.gov.br\/noticias\/wp-content\/uploads\/sites\/32\/2024\/10\/folia-dos-bichos-cia-jovem-de-danca-apresentacao-para-emeb-no-polytheama-_ws-722-450x300.jpg 450w, https:\/\/jundiai.sp.gov.br\/noticias\/wp-content\/uploads\/sites\/32\/2024\/10\/folia-dos-bichos-cia-jovem-de-danca-apresentacao-para-emeb-no-polytheama-_ws-722.jpg 1900w\" sizes=\"auto, (max-width: 1280px) 100vw, 1280px\" \/><figcaption class=\"wp-element-caption\">Em sua estreia, &#8220;Folia dos Bichos&#8221; j\u00e1 foi apresentada nos palcos da Sala Gl\u00f3ria Rocha, do Teatro Polytheama e em turn\u00ea em S\u00e3o Paulo <\/figcaption><\/figure>\n\n\n\n<p>O gestor de Cultura, Marcelo Peroni, comentou a import\u00e2ncia da iniciativa. \u201cMais uma vez os corpos art\u00edsticos municipais refor\u00e7am o compromisso da Prefeitura pela cria\u00e7\u00e3o de p\u00fablico e fomento \u00e0 Cultura, descentralizando as suas apresenta\u00e7\u00f5es e possibilitando a frequ\u00eancia das crian\u00e7as nos equipamentos culturais.\u201d<\/p>\n\n\n\n<p>J\u00e1 a Cia. Jovem de Dan\u00e7a apresentou \u201cFolia dos Bichos\u201d em seis sess\u00f5es na Sala Gl\u00f3ria Rocha e quatro no Teatro Polytheama para grupos escolares, al\u00e9m de duas apresenta\u00e7\u00f5es abertas ao p\u00fablico no final de semana do Dia das Crian\u00e7as, totalizando 3.400 espectadores.<\/p>\n\n\n\n<p>Ainda em outubro, a companhia jundiaiense realizou performances fora do Munic\u00edpio. O grupo participou da Semana pra Dan\u00e7a 2024, em Campo Grande (MS), com a tr\u00edade \u201cHu.ga\u201d, \u201cMulher Jovem com os olhos fechados, c.1890\u201d e \u201cDan\u00e7a pra Lua\u201d.<\/p>\n\n\n\n<p>A Cia. Jovem tamb\u00e9m apresentou espet\u00e1culos no Centro Cultural S\u00e3o Paulo, na capital, com uma tr\u00edade das coreografias \u201cHu.ga\u201d, \u201cAquilo que guardo\u201d e \u201cDan\u00e7a pra Lua\u201d, e \u201cFolia dos Bichos\u201d. As apresenta\u00e7\u00f5es externas contabilizaram ainda p\u00fablico de 250 pessoas.<\/p>\n\n\n\n<figure class=\"wp-block-image size-large\"><img loading=\"lazy\" decoding=\"async\" width=\"1280\" height=\"854\" src=\"https:\/\/jundiai.sp.gov.br\/noticias\/wp-content\/uploads\/sites\/32\/2024\/10\/folia-dos-bichos-cia-jovem-de-danca-apresentacao-para-emeb-no-polytheama-_ws-740-1280x854.jpg\" alt=\"\" class=\"wp-image-348435\" srcset=\"https:\/\/jundiai.sp.gov.br\/noticias\/wp-content\/uploads\/sites\/32\/2024\/10\/folia-dos-bichos-cia-jovem-de-danca-apresentacao-para-emeb-no-polytheama-_ws-740-1280x854.jpg 1280w, https:\/\/jundiai.sp.gov.br\/noticias\/wp-content\/uploads\/sites\/32\/2024\/10\/folia-dos-bichos-cia-jovem-de-danca-apresentacao-para-emeb-no-polytheama-_ws-740-300x200.jpg 300w, https:\/\/jundiai.sp.gov.br\/noticias\/wp-content\/uploads\/sites\/32\/2024\/10\/folia-dos-bichos-cia-jovem-de-danca-apresentacao-para-emeb-no-polytheama-_ws-740-768x512.jpg 768w, https:\/\/jundiai.sp.gov.br\/noticias\/wp-content\/uploads\/sites\/32\/2024\/10\/folia-dos-bichos-cia-jovem-de-danca-apresentacao-para-emeb-no-polytheama-_ws-740-1536x1024.jpg 1536w, https:\/\/jundiai.sp.gov.br\/noticias\/wp-content\/uploads\/sites\/32\/2024\/10\/folia-dos-bichos-cia-jovem-de-danca-apresentacao-para-emeb-no-polytheama-_ws-740-450x300.jpg 450w, https:\/\/jundiai.sp.gov.br\/noticias\/wp-content\/uploads\/sites\/32\/2024\/10\/folia-dos-bichos-cia-jovem-de-danca-apresentacao-para-emeb-no-polytheama-_ws-740.jpg 1900w\" sizes=\"auto, (max-width: 1280px) 100vw, 1280px\" \/><figcaption class=\"wp-element-caption\">Ao final das apresenta\u00e7\u00f5es, os bailarinos da Cia. Jovem tamb\u00e9m conduziram um bate papo com as crian\u00e7as <\/figcaption><\/figure>\n\n\n\n<p><strong>Assessoria de Imprensa<br>Fotos: Fot\u00f3grafos PMJ <\/strong><\/p>\n","protected":false},"excerpt":{"rendered":"<p>Em mais uma a\u00e7\u00e3o da Plataforma de Educa\u00e7\u00e3o e Cultura, o m\u00eas de outubro tem contado com uma s\u00e9rie de apresenta\u00e7\u00f5es destinadas aos estudantes da rede municipal de ensino com os corpos art\u00edsticos municipais. Ao longo do m\u00eas, pelo Projeto Escola, a Cia. de Teatro de Jundia\u00ed saiu em turn\u00ea para apresentar o seu espet\u00e1culo [&hellip;]<\/p>\n","protected":false},"author":14,"featured_media":348436,"comment_status":"closed","ping_status":"0","sticky":false,"template":"","format":"standard","meta":{"footnotes":""},"categories":[4620,2],"tags":[1130,812,29,4409,6,4625,1061],"ods":[],"class_list":["post-348429","post","type-post","status-publish","format-standard","has-post-thumbnail","hentry","category-destaques","category-noticias","tag-cia-jovem-de-danca","tag-companhia-de-teatro-de-jundiai","tag-cultura","tag-curriculo-jundiaiense","tag-educacao","tag-emeb-aparecida-merino-elias","tag-escola-inovadora"],"_links":{"self":[{"href":"https:\/\/jundiai.sp.gov.br\/noticias\/wp-json\/wp\/v2\/posts\/348429","targetHints":{"allow":["GET"]}}],"collection":[{"href":"https:\/\/jundiai.sp.gov.br\/noticias\/wp-json\/wp\/v2\/posts"}],"about":[{"href":"https:\/\/jundiai.sp.gov.br\/noticias\/wp-json\/wp\/v2\/types\/post"}],"author":[{"embeddable":true,"href":"https:\/\/jundiai.sp.gov.br\/noticias\/wp-json\/wp\/v2\/users\/14"}],"replies":[{"embeddable":true,"href":"https:\/\/jundiai.sp.gov.br\/noticias\/wp-json\/wp\/v2\/comments?post=348429"}],"version-history":[{"count":3,"href":"https:\/\/jundiai.sp.gov.br\/noticias\/wp-json\/wp\/v2\/posts\/348429\/revisions"}],"predecessor-version":[{"id":348437,"href":"https:\/\/jundiai.sp.gov.br\/noticias\/wp-json\/wp\/v2\/posts\/348429\/revisions\/348437"}],"wp:featuredmedia":[{"embeddable":true,"href":"https:\/\/jundiai.sp.gov.br\/noticias\/wp-json\/wp\/v2\/media\/348436"}],"wp:attachment":[{"href":"https:\/\/jundiai.sp.gov.br\/noticias\/wp-json\/wp\/v2\/media?parent=348429"}],"wp:term":[{"taxonomy":"category","embeddable":true,"href":"https:\/\/jundiai.sp.gov.br\/noticias\/wp-json\/wp\/v2\/categories?post=348429"},{"taxonomy":"post_tag","embeddable":true,"href":"https:\/\/jundiai.sp.gov.br\/noticias\/wp-json\/wp\/v2\/tags?post=348429"},{"taxonomy":"ods","embeddable":true,"href":"https:\/\/jundiai.sp.gov.br\/noticias\/wp-json\/wp\/v2\/ods?post=348429"}],"curies":[{"name":"wp","href":"https:\/\/api.w.org\/{rel}","templated":true}]}}