{"id":348481,"date":"2024-10-29T15:16:29","date_gmt":"2024-10-29T18:16:29","guid":{"rendered":"https:\/\/jundiai.sp.gov.br\/noticias\/?p=348481"},"modified":"2024-10-30T09:42:03","modified_gmt":"2024-10-30T12:42:03","slug":"prefeitura-retoma-acoes-de-empregabilidade-no-cras-tamoio","status":"publish","type":"post","link":"https:\/\/jundiai.sp.gov.br\/noticias\/2024\/10\/29\/prefeitura-retoma-acoes-de-empregabilidade-no-cras-tamoio\/","title":{"rendered":"Prefeitura retoma a\u00e7\u00f5es de empregabilidade no CRAS Leste"},"content":{"rendered":"\n<p>O Programa Jundia\u00ed Empreendedora, da Unidade de Desenvolvimento Econ\u00f4mico, Ci\u00eancia e Tecnologia (UGDECT) e a Unidade de Assist\u00eancia e Desenvolvimento Social (UGADS), por meio da Prote\u00e7\u00e3o Social B\u00e1sica, realizaram a\u00e7\u00e3o de empregabilidade, conectando moradores do Jardim Tamoio a oportunidades de trabalho nas empresas ProAtiva, Fia\u00e7\u00e3o Fides e Tauste.<\/p>\n\n\n\n<p><strong><a href=\"https:\/\/negocios.jundiai.sp.gov.br\/\" target=\"_blank\" rel=\"noreferrer noopener\">CONHE\u00c7A AS A\u00c7\u00d5ES DA UGDECT<\/a><\/strong><\/p>\n\n\n\n<figure class=\"wp-block-image size-large\"><img loading=\"lazy\" decoding=\"async\" width=\"900\" height=\"506\" src=\"https:\/\/jundiai.sp.gov.br\/noticias\/wp-content\/uploads\/sites\/32\/2024\/10\/whatsapp-image-2024-10-29-at-09-25-30-edited-1.jpeg\" alt=\"\" class=\"wp-image-348511\" srcset=\"https:\/\/jundiai.sp.gov.br\/noticias\/wp-content\/uploads\/sites\/32\/2024\/10\/whatsapp-image-2024-10-29-at-09-25-30-edited-1.jpeg 900w, https:\/\/jundiai.sp.gov.br\/noticias\/wp-content\/uploads\/sites\/32\/2024\/10\/whatsapp-image-2024-10-29-at-09-25-30-edited-1-300x169.jpeg 300w, https:\/\/jundiai.sp.gov.br\/noticias\/wp-content\/uploads\/sites\/32\/2024\/10\/whatsapp-image-2024-10-29-at-09-25-30-edited-1-768x432.jpeg 768w\" sizes=\"auto, (max-width: 900px) 100vw, 900px\" \/><figcaption class=\"wp-element-caption\">A iniciativa do programa Jundia\u00ed Empreendedora contou com a participa\u00e7\u00e3o das empresas ProAtiva, Fia\u00e7\u00e3o Fides e Tauste<\/figcaption><\/figure>\n\n\n\n<p>Jos\u00e9 Augusto, um dos participantes, compartilhou sua experi\u00eancia. Sem acesso \u00e0 internet em casa, ele ficou sabendo da a\u00e7\u00e3o por meio de vizinhos. \u201cAchei \u00f3timo! J\u00e1 fui encaminhado para fazer os exames m\u00e9dicos na empresa. Estou muito animado com essa oportunidade\u201d, disse ele, demonstrando entusiasmo ao sair com todos os encaminhamentos necess\u00e1rios.<\/p>\n\n\n\n<p>Outra benefici\u00e1ria, dona Maria, tamb\u00e9m expressou sua expectativa. \u201cN\u00e3o tenho como ir at\u00e9 o Jundia\u00ed Empreendedora ou \u00e0 empresa, mas estou cheia de esperan\u00e7a de conseguir um emprego aqui. Essa a\u00e7\u00e3o \u00e9 uma chance para pessoas como eu\u201d, afirmou.<\/p>\n\n\n\n<p>Elaine Aguiar, diretora de Fomento ao Com\u00e9rcio e Servi\u00e7os da UGDECT, destacou a import\u00e2ncia do Espa\u00e7o Jundia\u00ed Empreendedora. \u201cNosso objetivo \u00e9 auxiliar os cidad\u00e3os a desenvolver habilidades e encontrar vagas que correspondam aos seus perfis. \u00c9 fundamental promover a inclus\u00e3o e o acesso ao mercado de trabalho\u201d, concluiu.<\/p>\n\n\n\n<figure class=\"wp-block-image size-large\"><img loading=\"lazy\" decoding=\"async\" width=\"900\" height=\"506\" src=\"https:\/\/jundiai.sp.gov.br\/noticias\/wp-content\/uploads\/sites\/32\/2024\/10\/whatsapp-image-2024-10-29-at-09-25-31-1-edited-1.jpeg\" alt=\"\" class=\"wp-image-348510\" srcset=\"https:\/\/jundiai.sp.gov.br\/noticias\/wp-content\/uploads\/sites\/32\/2024\/10\/whatsapp-image-2024-10-29-at-09-25-31-1-edited-1.jpeg 900w, https:\/\/jundiai.sp.gov.br\/noticias\/wp-content\/uploads\/sites\/32\/2024\/10\/whatsapp-image-2024-10-29-at-09-25-31-1-edited-1-300x169.jpeg 300w, https:\/\/jundiai.sp.gov.br\/noticias\/wp-content\/uploads\/sites\/32\/2024\/10\/whatsapp-image-2024-10-29-at-09-25-31-1-edited-1-768x432.jpeg 768w\" sizes=\"auto, (max-width: 900px) 100vw, 900px\" \/><figcaption class=\"wp-element-caption\">A a\u00e7\u00e3o foi parceria entre as Unidades de Desenvolvimento Econ\u00f4mico, Ci\u00eancia e Tecnologia, Promo\u00e7\u00e3o da Sa\u00fade e de Assist\u00eancia e Desenvolvimento Social<\/figcaption><\/figure>\n\n\n\n<p><strong>Assessoria de Imprensa<\/strong><br><strong>Foto: PMJ<\/strong><\/p>\n","protected":false},"excerpt":{"rendered":"<p>O Programa Jundia\u00ed Empreendedora, da Unidade de Desenvolvimento Econ\u00f4mico, Ci\u00eancia e Tecnologia (UGDECT) e a Unidade de Assist\u00eancia e Desenvolvimento Social (UGADS), por meio da Prote\u00e7\u00e3o Social B\u00e1sica, realizaram a\u00e7\u00e3o de empregabilidade, conectando moradores do Jardim Tamoio a oportunidades de trabalho nas empresas ProAtiva, Fia\u00e7\u00e3o Fides e Tauste. CONHE\u00c7A AS A\u00c7\u00d5ES DA UGDECT Jos\u00e9 Augusto, [&hellip;]<\/p>\n","protected":false},"author":97,"featured_media":348489,"comment_status":"closed","ping_status":"0","sticky":false,"template":"","format":"standard","meta":{"footnotes":""},"categories":[2],"tags":[980,365],"ods":[4221,4230,4228],"class_list":["post-348481","post","type-post","status-publish","format-standard","has-post-thumbnail","hentry","category-noticias","tag-assistencia-e-desenvolvimento-social","tag-desenvolvimento-economico-ciencia-e-tecnologia","ods-ods-01","ods-ods-10","ods-ods-08"],"_links":{"self":[{"href":"https:\/\/jundiai.sp.gov.br\/noticias\/wp-json\/wp\/v2\/posts\/348481","targetHints":{"allow":["GET"]}}],"collection":[{"href":"https:\/\/jundiai.sp.gov.br\/noticias\/wp-json\/wp\/v2\/posts"}],"about":[{"href":"https:\/\/jundiai.sp.gov.br\/noticias\/wp-json\/wp\/v2\/types\/post"}],"author":[{"embeddable":true,"href":"https:\/\/jundiai.sp.gov.br\/noticias\/wp-json\/wp\/v2\/users\/97"}],"replies":[{"embeddable":true,"href":"https:\/\/jundiai.sp.gov.br\/noticias\/wp-json\/wp\/v2\/comments?post=348481"}],"version-history":[{"count":6,"href":"https:\/\/jundiai.sp.gov.br\/noticias\/wp-json\/wp\/v2\/posts\/348481\/revisions"}],"predecessor-version":[{"id":348563,"href":"https:\/\/jundiai.sp.gov.br\/noticias\/wp-json\/wp\/v2\/posts\/348481\/revisions\/348563"}],"wp:featuredmedia":[{"embeddable":true,"href":"https:\/\/jundiai.sp.gov.br\/noticias\/wp-json\/wp\/v2\/media\/348489"}],"wp:attachment":[{"href":"https:\/\/jundiai.sp.gov.br\/noticias\/wp-json\/wp\/v2\/media?parent=348481"}],"wp:term":[{"taxonomy":"category","embeddable":true,"href":"https:\/\/jundiai.sp.gov.br\/noticias\/wp-json\/wp\/v2\/categories?post=348481"},{"taxonomy":"post_tag","embeddable":true,"href":"https:\/\/jundiai.sp.gov.br\/noticias\/wp-json\/wp\/v2\/tags?post=348481"},{"taxonomy":"ods","embeddable":true,"href":"https:\/\/jundiai.sp.gov.br\/noticias\/wp-json\/wp\/v2\/ods?post=348481"}],"curies":[{"name":"wp","href":"https:\/\/api.w.org\/{rel}","templated":true}]}}