{"id":348517,"date":"2024-10-30T11:49:11","date_gmt":"2024-10-30T14:49:11","guid":{"rendered":"https:\/\/jundiai.sp.gov.br\/noticias\/?p=348517"},"modified":"2024-10-30T11:49:11","modified_gmt":"2024-10-30T14:49:11","slug":"prefeitura-e-etec-benedito-storani-promovem-o-3o-encontro-tecnico-sobre-cultivo-protegido","status":"publish","type":"post","link":"https:\/\/jundiai.sp.gov.br\/noticias\/2024\/10\/30\/prefeitura-e-etec-benedito-storani-promovem-o-3o-encontro-tecnico-sobre-cultivo-protegido\/","title":{"rendered":"Prefeitura e Etec Benedito Storani promovem o 3\u00ba Encontro T\u00e9cnico sobre Cultivo Protegido"},"content":{"rendered":"\n<p>A Prefeitura de Jundia\u00ed e a Escola T\u00e9cnica Benedito Storani (EtecBest) promovem no dia 5 de novembro, das 7h \u00e0s 14h, o 3\u00ba Encontro T\u00e9cnico sobre Cultivo Protegido. Durante a a\u00e7\u00e3o, realizada na sede da EtecBest, os produtores participar\u00e3o de um dia de campo para conhecer as tecnologias que ajudam a proteger as lavouras. <\/p>\n\n\n\n<p>Ser\u00e1 um Dia de Campo com 12 esta\u00e7\u00f5es montadas exclusivamente para o encontro, os produtores de Jundia\u00ed e da Regi\u00e3o conhecer\u00e3o de perto os tipos de mat\u00e9ria-prima \u00e0 disposi\u00e7\u00e3o no mercado quando o assunto \u00e9 revestimento e estrutura. Algumas estufas, por exemplo, podem ser revestidas com telas que ajudam a controlar a temperatura.<\/p>\n\n\n\n<p>O gestor da Unidade de Agroneg\u00f3cio, Abastecimento e Turismo (UGAAT), Eduardo Alvarez, explica que o evento nasceu com a cria\u00e7\u00e3o da Subven\u00e7\u00e3o do Cultivo Protegido. &#8220;Jundia\u00ed sai na frente com um programa de apoio aos agricultores de Jundia\u00ed frente \u00e0s mudan\u00e7as clim\u00e1ticas. Trata-se de um evento pr\u00e1tico, um Dia de Campo, com a apresenta\u00e7\u00e3o de Tecnologias para a Cadeia Produtiva do Cultivo Protegido&#8221;, explica o gestor da UGAAT.<\/p>\n\n\n\n<p>Com previs\u00e3o para receber 300 pessoas no evento, temas como sistema autom\u00e1tica fertirriga\u00e7\u00e3o (m\u00e9todo de adubar a lavoura por meio da irriga\u00e7\u00e3o), sistema de pulveriza\u00e7\u00e3o com drone, preparo de solo, e enxerto de mudas ser\u00e3o abordados. &#8220;Os produtores conhecer\u00e3o as t\u00e9cnicas do sistema de gotejamento, que \u00e9 aplicar gotas de \u00e1gua nas ra\u00edzes das plantas de forma controlada, al\u00e9m das vantagens do adubo verde e o controle com defensivo biol\u00f3gico. Ser\u00e1 um dia para aprender as v\u00e1rias t\u00e9cnicas de prote\u00e7\u00e3o, seja para evitar as perdas durante uma chuva de pedras ou durante as mudan\u00e7as bruscas de temperatura&#8221;, comenta Isabel Harder, diretora de Agroneg\u00f3cio.<\/p>\n\n\n\n<p>Parcerias<\/p>\n\n\n\n<p>Durante o encontro v\u00e1rias empresas apresentam as inova\u00e7\u00f5es tecnol\u00f3gicas em experimentos produtivos instalados na Etec, acompanhados pelos alunos do T\u00e9cnico em Agropecu\u00e1ria. As inova\u00e7\u00f5es que potencializam a produ\u00e7\u00e3o e f\u00e1cil aplica\u00e7\u00e3o a realidade do agroneg\u00f3cio regional. &#8220;As esta\u00e7\u00f5es ter\u00e3o desde novidades de aduba\u00e7\u00e3o e nutri\u00e7\u00e3o de plantas, tipos e automa\u00e7\u00e3o de sistemas de irriga\u00e7\u00e3o, mudas enxertadas mais produtivas e resistentes a enfermidades de solo, controle biol\u00f3gico de pragas e doen\u00e7as, novidades em estrutura e tipos de tela e cobertura para estufas, utiliza\u00e7\u00e3o de tecnologia de drones agr\u00edcolas, novidades em manejo e tecnologias de cultivo, dentre outros&#8221;, adianta o gestor.<\/p>\n\n\n\n<p>Haver\u00e1 lan\u00e7amento ao p\u00fablico de uma nova variedade de abobrinha, a Alexa, como ponto forte \u00e0 resist\u00eancia moderada a viroses e o\u00eddio, conferindo maior seguran\u00e7a e colheita prolongada em condi\u00e7\u00f5es de press\u00e3o de virose com excelente padr\u00e3o de frutos e p\u00f3s colheita. <br><br>&#8220;Para evitar os preju\u00edzos da lavoura \u00e9 preciso investir. E n\u00e3o \u00e9 apenas cobrir a planta\u00e7\u00e3o, mas tamb\u00e9m pensar na irriga\u00e7\u00e3o correta. Queremos mostrar que \u00e9 poss\u00edvel investir em diferentes a\u00e7\u00f5es para colher produtos de qualidade&#8221;, refor\u00e7a Isabel. <br><br><\/p>\n\n\n\n<figure class=\"wp-block-image size-large\"><img loading=\"lazy\" decoding=\"async\" width=\"1280\" height=\"854\" src=\"https:\/\/jundiai.sp.gov.br\/noticias\/wp-content\/uploads\/sites\/32\/2024\/10\/cultivo-2-1280x854.jpg\" alt=\"\" class=\"wp-image-348530\" srcset=\"https:\/\/jundiai.sp.gov.br\/noticias\/wp-content\/uploads\/sites\/32\/2024\/10\/cultivo-2-1280x854.jpg 1280w, https:\/\/jundiai.sp.gov.br\/noticias\/wp-content\/uploads\/sites\/32\/2024\/10\/cultivo-2-300x200.jpg 300w, https:\/\/jundiai.sp.gov.br\/noticias\/wp-content\/uploads\/sites\/32\/2024\/10\/cultivo-2-768x512.jpg 768w, https:\/\/jundiai.sp.gov.br\/noticias\/wp-content\/uploads\/sites\/32\/2024\/10\/cultivo-2-1536x1024.jpg 1536w, https:\/\/jundiai.sp.gov.br\/noticias\/wp-content\/uploads\/sites\/32\/2024\/10\/cultivo-2-450x300.jpg 450w, https:\/\/jundiai.sp.gov.br\/noticias\/wp-content\/uploads\/sites\/32\/2024\/10\/cultivo-2.jpg 1900w\" sizes=\"auto, (max-width: 1280px) 100vw, 1280px\" \/><figcaption class=\"wp-element-caption\">O evento tamb\u00e9m ser\u00e1 marcado pela mostra dos v\u00e1rios tipos de irriga\u00e7\u00e3o para proteger a planta\u00e7\u00e3o <\/figcaption><\/figure>\n\n\n\n<p><strong>Servi\u00e7o<\/strong><\/p>\n\n\n\n<p>O evento \u00e9 gratuito, mas as inscri\u00e7\u00f5es deve ser feitas por meio do <a href=\"https:\/\/www.even3.com.br\/3-encontro-de-cultivo-protegido-jundiaisp-503555\/.\">link do evento<\/a>.<\/p>\n\n\n\n<p>A EtecBest fica na avenida Ant\u00f4nio Pincinato, 4355. <\/p>\n\n\n\n<p><\/p>\n","protected":false},"excerpt":{"rendered":"<p>A Prefeitura de Jundia\u00ed e a Escola T\u00e9cnica Benedito Storani (EtecBest) promovem no dia 5 de novembro, das 7h \u00e0s 14h, o 3\u00ba Encontro T\u00e9cnico sobre Cultivo Protegido. Durante a a\u00e7\u00e3o, realizada na sede da EtecBest, os produtores participar\u00e3o de um dia de campo para conhecer as tecnologias que ajudam a proteger as lavouras. Ser\u00e1 [&hellip;]<\/p>\n","protected":false},"author":120,"featured_media":348529,"comment_status":"closed","ping_status":"0","sticky":false,"template":"","format":"standard","meta":{"footnotes":""},"categories":[2],"tags":[1125,2885,4635,4634],"ods":[],"class_list":["post-348517","post","type-post","status-publish","format-standard","has-post-thumbnail","hentry","category-noticias","tag-agricultura","tag-cultivo-protegido","tag-lavoura","tag-protecao"],"_links":{"self":[{"href":"https:\/\/jundiai.sp.gov.br\/noticias\/wp-json\/wp\/v2\/posts\/348517","targetHints":{"allow":["GET"]}}],"collection":[{"href":"https:\/\/jundiai.sp.gov.br\/noticias\/wp-json\/wp\/v2\/posts"}],"about":[{"href":"https:\/\/jundiai.sp.gov.br\/noticias\/wp-json\/wp\/v2\/types\/post"}],"author":[{"embeddable":true,"href":"https:\/\/jundiai.sp.gov.br\/noticias\/wp-json\/wp\/v2\/users\/120"}],"replies":[{"embeddable":true,"href":"https:\/\/jundiai.sp.gov.br\/noticias\/wp-json\/wp\/v2\/comments?post=348517"}],"version-history":[{"count":5,"href":"https:\/\/jundiai.sp.gov.br\/noticias\/wp-json\/wp\/v2\/posts\/348517\/revisions"}],"predecessor-version":[{"id":348575,"href":"https:\/\/jundiai.sp.gov.br\/noticias\/wp-json\/wp\/v2\/posts\/348517\/revisions\/348575"}],"wp:featuredmedia":[{"embeddable":true,"href":"https:\/\/jundiai.sp.gov.br\/noticias\/wp-json\/wp\/v2\/media\/348529"}],"wp:attachment":[{"href":"https:\/\/jundiai.sp.gov.br\/noticias\/wp-json\/wp\/v2\/media?parent=348517"}],"wp:term":[{"taxonomy":"category","embeddable":true,"href":"https:\/\/jundiai.sp.gov.br\/noticias\/wp-json\/wp\/v2\/categories?post=348517"},{"taxonomy":"post_tag","embeddable":true,"href":"https:\/\/jundiai.sp.gov.br\/noticias\/wp-json\/wp\/v2\/tags?post=348517"},{"taxonomy":"ods","embeddable":true,"href":"https:\/\/jundiai.sp.gov.br\/noticias\/wp-json\/wp\/v2\/ods?post=348517"}],"curies":[{"name":"wp","href":"https:\/\/api.w.org\/{rel}","templated":true}]}}