{"id":348577,"date":"2024-10-30T11:49:36","date_gmt":"2024-10-30T14:49:36","guid":{"rendered":"https:\/\/jundiai.sp.gov.br\/noticias\/?p=348577"},"modified":"2024-10-30T11:50:23","modified_gmt":"2024-10-30T14:50:23","slug":"em-menos-de-tres-meses-espaco-das-aguas-atrai-mais-de-100-mil-pessoas-ao-mundo-das-criancas","status":"publish","type":"post","link":"https:\/\/jundiai.sp.gov.br\/noticias\/2024\/10\/30\/em-menos-de-tres-meses-espaco-das-aguas-atrai-mais-de-100-mil-pessoas-ao-mundo-das-criancas\/","title":{"rendered":"Em menos de tr\u00eas meses, Espa\u00e7o das \u00c1guas atrai mais de 100 mil pessoas ao Mundo das Crian\u00e7as"},"content":{"rendered":"\n<figure class=\"wp-block-image size-large\"><img loading=\"lazy\" decoding=\"async\" width=\"1237\" height=\"960\" src=\"https:\/\/jundiai.sp.gov.br\/noticias\/wp-content\/uploads\/sites\/32\/2024\/10\/espaco-das-aguas-6-1237x960.jpeg\" alt=\"\" class=\"wp-image-348578\" srcset=\"https:\/\/jundiai.sp.gov.br\/noticias\/wp-content\/uploads\/sites\/32\/2024\/10\/espaco-das-aguas-6-1237x960.jpeg 1237w, https:\/\/jundiai.sp.gov.br\/noticias\/wp-content\/uploads\/sites\/32\/2024\/10\/espaco-das-aguas-6-300x233.jpeg 300w, https:\/\/jundiai.sp.gov.br\/noticias\/wp-content\/uploads\/sites\/32\/2024\/10\/espaco-das-aguas-6-768x596.jpeg 768w, https:\/\/jundiai.sp.gov.br\/noticias\/wp-content\/uploads\/sites\/32\/2024\/10\/espaco-das-aguas-6-1536x1192.jpeg 1536w, https:\/\/jundiai.sp.gov.br\/noticias\/wp-content\/uploads\/sites\/32\/2024\/10\/espaco-das-aguas-6.jpeg 1600w\" sizes=\"auto, (max-width: 1237px) 100vw, 1237px\" \/><\/figure>\n\n\n\n<p>Aberto desde 17 de agosto, o Espa\u00e7o das \u00c1guas \u00e9 a grande novidade do Mundo das Crian\u00e7as, parque administrado pela DAE Jundia\u00ed. Equipado com uma prainha, lago com pedalinhos, cascata, esta\u00e7\u00e3o de calistenia, lanchonetes e quiosques para piqueniques, entre outras atra\u00e7\u00f5es, o Espa\u00e7o das \u00c1guas atraiu, em pouco menos de tr\u00eas meses de funcionamento, mais de 100 mil pessoas ao local. E, assim como o Mundo das Crian\u00e7as, o Espa\u00e7o das \u00c1guas tem acesso gratuito e j\u00e1 se tornou o ponto de encontro para fam\u00edlias e crian\u00e7as em busca de divers\u00e3o e lazer ao ar livre.<\/p>\n\n\n\n<p>Dentro da nova atra\u00e7\u00e3o, um cantinho foi totalmente preparado para quem quer levar o melhor amigo para passear no parque. O Espa\u00e7o Pet \u00e9 um bosque de 7 mil m\u00b2, com port\u00e3o e cerca de seguran\u00e7a, onde os pets \u2013 c\u00e3es e gatos \u2013 podem brincar sem guia ou coleira, acompanhados de seus tutores. Cabe lembrar que o local \u00e9 a \u00fanica \u00e1rea do parque onde os pets podem circular \u00e0 vontade. \u201cPor conta das regras de prote\u00e7\u00e3o da represa, n\u00e3o permitimos a entrada de pets no Parque da Cidade e no Mundo das Crian\u00e7as, mas no Espa\u00e7o Pet, est\u00e1 liberado\u201d, afirmou o diretor de Mananciais da DAE Jundia\u00ed, Martim Ribeiro.&nbsp;<\/p>\n\n\n<div class=\"wp-block-image\">\n<figure class=\"aligncenter size-large\"><img loading=\"lazy\" decoding=\"async\" width=\"1280\" height=\"960\" src=\"https:\/\/jundiai.sp.gov.br\/noticias\/wp-content\/uploads\/sites\/32\/2024\/10\/espaco-das-aguas-pet-160-1280x960.jpeg\" alt=\"\" class=\"wp-image-348579\" srcset=\"https:\/\/jundiai.sp.gov.br\/noticias\/wp-content\/uploads\/sites\/32\/2024\/10\/espaco-das-aguas-pet-160-1280x960.jpeg 1280w, https:\/\/jundiai.sp.gov.br\/noticias\/wp-content\/uploads\/sites\/32\/2024\/10\/espaco-das-aguas-pet-160-300x225.jpeg 300w, https:\/\/jundiai.sp.gov.br\/noticias\/wp-content\/uploads\/sites\/32\/2024\/10\/espaco-das-aguas-pet-160-768x576.jpeg 768w, https:\/\/jundiai.sp.gov.br\/noticias\/wp-content\/uploads\/sites\/32\/2024\/10\/espaco-das-aguas-pet-160-1536x1152.jpeg 1536w, https:\/\/jundiai.sp.gov.br\/noticias\/wp-content\/uploads\/sites\/32\/2024\/10\/espaco-das-aguas-pet-160.jpeg 1600w\" sizes=\"auto, (max-width: 1280px) 100vw, 1280px\" \/><figcaption class=\"wp-element-caption\">No Espa\u00e7o Pet, os animais podem circular sem coleira por um bosque de 7 mil m\u00b2<\/figcaption><\/figure>\n<\/div>\n\n\n<p>As \u00e1reas da cascata e do espelho d\u00b4\u00e1gua, pr\u00f3ximas aos quiosques, s\u00e3o as mais procuradas pelas crian\u00e7as menores, que aproveitam para se refrescar, especialmente nos dias mais quentes. J\u00e1 os pedalinhos s\u00e3o liberados para crian\u00e7as a partir de 6 anos. Menores de idade devem, obrigatoriamente, estar acompanhados de pais ou respons\u00e1veis.<\/p>\n\n\n<div class=\"wp-block-image\">\n<figure class=\"aligncenter size-large\"><img loading=\"lazy\" decoding=\"async\" width=\"1280\" height=\"960\" src=\"https:\/\/jundiai.sp.gov.br\/noticias\/wp-content\/uploads\/sites\/32\/2024\/10\/img_4198-1280x960.jpg\" alt=\"\" class=\"wp-image-348580\" srcset=\"https:\/\/jundiai.sp.gov.br\/noticias\/wp-content\/uploads\/sites\/32\/2024\/10\/img_4198-1280x960.jpg 1280w, https:\/\/jundiai.sp.gov.br\/noticias\/wp-content\/uploads\/sites\/32\/2024\/10\/img_4198-300x225.jpg 300w, https:\/\/jundiai.sp.gov.br\/noticias\/wp-content\/uploads\/sites\/32\/2024\/10\/img_4198-768x576.jpg 768w, https:\/\/jundiai.sp.gov.br\/noticias\/wp-content\/uploads\/sites\/32\/2024\/10\/img_4198-1536x1152.jpg 1536w, https:\/\/jundiai.sp.gov.br\/noticias\/wp-content\/uploads\/sites\/32\/2024\/10\/img_4198.jpg 1900w\" sizes=\"auto, (max-width: 1280px) 100vw, 1280px\" \/><figcaption class=\"wp-element-caption\">Agendamentos para o Espa\u00e7o das \u00c1guas s\u00e3o v\u00e1lidos para o Mundo e vice-versa<\/figcaption><\/figure>\n<\/div>\n\n\n<p>Funcionando de ter\u00e7a a domingo, o Espa\u00e7o das \u00c1guas fica localizado dentro do Mundo das Crian\u00e7as, pr\u00f3ximo \u00e0 portaria principal do parque. Assim como as demais atra\u00e7\u00f5es do Mundo, tem acesso liberado em dias de semana e, aos finais de semana, feriados e emendas de feriados, \u00e9 necess\u00e1rio agendamento pr\u00e9vio. Vale lembrar que o agendamento feito para o Mundo das Crian\u00e7as vale para o Espa\u00e7o das \u00c1guas e vice-versa. Novos agendamentos s\u00e3o liberados \u00e0s segundas-feiras, ao meio-dia, pelo site&nbsp;<a href=\"http:\/\/www.mundodascriancasjundiai.com.br\/\" target=\"_blank\" rel=\"noreferrer noopener\">www.mundodascriancasjundiai.com.br<\/a><\/p>\n\n\n<div class=\"wp-block-image\">\n<figure class=\"aligncenter size-large\"><img loading=\"lazy\" decoding=\"async\" width=\"1280\" height=\"854\" src=\"https:\/\/jundiai.sp.gov.br\/noticias\/wp-content\/uploads\/sites\/32\/2024\/10\/4g9a7044-1280x854.jpg\" alt=\"\" class=\"wp-image-348581\" srcset=\"https:\/\/jundiai.sp.gov.br\/noticias\/wp-content\/uploads\/sites\/32\/2024\/10\/4g9a7044-1280x854.jpg 1280w, https:\/\/jundiai.sp.gov.br\/noticias\/wp-content\/uploads\/sites\/32\/2024\/10\/4g9a7044-300x200.jpg 300w, https:\/\/jundiai.sp.gov.br\/noticias\/wp-content\/uploads\/sites\/32\/2024\/10\/4g9a7044-768x512.jpg 768w, https:\/\/jundiai.sp.gov.br\/noticias\/wp-content\/uploads\/sites\/32\/2024\/10\/4g9a7044-1536x1024.jpg 1536w, https:\/\/jundiai.sp.gov.br\/noticias\/wp-content\/uploads\/sites\/32\/2024\/10\/4g9a7044-450x300.jpg 450w, https:\/\/jundiai.sp.gov.br\/noticias\/wp-content\/uploads\/sites\/32\/2024\/10\/4g9a7044.jpg 1900w\" sizes=\"auto, (max-width: 1280px) 100vw, 1280px\" \/><figcaption class=\"wp-element-caption\">Menores de idade a partir de 6 anos podem brincar nos pedalinhos acompanhados dos pais<\/figcaption><\/figure>\n<\/div>\n\n\n<p><\/p>\n","protected":false},"excerpt":{"rendered":"<p>Aberto desde 17 de agosto, o Espa\u00e7o das \u00c1guas \u00e9 a grande novidade do Mundo das Crian\u00e7as, parque administrado pela DAE Jundia\u00ed. Equipado com uma prainha, lago com pedalinhos, cascata, esta\u00e7\u00e3o de calistenia, lanchonetes e quiosques para piqueniques, entre outras atra\u00e7\u00f5es, o Espa\u00e7o das \u00c1guas atraiu, em pouco menos de tr\u00eas meses de funcionamento, mais [&hellip;]<\/p>\n","protected":false},"author":40,"featured_media":348578,"comment_status":"closed","ping_status":"0","sticky":false,"template":"","format":"standard","meta":{"footnotes":""},"categories":[2],"tags":[],"ods":[],"class_list":["post-348577","post","type-post","status-publish","format-standard","has-post-thumbnail","hentry","category-noticias"],"_links":{"self":[{"href":"https:\/\/jundiai.sp.gov.br\/noticias\/wp-json\/wp\/v2\/posts\/348577","targetHints":{"allow":["GET"]}}],"collection":[{"href":"https:\/\/jundiai.sp.gov.br\/noticias\/wp-json\/wp\/v2\/posts"}],"about":[{"href":"https:\/\/jundiai.sp.gov.br\/noticias\/wp-json\/wp\/v2\/types\/post"}],"author":[{"embeddable":true,"href":"https:\/\/jundiai.sp.gov.br\/noticias\/wp-json\/wp\/v2\/users\/40"}],"replies":[{"embeddable":true,"href":"https:\/\/jundiai.sp.gov.br\/noticias\/wp-json\/wp\/v2\/comments?post=348577"}],"version-history":[{"count":2,"href":"https:\/\/jundiai.sp.gov.br\/noticias\/wp-json\/wp\/v2\/posts\/348577\/revisions"}],"predecessor-version":[{"id":348583,"href":"https:\/\/jundiai.sp.gov.br\/noticias\/wp-json\/wp\/v2\/posts\/348577\/revisions\/348583"}],"wp:featuredmedia":[{"embeddable":true,"href":"https:\/\/jundiai.sp.gov.br\/noticias\/wp-json\/wp\/v2\/media\/348578"}],"wp:attachment":[{"href":"https:\/\/jundiai.sp.gov.br\/noticias\/wp-json\/wp\/v2\/media?parent=348577"}],"wp:term":[{"taxonomy":"category","embeddable":true,"href":"https:\/\/jundiai.sp.gov.br\/noticias\/wp-json\/wp\/v2\/categories?post=348577"},{"taxonomy":"post_tag","embeddable":true,"href":"https:\/\/jundiai.sp.gov.br\/noticias\/wp-json\/wp\/v2\/tags?post=348577"},{"taxonomy":"ods","embeddable":true,"href":"https:\/\/jundiai.sp.gov.br\/noticias\/wp-json\/wp\/v2\/ods?post=348577"}],"curies":[{"name":"wp","href":"https:\/\/api.w.org\/{rel}","templated":true}]}}