{"id":348690,"date":"2024-11-04T15:58:25","date_gmt":"2024-11-04T18:58:25","guid":{"rendered":"https:\/\/jundiai.sp.gov.br\/noticias\/?p=348690"},"modified":"2024-11-04T15:58:25","modified_gmt":"2024-11-04T18:58:25","slug":"covid-19-doses-voltam-a-ser-aplicadas-na-quarta-feira","status":"publish","type":"post","link":"https:\/\/jundiai.sp.gov.br\/noticias\/2024\/11\/04\/covid-19-doses-voltam-a-ser-aplicadas-na-quarta-feira\/","title":{"rendered":"Covid-19: doses voltam a ser aplicadas na quarta-feira"},"content":{"rendered":"\n<p>Com a chegada de novos lotes da vacina contra a Covid-19 no Munic\u00edpio, a Unidade de Gest\u00e3o de Promo\u00e7\u00e3o da Sa\u00fade (UGPS) retoma na pr\u00f3xima quarta-feira (6) a aplica\u00e7\u00e3o das doses em crian\u00e7as de 6 meses a menores de 5 anos e em crian\u00e7as de 5 anos a 11 anos que pertencem aos grupos priorit\u00e1rios e, tamb\u00e9m, na popula\u00e7\u00e3o a partir de 12 anos que faz parte do grupo priorit\u00e1rio.<\/p>\n\n\n\n<p>O imunizante ser\u00e1 disponibilizado em todas as Unidades B\u00e1sicas de Sa\u00fade (UBSs) e Cl\u00ednicas da Fam\u00edlia, seguindo o cronograma dispon\u00edvel no link: <a href=\"https:\/\/jundiai.sp.gov.br\/coronavirus\/calendario-de-vacinacao\/\">https:\/\/jundiai.sp.gov.br\/coronavirus\/calendario-de-vacinacao\/<\/a>. N\u00e3o h\u00e1 necessidade de agendamento.<\/p>\n\n\n\n<p>\u201c\u00c9 importante que o p\u00fablico contemplado mantenha atualizada a carteirinha, conforme o esquema preconizado pelo Minist\u00e9rio da Sa\u00fade. Fazemos um chamado principalmente para os idosos e para as crian\u00e7as, pois a cobertura vacinal est\u00e1 baixa. O v\u00edrus da Covid-19 permanece circulando e a vacina \u00e9 importante para evitar o agravamento da doen\u00e7a e novos \u00f3bitos\u201d, ressalta a respons\u00e1vel pelo Programa Municipal de Imuniza\u00e7\u00e3o da UGPS, enfermeira Vivian Cesar Beteli.<\/p>\n\n\n\n<figure class=\"wp-block-image size-full\"><img loading=\"lazy\" decoding=\"async\" width=\"1280\" height=\"853\" src=\"https:\/\/jundiai.sp.gov.br\/noticias\/wp-content\/uploads\/sites\/32\/2023\/05\/vacinacao-covid-ubs-agapeama_repescagem-34-1.jpg\" alt=\"\" class=\"wp-image-316843\" srcset=\"https:\/\/jundiai.sp.gov.br\/noticias\/wp-content\/uploads\/sites\/32\/2023\/05\/vacinacao-covid-ubs-agapeama_repescagem-34-1.jpg 1280w, https:\/\/jundiai.sp.gov.br\/noticias\/wp-content\/uploads\/sites\/32\/2023\/05\/vacinacao-covid-ubs-agapeama_repescagem-34-1-300x200.jpg 300w, https:\/\/jundiai.sp.gov.br\/noticias\/wp-content\/uploads\/sites\/32\/2023\/05\/vacinacao-covid-ubs-agapeama_repescagem-34-1-768x512.jpg 768w, https:\/\/jundiai.sp.gov.br\/noticias\/wp-content\/uploads\/sites\/32\/2023\/05\/vacinacao-covid-ubs-agapeama_repescagem-34-1-450x300.jpg 450w\" sizes=\"auto, (max-width: 1280px) 100vw, 1280px\" \/><figcaption class=\"wp-element-caption\">Jundia\u00ed recebeu novos lotes da vacina<\/figcaption><\/figure>\n\n\n\n<p>\u00daltimo balan\u00e7o da Vigil\u00e2ncia Epidemiol\u00f3gica (VE) aponta que em crian\u00e7as de 6 meses a menores de 5 anos foram aplicadas 2.886 doses da vacina Spikevax. A popula\u00e7\u00e3o estimada \u00e9 de 22.705 crian\u00e7as. J\u00e1 em idosos, foram 7.144 doses (s\u00e3o estimadas 74.289 pessoas nesta faixa et\u00e1ria).<\/p>\n\n\n\n<p>A lista do grupo priorit\u00e1rio para vacina\u00e7\u00e3o contra Covid-19 tamb\u00e9m est\u00e1 dispon\u00edvel no link <a href=\"https:\/\/jundiai.sp.gov.br\/coronavirus\/calendario-de-vacinacao\/\">https:\/\/jundiai.sp.gov.br\/coronavirus\/calendario-de-vacinacao\/<\/a>.<\/p>\n\n\n\n<p><strong>Assessoria de Imprensa<br>Fotos: Arquivo PMJ <\/strong><\/p>\n\n\n\n<p><\/p>\n\n\n\n<p><\/p>\n\n\n\n<p><\/p>\n\n\n\n<p><\/p>\n\n\n\n<p><\/p>\n\n\n\n<p><\/p>\n\n\n\n<p><\/p>\n\n\n\n<p><\/p>\n\n\n\n<p><\/p>\n","protected":false},"excerpt":{"rendered":"<p>Com a chegada de novos lotes da vacina contra a Covid-19 no Munic\u00edpio, a Unidade de Gest\u00e3o de Promo\u00e7\u00e3o da Sa\u00fade (UGPS) retoma na pr\u00f3xima quarta-feira (6) a aplica\u00e7\u00e3o das doses em crian\u00e7as de 6 meses a menores de 5 anos e em crian\u00e7as de 5 anos a 11 anos que pertencem aos grupos priorit\u00e1rios [&hellip;]<\/p>\n","protected":false},"author":50,"featured_media":308221,"comment_status":"closed","ping_status":"0","sticky":false,"template":"","format":"standard","meta":{"footnotes":""},"categories":[2],"tags":[1500,981],"ods":[],"class_list":["post-348690","post","type-post","status-publish","format-standard","has-post-thumbnail","hentry","category-noticias","tag-coronavirus","tag-promocao-da-saude"],"_links":{"self":[{"href":"https:\/\/jundiai.sp.gov.br\/noticias\/wp-json\/wp\/v2\/posts\/348690","targetHints":{"allow":["GET"]}}],"collection":[{"href":"https:\/\/jundiai.sp.gov.br\/noticias\/wp-json\/wp\/v2\/posts"}],"about":[{"href":"https:\/\/jundiai.sp.gov.br\/noticias\/wp-json\/wp\/v2\/types\/post"}],"author":[{"embeddable":true,"href":"https:\/\/jundiai.sp.gov.br\/noticias\/wp-json\/wp\/v2\/users\/50"}],"replies":[{"embeddable":true,"href":"https:\/\/jundiai.sp.gov.br\/noticias\/wp-json\/wp\/v2\/comments?post=348690"}],"version-history":[{"count":5,"href":"https:\/\/jundiai.sp.gov.br\/noticias\/wp-json\/wp\/v2\/posts\/348690\/revisions"}],"predecessor-version":[{"id":348702,"href":"https:\/\/jundiai.sp.gov.br\/noticias\/wp-json\/wp\/v2\/posts\/348690\/revisions\/348702"}],"wp:featuredmedia":[{"embeddable":true,"href":"https:\/\/jundiai.sp.gov.br\/noticias\/wp-json\/wp\/v2\/media\/308221"}],"wp:attachment":[{"href":"https:\/\/jundiai.sp.gov.br\/noticias\/wp-json\/wp\/v2\/media?parent=348690"}],"wp:term":[{"taxonomy":"category","embeddable":true,"href":"https:\/\/jundiai.sp.gov.br\/noticias\/wp-json\/wp\/v2\/categories?post=348690"},{"taxonomy":"post_tag","embeddable":true,"href":"https:\/\/jundiai.sp.gov.br\/noticias\/wp-json\/wp\/v2\/tags?post=348690"},{"taxonomy":"ods","embeddable":true,"href":"https:\/\/jundiai.sp.gov.br\/noticias\/wp-json\/wp\/v2\/ods?post=348690"}],"curies":[{"name":"wp","href":"https:\/\/api.w.org\/{rel}","templated":true}]}}