{"id":348922,"date":"2024-11-11T09:55:00","date_gmt":"2024-11-11T12:55:00","guid":{"rendered":"https:\/\/jundiai.sp.gov.br\/noticias\/?p=348922"},"modified":"2024-11-08T17:06:23","modified_gmt":"2024-11-08T20:06:23","slug":"novembro-azul-campanha-reforca-a-importancia-do-autocuidado-masculino","status":"publish","type":"post","link":"https:\/\/jundiai.sp.gov.br\/noticias\/2024\/11\/11\/novembro-azul-campanha-reforca-a-importancia-do-autocuidado-masculino\/","title":{"rendered":"Novembro Azul: campanha refor\u00e7a a import\u00e2ncia do autocuidado masculino"},"content":{"rendered":"\n<p>No m\u00eas dedicado \u00e0 sa\u00fade masculina, a Unidade de Gest\u00e3o de Promo\u00e7\u00e3o da Sa\u00fade (UGPS) relembra a import\u00e2ncia da ado\u00e7\u00e3o de h\u00e1bitos saud\u00e1veis e do diagn\u00f3stico precoce do c\u00e2ncer de pr\u00f3stata. Em todas as Unidades B\u00e1sicas de Sa\u00fade (UBSs) e Cl\u00ednicas da Fam\u00edlia ocorre a oferta de a\u00e7\u00f5es de autocuidado que incluem e v\u00e3o al\u00e9m das consultas e dos exames preventivos.<\/p>\n\n\n\n<p>No Brasil, o c\u00e2ncer de pr\u00f3stata \u00e9 o segundo tipo mais comum entre os homens, perdendo apenas para o c\u00e2ncer de pele n\u00e3o melanoma. O Instituto Nacional de C\u00e2ncer (INCA) estima que, entre 2023 e 2025, ser\u00e3o registrados 71.730 novos casos da doen\u00e7a por ano, um aumento de 8% em rela\u00e7\u00e3o ao tri\u00eanio anterior.<\/p>\n\n\n\n<figure class=\"wp-block-image size-large\"><img loading=\"lazy\" decoding=\"async\" width=\"1280\" height=\"854\" src=\"https:\/\/jundiai.sp.gov.br\/noticias\/wp-content\/uploads\/sites\/32\/2024\/11\/clinica-da-familia-ponte-sao-joao-atendimento_fm_-25-1-1280x854.jpg\" alt=\"\" class=\"wp-image-348935\" srcset=\"https:\/\/jundiai.sp.gov.br\/noticias\/wp-content\/uploads\/sites\/32\/2024\/11\/clinica-da-familia-ponte-sao-joao-atendimento_fm_-25-1-1280x854.jpg 1280w, https:\/\/jundiai.sp.gov.br\/noticias\/wp-content\/uploads\/sites\/32\/2024\/11\/clinica-da-familia-ponte-sao-joao-atendimento_fm_-25-1-300x200.jpg 300w, https:\/\/jundiai.sp.gov.br\/noticias\/wp-content\/uploads\/sites\/32\/2024\/11\/clinica-da-familia-ponte-sao-joao-atendimento_fm_-25-1-768x512.jpg 768w, https:\/\/jundiai.sp.gov.br\/noticias\/wp-content\/uploads\/sites\/32\/2024\/11\/clinica-da-familia-ponte-sao-joao-atendimento_fm_-25-1-1536x1024.jpg 1536w, https:\/\/jundiai.sp.gov.br\/noticias\/wp-content\/uploads\/sites\/32\/2024\/11\/clinica-da-familia-ponte-sao-joao-atendimento_fm_-25-1-450x300.jpg 450w, https:\/\/jundiai.sp.gov.br\/noticias\/wp-content\/uploads\/sites\/32\/2024\/11\/clinica-da-familia-ponte-sao-joao-atendimento_fm_-25-1.jpg 1900w\" sizes=\"auto, (max-width: 1280px) 100vw, 1280px\" \/><figcaption class=\"wp-element-caption\">UBSs e Cl\u00ednicas da Fam\u00edlia ofertam avalia\u00e7\u00e3o individualizada para os homens<\/figcaption><\/figure>\n\n\n\n<p>Em Jundia\u00ed, at\u00e9 setembro, foram 214 casos. No mesmo per\u00edodo do ano passado, foram 126 ocorr\u00eancias. Em 2023, o ano todo, 162 homens foram diagnosticados com a doen\u00e7a. Atualmente, 120 homens est\u00e3o em tratamento de radioterapia e 498 em hormonioterapia. O atendimento, na cidade, ocorre de maneira integral a partir dos Hospitais S\u00e3o Vicente e Universit\u00e1rio, sendo o paciente acompanhado por m\u00e9dico-cirurgi\u00e3o urologista, m\u00e9dico oncologista cl\u00ednico e equipes de radioterapia, de psicologia e de servi\u00e7o social.<\/p>\n\n\n\n<p>\u201c\u00c9 fundamental lembrarmos que com o diagn\u00f3stico precoce aumentam as chances de cura. Por isso, anualmente, a campanha Novembro Azul faz o chamado para os homens buscarem os exames preventivos e, tamb\u00e9m, adotem medidas simples como a pr\u00e1tica de atividades f\u00edsicas e a alimenta\u00e7\u00e3o saud\u00e1vel para preven\u00e7\u00e3o tanto do c\u00e2ncer de pr\u00f3stata como outras doen\u00e7as\u201d, destaca o gestor de Promo\u00e7\u00e3o da Sa\u00fade, Tiago Texera.<\/p>\n\n\n\n<figure class=\"wp-block-image size-large\"><img loading=\"lazy\" decoding=\"async\" width=\"1280\" height=\"854\" src=\"https:\/\/jundiai.sp.gov.br\/noticias\/wp-content\/uploads\/sites\/32\/2024\/11\/pilates-na-rede-como-pratica-integrativa-santa-gertrudes-academia-da-saude-_ws-4-1280x854.jpg\" alt=\"\" class=\"wp-image-348938\" srcset=\"https:\/\/jundiai.sp.gov.br\/noticias\/wp-content\/uploads\/sites\/32\/2024\/11\/pilates-na-rede-como-pratica-integrativa-santa-gertrudes-academia-da-saude-_ws-4-1280x854.jpg 1280w, https:\/\/jundiai.sp.gov.br\/noticias\/wp-content\/uploads\/sites\/32\/2024\/11\/pilates-na-rede-como-pratica-integrativa-santa-gertrudes-academia-da-saude-_ws-4-300x200.jpg 300w, https:\/\/jundiai.sp.gov.br\/noticias\/wp-content\/uploads\/sites\/32\/2024\/11\/pilates-na-rede-como-pratica-integrativa-santa-gertrudes-academia-da-saude-_ws-4-768x512.jpg 768w, https:\/\/jundiai.sp.gov.br\/noticias\/wp-content\/uploads\/sites\/32\/2024\/11\/pilates-na-rede-como-pratica-integrativa-santa-gertrudes-academia-da-saude-_ws-4-1536x1024.jpg 1536w, https:\/\/jundiai.sp.gov.br\/noticias\/wp-content\/uploads\/sites\/32\/2024\/11\/pilates-na-rede-como-pratica-integrativa-santa-gertrudes-academia-da-saude-_ws-4-450x300.jpg 450w, https:\/\/jundiai.sp.gov.br\/noticias\/wp-content\/uploads\/sites\/32\/2024\/11\/pilates-na-rede-como-pratica-integrativa-santa-gertrudes-academia-da-saude-_ws-4.jpg 1900w\" sizes=\"auto, (max-width: 1280px) 100vw, 1280px\" \/><figcaption class=\"wp-element-caption\">A ado\u00e7\u00e3o de h\u00e1bitos saud\u00e1veis \u00e9 incentivada, assim como a realiza\u00e7\u00e3o dos exames preventivos<\/figcaption><\/figure>\n\n\n\n<p><strong>Rastreio<\/strong><br>Em todas as UBSs e nas Cl\u00ednicas da Fam\u00edlia ocorre a oferta de avalia\u00e7\u00e3o individualizada dos homens. Seguindo as orienta\u00e7\u00f5es do Minist\u00e9rio da Sa\u00fade, \u00e9 efetuado o rastreio do c\u00e2ncer de pr\u00f3stata a partir dos 50 anos. Em afrodescendentes ou com hist\u00f3ria de neoplasia de pr\u00f3stata na fam\u00edlia, essa avalia\u00e7\u00e3o \u00e9 iniciada aos 45 anos.<\/p>\n\n\n\n<p>\u201cAtuamos, ao longo do ano e a partir de equipe multiprofissional, para o cuidado da sa\u00fade do homem com foco na preven\u00e7\u00e3o do c\u00e2ncer de pr\u00f3stata e de v\u00e1rias outras doen\u00e7as, como o diabete, o colesterol e as doen\u00e7as cardiovasculares. Em todos os equipamentos da Aten\u00e7\u00e3o B\u00e1sica, tamb\u00e9m ofertamos atividades complementares, como grupos de alongamento, gin\u00e1stica corporal, medita\u00e7\u00e3o, entre tantos outros voltados \u00e0 promo\u00e7\u00e3o da sa\u00fade. Basta o usu\u00e1rio procurar a sua unidade de refer\u00eancia para se informar\u201d, ressalta a diretora do Departamento de Aten\u00e7\u00e3o B\u00e1sica \u00e0 Sa\u00fade da UGPS, Ana Paula Rosa.<\/p>\n\n\n\n<p><strong>Assessoria de Imprensa<br>Foto: Fot\u00f3grafos PMJ <\/strong><\/p>\n","protected":false},"excerpt":{"rendered":"<p>No m\u00eas dedicado \u00e0 sa\u00fade masculina, a Unidade de Gest\u00e3o de Promo\u00e7\u00e3o da Sa\u00fade (UGPS) relembra a import\u00e2ncia da ado\u00e7\u00e3o de h\u00e1bitos saud\u00e1veis e do diagn\u00f3stico precoce do c\u00e2ncer de pr\u00f3stata. Em todas as Unidades B\u00e1sicas de Sa\u00fade (UBSs) e Cl\u00ednicas da Fam\u00edlia ocorre a oferta de a\u00e7\u00f5es de autocuidado que incluem e v\u00e3o al\u00e9m [&hellip;]<\/p>\n","protected":false},"author":50,"featured_media":348937,"comment_status":"closed","ping_status":"0","sticky":false,"template":"","format":"standard","meta":{"footnotes":""},"categories":[4620,2],"tags":[1131,366,981,1307],"ods":[],"class_list":["post-348922","post","type-post","status-publish","format-standard","has-post-thumbnail","hentry","category-destaques","category-noticias","tag-clinica-da-familia","tag-novembro-azul","tag-promocao-da-saude","tag-ubs"],"_links":{"self":[{"href":"https:\/\/jundiai.sp.gov.br\/noticias\/wp-json\/wp\/v2\/posts\/348922","targetHints":{"allow":["GET"]}}],"collection":[{"href":"https:\/\/jundiai.sp.gov.br\/noticias\/wp-json\/wp\/v2\/posts"}],"about":[{"href":"https:\/\/jundiai.sp.gov.br\/noticias\/wp-json\/wp\/v2\/types\/post"}],"author":[{"embeddable":true,"href":"https:\/\/jundiai.sp.gov.br\/noticias\/wp-json\/wp\/v2\/users\/50"}],"replies":[{"embeddable":true,"href":"https:\/\/jundiai.sp.gov.br\/noticias\/wp-json\/wp\/v2\/comments?post=348922"}],"version-history":[{"count":7,"href":"https:\/\/jundiai.sp.gov.br\/noticias\/wp-json\/wp\/v2\/posts\/348922\/revisions"}],"predecessor-version":[{"id":348948,"href":"https:\/\/jundiai.sp.gov.br\/noticias\/wp-json\/wp\/v2\/posts\/348922\/revisions\/348948"}],"wp:featuredmedia":[{"embeddable":true,"href":"https:\/\/jundiai.sp.gov.br\/noticias\/wp-json\/wp\/v2\/media\/348937"}],"wp:attachment":[{"href":"https:\/\/jundiai.sp.gov.br\/noticias\/wp-json\/wp\/v2\/media?parent=348922"}],"wp:term":[{"taxonomy":"category","embeddable":true,"href":"https:\/\/jundiai.sp.gov.br\/noticias\/wp-json\/wp\/v2\/categories?post=348922"},{"taxonomy":"post_tag","embeddable":true,"href":"https:\/\/jundiai.sp.gov.br\/noticias\/wp-json\/wp\/v2\/tags?post=348922"},{"taxonomy":"ods","embeddable":true,"href":"https:\/\/jundiai.sp.gov.br\/noticias\/wp-json\/wp\/v2\/ods?post=348922"}],"curies":[{"name":"wp","href":"https:\/\/api.w.org\/{rel}","templated":true}]}}