{"id":349141,"date":"2024-11-14T16:48:04","date_gmt":"2024-11-14T19:48:04","guid":{"rendered":"https:\/\/jundiai.sp.gov.br\/noticias\/?p=349141"},"modified":"2024-11-14T16:48:04","modified_gmt":"2024-11-14T19:48:04","slug":"1a-conferencia-do-meio-ambiente-e-do-clima-esta-com-inscricoes-abertas","status":"publish","type":"post","link":"https:\/\/jundiai.sp.gov.br\/noticias\/2024\/11\/14\/1a-conferencia-do-meio-ambiente-e-do-clima-esta-com-inscricoes-abertas\/","title":{"rendered":"1\u00aa Confer\u00eancia do Meio Ambiente e do Clima est\u00e1 com inscri\u00e7\u00f5es abertas"},"content":{"rendered":"\n<p>No pr\u00f3ximo dia 30 de novembro, a Prefeitura de Jundia\u00ed, por meio da Unidade de Gest\u00e3o de Planejamento Urbano e Meio Ambiente (UGPUMA), realizar\u00e1 a 1\u00aa Confer\u00eancia Municipal do Meio Ambiente e do Clima, que ter\u00e1 como tema central &#8220;Emerg\u00eancia clim\u00e1tica: o desafio da transforma\u00e7\u00e3o ecol\u00f3gica&#8221;. O evento ser\u00e1 no audit\u00f3rio da DAE Jundia\u00ed, a partir das 8h. As inscri\u00e7\u00f5es para a participa\u00e7\u00e3o podem ser realizadas <a href=\"https:\/\/docs.google.com\/forms\/d\/e\/1FAIpQLSecBU_au96kg17CD1ZeBerNWSfI6L3HYopXLK89klS6x9ZjCQ\/viewform\">neste link<\/a>.<\/p>\n\n\n\n<p>A confer\u00eancia tem como prop\u00f3sito central incentivar a participa\u00e7\u00e3o ativa da popula\u00e7\u00e3o na constru\u00e7\u00e3o de estrat\u00e9gias que enfrentam os desafios clim\u00e1ticos, alinhadas a cinco eixos tem\u00e1ticos: mitiga\u00e7\u00e3o de emiss\u00f5es de gases de efeito estufa; adapta\u00e7\u00e3o e preven\u00e7\u00e3o de riscos; justi\u00e7a clim\u00e1tica e supera\u00e7\u00e3o das desigualdades; transforma\u00e7\u00e3o ecol\u00f3gica; e governan\u00e7a e educa\u00e7\u00e3o ambiental. Durante o evento, os participantes ir\u00e3o debater e elaborar 10 propostas, sendo duas para cada eixo tem\u00e1tico, que ser\u00e3o encaminhadas para a etapa estadual da confer\u00eancia. Al\u00e9m disso, ser\u00e1 eleita uma delega\u00e7\u00e3o de Jundia\u00ed, respeitando crit\u00e9rios de g\u00eanero e etnia, que representar\u00e1 o munic\u00edpio na etapa estadual.<\/p>\n\n\n<div class=\"wp-block-image\">\n<figure class=\"aligncenter size-large\"><img loading=\"lazy\" decoding=\"async\" width=\"1280\" height=\"960\" src=\"https:\/\/jundiai.sp.gov.br\/noticias\/wp-content\/uploads\/sites\/32\/2024\/11\/dae_base_geral-7-1280x960.jpg\" alt=\"\" class=\"wp-image-349157\" srcset=\"https:\/\/jundiai.sp.gov.br\/noticias\/wp-content\/uploads\/sites\/32\/2024\/11\/dae_base_geral-7-1280x960.jpg 1280w, https:\/\/jundiai.sp.gov.br\/noticias\/wp-content\/uploads\/sites\/32\/2024\/11\/dae_base_geral-7-300x225.jpg 300w, https:\/\/jundiai.sp.gov.br\/noticias\/wp-content\/uploads\/sites\/32\/2024\/11\/dae_base_geral-7-768x576.jpg 768w, https:\/\/jundiai.sp.gov.br\/noticias\/wp-content\/uploads\/sites\/32\/2024\/11\/dae_base_geral-7-1536x1152.jpg 1536w, https:\/\/jundiai.sp.gov.br\/noticias\/wp-content\/uploads\/sites\/32\/2024\/11\/dae_base_geral-7.jpg 1900w\" sizes=\"auto, (max-width: 1280px) 100vw, 1280px\" \/><figcaption class=\"wp-element-caption\">1\u00aa Confer\u00eancia Municipal do Meio Ambiente e do Clima ser\u00e1 realizada do audit\u00f3rio da DAE Jundia\u00ed<\/figcaption><\/figure>\n<\/div>\n\n\n<p>A gestora em exerc\u00edcio de Planejamento Urbano e Meio Ambiente de Jundia\u00ed, Paula Siqueira, destacou a import\u00e2ncia da confer\u00eancia. &#8220;\u00c9 uma \u00f3tima oportunidade de dialogarmos e definirmos as conex\u00f5es entre o natural e o que constru\u00edmos. Como escolhemos morar, nossa forma de nos locomover, estudar, trabalhar, praticar o lazer? A confer\u00eancia \u00e9 um convite para o di\u00e1logo necess\u00e1rio para definirmos se seguimos como estamos ou aceitamos passar pela transforma\u00e7\u00e3o necess\u00e1ria para o nosso bem estar por aqui&#8221;, afirmou a gestora.<\/p>\n\n\n\n<p>Outro ponto de destaque \u00e9 a inclus\u00e3o social e a justi\u00e7a clim\u00e1tica, temas que ser\u00e3o abordados em um dos eixos principais da confer\u00eancia. A diretora de Urbanismo, Sylvia Angelini, enfatizou a relev\u00e2ncia de pol\u00edticas inclusivas para combater as desigualdades agravadas pela crise clim\u00e1tica. &#8220;Precisamos garantir que todos os cidad\u00e3os tenham voz. A justi\u00e7a clim\u00e1tica implica, principalmente, em proteger aqueles que mais sofrem com os impactos das mudan\u00e7as clim\u00e1ticas e promover uma transi\u00e7\u00e3o justa para uma economia de baixo carbono&#8221;, explicou.<\/p>\n\n\n\n<p>Ao final do encontro, a confer\u00eancia permitir\u00e1 que o munic\u00edpio estabele\u00e7a uma base s\u00f3lida de propostas concretas para a Confer\u00eancia Estadual e tamb\u00e9m para a 5\u00aa Confer\u00eancia Nacional do Meio Ambiente. \u201cCom a realiza\u00e7\u00e3o da confer\u00eancia, Jundia\u00ed d\u00e1 um passo decisivo em dire\u00e7\u00e3o ao fortalecimento da governan\u00e7a ambiental, \u00e0 promo\u00e7\u00e3o da educa\u00e7\u00e3o clim\u00e1tica e ao engajamento social, visando uma resposta mais eficaz e justa \u00e0 emerg\u00eancia clim\u00e1tica que o planeta enfrenta\u201d, disse o diretor do Departamento de Planejamento, Gest\u00e3o e Finan\u00e7as da UGPUMA, Guilherme Theodoro Nascimento Pereira de Lima.<\/p>\n\n\n\n<p><strong>Assessoria de Imprensa<br>Foto: Fot\u00f3grafos DAE Jundia\u00ed<\/strong><\/p>\n","protected":false},"excerpt":{"rendered":"<p>No pr\u00f3ximo dia 30 de novembro, a Prefeitura de Jundia\u00ed, por meio da Unidade de Gest\u00e3o de Planejamento Urbano e Meio Ambiente (UGPUMA), realizar\u00e1 a 1\u00aa Confer\u00eancia Municipal do Meio Ambiente e do Clima, que ter\u00e1 como tema central &#8220;Emerg\u00eancia clim\u00e1tica: o desafio da transforma\u00e7\u00e3o ecol\u00f3gica&#8221;. O evento ser\u00e1 no audit\u00f3rio da DAE Jundia\u00ed, a [&hellip;]<\/p>\n","protected":false},"author":100,"featured_media":349157,"comment_status":"closed","ping_status":"0","sticky":false,"template":"","format":"standard","meta":{"footnotes":""},"categories":[4620,2],"tags":[4677,4676,1940,984,1187],"ods":[4231,4233],"class_list":["post-349141","post","type-post","status-publish","format-standard","has-post-thumbnail","hentry","category-destaques","category-noticias","tag-1a-conferencia-municipal-do-meio-ambiente-e-do-clima","tag-conferencia-municipal-do-meio-ambiente-e-do-clima","tag-dae-jundiai","tag-planejamento-urbano-e-meio-ambiente","tag-ugpuma","ods-ods-11","ods-ods-13"],"_links":{"self":[{"href":"https:\/\/jundiai.sp.gov.br\/noticias\/wp-json\/wp\/v2\/posts\/349141","targetHints":{"allow":["GET"]}}],"collection":[{"href":"https:\/\/jundiai.sp.gov.br\/noticias\/wp-json\/wp\/v2\/posts"}],"about":[{"href":"https:\/\/jundiai.sp.gov.br\/noticias\/wp-json\/wp\/v2\/types\/post"}],"author":[{"embeddable":true,"href":"https:\/\/jundiai.sp.gov.br\/noticias\/wp-json\/wp\/v2\/users\/100"}],"replies":[{"embeddable":true,"href":"https:\/\/jundiai.sp.gov.br\/noticias\/wp-json\/wp\/v2\/comments?post=349141"}],"version-history":[{"count":12,"href":"https:\/\/jundiai.sp.gov.br\/noticias\/wp-json\/wp\/v2\/posts\/349141\/revisions"}],"predecessor-version":[{"id":349329,"href":"https:\/\/jundiai.sp.gov.br\/noticias\/wp-json\/wp\/v2\/posts\/349141\/revisions\/349329"}],"wp:featuredmedia":[{"embeddable":true,"href":"https:\/\/jundiai.sp.gov.br\/noticias\/wp-json\/wp\/v2\/media\/349157"}],"wp:attachment":[{"href":"https:\/\/jundiai.sp.gov.br\/noticias\/wp-json\/wp\/v2\/media?parent=349141"}],"wp:term":[{"taxonomy":"category","embeddable":true,"href":"https:\/\/jundiai.sp.gov.br\/noticias\/wp-json\/wp\/v2\/categories?post=349141"},{"taxonomy":"post_tag","embeddable":true,"href":"https:\/\/jundiai.sp.gov.br\/noticias\/wp-json\/wp\/v2\/tags?post=349141"},{"taxonomy":"ods","embeddable":true,"href":"https:\/\/jundiai.sp.gov.br\/noticias\/wp-json\/wp\/v2\/ods?post=349141"}],"curies":[{"name":"wp","href":"https:\/\/api.w.org\/{rel}","templated":true}]}}