{"id":349196,"date":"2024-11-15T09:47:00","date_gmt":"2024-11-15T12:47:00","guid":{"rendered":"https:\/\/jundiai.sp.gov.br\/noticias\/?p=349196"},"modified":"2024-11-14T15:59:14","modified_gmt":"2024-11-14T18:59:14","slug":"novo-canil-da-gm-reforca-a-seguranca-e-agrada-moradores-e-comerciantes","status":"publish","type":"post","link":"https:\/\/jundiai.sp.gov.br\/noticias\/2024\/11\/15\/novo-canil-da-gm-reforca-a-seguranca-e-agrada-moradores-e-comerciantes\/","title":{"rendered":"Novo Canil da GM refor\u00e7a a seguran\u00e7a e agrada moradores"},"content":{"rendered":"\n<p>Com um investimento de aproximadamente R$ 5 milh\u00f5es e inaugurado em julho deste ano, o novo canil da Guarda Municipal trouxe refor\u00e7o na seguran\u00e7a p\u00fablica e caiu nas gra\u00e7as de comerciantes e moradores da regi\u00e3o oeste de Jundia\u00ed. Propriet\u00e1ria de um restaurante pr\u00f3ximo ao equipamento, Leurineide da Silva Jesus afirma que, desde a inaugura\u00e7\u00e3o, conseguiu at\u00e9 estender o prazo de funcionamento do estabelecimento. \u201cMe sinto muito mais segura com a Guarda Municipal ao meu lado e tenho a tranquilidade de deixar o restaurante aberto por mais tempo, aumentando tamb\u00e9m as minhas vendas\u201d, afirma.<\/p>\n\n\n\n<p>Funcion\u00e1rio de uma casa de ra\u00e7\u00e3o ao lado, Henrique Cesar Menconi, compartilha do mesmo sentimento. Segundo ele, a expectativa criada durante as obras est\u00e1 sendo atendida e a sensa\u00e7\u00e3o de seguran\u00e7a \u00e9 muito maior durante todo o per\u00edodo de expediente no com\u00e9rcio. \u201cSabemos que a Guarda Municipal presta um servi\u00e7o de qualidade na cidade e agora temos eles perto de n\u00f3s. Converso com os moradores de toda a regi\u00e3o e a aprova\u00e7\u00e3o \u00e9 un\u00e2nime\u201d, comenta.<\/p>\n\n\n\n<figure class=\"wp-block-gallery has-nested-images columns-default is-cropped wp-block-gallery-1 is-layout-flex wp-block-gallery-is-layout-flex\">\n<figure class=\"wp-block-image size-large\"><img loading=\"lazy\" decoding=\"async\" width=\"1280\" height=\"720\" data-id=\"349283\" src=\"https:\/\/jundiai.sp.gov.br\/noticias\/wp-content\/uploads\/sites\/32\/2024\/11\/canil-da-guarda-municipal-no-jardim-sarapiranga_fm_-102-1280x720.jpg\" alt=\"\" class=\"wp-image-349283\" srcset=\"https:\/\/jundiai.sp.gov.br\/noticias\/wp-content\/uploads\/sites\/32\/2024\/11\/canil-da-guarda-municipal-no-jardim-sarapiranga_fm_-102-1280x720.jpg 1280w, https:\/\/jundiai.sp.gov.br\/noticias\/wp-content\/uploads\/sites\/32\/2024\/11\/canil-da-guarda-municipal-no-jardim-sarapiranga_fm_-102-300x169.jpg 300w, https:\/\/jundiai.sp.gov.br\/noticias\/wp-content\/uploads\/sites\/32\/2024\/11\/canil-da-guarda-municipal-no-jardim-sarapiranga_fm_-102-768x432.jpg 768w, https:\/\/jundiai.sp.gov.br\/noticias\/wp-content\/uploads\/sites\/32\/2024\/11\/canil-da-guarda-municipal-no-jardim-sarapiranga_fm_-102-1536x864.jpg 1536w, https:\/\/jundiai.sp.gov.br\/noticias\/wp-content\/uploads\/sites\/32\/2024\/11\/canil-da-guarda-municipal-no-jardim-sarapiranga_fm_-102.jpg 1900w\" sizes=\"auto, (max-width: 1280px) 100vw, 1280px\" \/><figcaption class=\"wp-element-caption\">Novo Canil da Guarda Municipal tem \u00e1rea de 840 m\u00b2 e refor\u00e7ou a seguran\u00e7a na regi\u00e3o<\/figcaption><\/figure>\n<\/figure>\n\n\n\n<p>A nova sede conta com um amplo espa\u00e7o de 840 m\u00b2 e uma estrutura moderna e completa, com quartos com sol\u00e1rio para 16 c\u00e3es, \u00e1rea exclusiva para treinamento, veterin\u00e1rio, sala de aprimoramento do faro dos animais para detec\u00e7\u00e3o de drogas e pessoas desaparecidas, sala de aula, estacionamento para 46 carros e 7 motos, al\u00e9m de um pequeno audit\u00f3rio para cursos e palestras. Al\u00e9m do canil, a corpora\u00e7\u00e3o ainda refor\u00e7ou o patrulhamento noturno com equipes fixas na regi\u00e3o.<\/p>\n\n\n\n<figure class=\"wp-block-gallery has-nested-images columns-default is-cropped wp-block-gallery-2 is-layout-flex wp-block-gallery-is-layout-flex\">\n<figure class=\"wp-block-image size-large\"><img loading=\"lazy\" decoding=\"async\" width=\"1280\" height=\"854\" data-id=\"349281\" src=\"https:\/\/jundiai.sp.gov.br\/noticias\/wp-content\/uploads\/sites\/32\/2024\/11\/canil-da-guarda-municipal-entorno-comerciante-leurineide-da-silva-jesus_fm_-10-1280x854.jpg\" alt=\"\" class=\"wp-image-349281\" srcset=\"https:\/\/jundiai.sp.gov.br\/noticias\/wp-content\/uploads\/sites\/32\/2024\/11\/canil-da-guarda-municipal-entorno-comerciante-leurineide-da-silva-jesus_fm_-10-1280x854.jpg 1280w, https:\/\/jundiai.sp.gov.br\/noticias\/wp-content\/uploads\/sites\/32\/2024\/11\/canil-da-guarda-municipal-entorno-comerciante-leurineide-da-silva-jesus_fm_-10-300x200.jpg 300w, https:\/\/jundiai.sp.gov.br\/noticias\/wp-content\/uploads\/sites\/32\/2024\/11\/canil-da-guarda-municipal-entorno-comerciante-leurineide-da-silva-jesus_fm_-10-768x512.jpg 768w, https:\/\/jundiai.sp.gov.br\/noticias\/wp-content\/uploads\/sites\/32\/2024\/11\/canil-da-guarda-municipal-entorno-comerciante-leurineide-da-silva-jesus_fm_-10-1536x1024.jpg 1536w, https:\/\/jundiai.sp.gov.br\/noticias\/wp-content\/uploads\/sites\/32\/2024\/11\/canil-da-guarda-municipal-entorno-comerciante-leurineide-da-silva-jesus_fm_-10-450x300.jpg 450w, https:\/\/jundiai.sp.gov.br\/noticias\/wp-content\/uploads\/sites\/32\/2024\/11\/canil-da-guarda-municipal-entorno-comerciante-leurineide-da-silva-jesus_fm_-10.jpg 1900w\" sizes=\"auto, (max-width: 1280px) 100vw, 1280px\" \/><figcaption class=\"wp-element-caption\">Leurineide diz que ampliou o hor\u00e1rio de funcionamento do restaurante<\/figcaption><\/figure>\n\n\n\n<figure class=\"wp-block-image size-large\"><img loading=\"lazy\" decoding=\"async\" width=\"1280\" height=\"854\" data-id=\"349282\" src=\"https:\/\/jundiai.sp.gov.br\/noticias\/wp-content\/uploads\/sites\/32\/2024\/11\/canil-da-guarda-municipal-entorno-comerciante-henrique-cesar-menconi_fm_-1-1280x854.jpg\" alt=\"\" class=\"wp-image-349282\" srcset=\"https:\/\/jundiai.sp.gov.br\/noticias\/wp-content\/uploads\/sites\/32\/2024\/11\/canil-da-guarda-municipal-entorno-comerciante-henrique-cesar-menconi_fm_-1-1280x854.jpg 1280w, https:\/\/jundiai.sp.gov.br\/noticias\/wp-content\/uploads\/sites\/32\/2024\/11\/canil-da-guarda-municipal-entorno-comerciante-henrique-cesar-menconi_fm_-1-300x200.jpg 300w, https:\/\/jundiai.sp.gov.br\/noticias\/wp-content\/uploads\/sites\/32\/2024\/11\/canil-da-guarda-municipal-entorno-comerciante-henrique-cesar-menconi_fm_-1-768x512.jpg 768w, https:\/\/jundiai.sp.gov.br\/noticias\/wp-content\/uploads\/sites\/32\/2024\/11\/canil-da-guarda-municipal-entorno-comerciante-henrique-cesar-menconi_fm_-1-1536x1024.jpg 1536w, https:\/\/jundiai.sp.gov.br\/noticias\/wp-content\/uploads\/sites\/32\/2024\/11\/canil-da-guarda-municipal-entorno-comerciante-henrique-cesar-menconi_fm_-1-450x300.jpg 450w, https:\/\/jundiai.sp.gov.br\/noticias\/wp-content\/uploads\/sites\/32\/2024\/11\/canil-da-guarda-municipal-entorno-comerciante-henrique-cesar-menconi_fm_-1.jpg 1900w\" sizes=\"auto, (max-width: 1280px) 100vw, 1280px\" \/><figcaption class=\"wp-element-caption\">Henrique Cesar Menconi exaltou a qualidade do servi\u00e7o prestado pela GM<\/figcaption><\/figure>\n<\/figure>\n\n\n\n<p>\u201cO novo equipamento beneficia cerca de 120 mil pessoas que residem na regi\u00e3o oeste da cidade. A aprova\u00e7\u00e3o da popula\u00e7\u00e3o mostra que fizemos mais um investimento certeiro na seguran\u00e7a p\u00fablica, assim como os mais de R$\u00a0100 milh\u00f5es aportados nos \u00faltimos anos deste governo\u201d, explica a gestora da Unidade de Gest\u00e3o de Seguran\u00e7a Municipal (UGSM), Carla Basson.<\/p>\n\n\n\n<p>\u201cOs investimentos na Guarda Municipal s\u00e3o refletidos em presta\u00e7\u00e3o de servi\u00e7o de qualidade e reconhecimento por parte da popula\u00e7\u00e3o, que \u00e9 motivo de grande orgulho para a nossa corpora\u00e7\u00e3o. Temos, hoje, o maior efetivo da hist\u00f3ria da GM, com mais de 460 agentes, para cuidar das nossas pessoas\u201d, avalia o Comandante Benedito Marcos Moreno.<\/p>\n\n\n\n<figure class=\"wp-block-gallery has-nested-images columns-default is-cropped wp-block-gallery-3 is-layout-flex wp-block-gallery-is-layout-flex\">\n<figure class=\"wp-block-image size-large\"><img loading=\"lazy\" decoding=\"async\" width=\"1280\" height=\"854\" data-id=\"349284\" src=\"https:\/\/jundiai.sp.gov.br\/noticias\/wp-content\/uploads\/sites\/32\/2024\/11\/canil-da-guarda-municipal-no-jardim-sarapiranga_fm_-61-1280x854.jpg\" alt=\"\" class=\"wp-image-349284\" srcset=\"https:\/\/jundiai.sp.gov.br\/noticias\/wp-content\/uploads\/sites\/32\/2024\/11\/canil-da-guarda-municipal-no-jardim-sarapiranga_fm_-61-1280x854.jpg 1280w, https:\/\/jundiai.sp.gov.br\/noticias\/wp-content\/uploads\/sites\/32\/2024\/11\/canil-da-guarda-municipal-no-jardim-sarapiranga_fm_-61-300x200.jpg 300w, https:\/\/jundiai.sp.gov.br\/noticias\/wp-content\/uploads\/sites\/32\/2024\/11\/canil-da-guarda-municipal-no-jardim-sarapiranga_fm_-61-768x512.jpg 768w, https:\/\/jundiai.sp.gov.br\/noticias\/wp-content\/uploads\/sites\/32\/2024\/11\/canil-da-guarda-municipal-no-jardim-sarapiranga_fm_-61-1536x1024.jpg 1536w, https:\/\/jundiai.sp.gov.br\/noticias\/wp-content\/uploads\/sites\/32\/2024\/11\/canil-da-guarda-municipal-no-jardim-sarapiranga_fm_-61-450x300.jpg 450w, https:\/\/jundiai.sp.gov.br\/noticias\/wp-content\/uploads\/sites\/32\/2024\/11\/canil-da-guarda-municipal-no-jardim-sarapiranga_fm_-61.jpg 1900w\" sizes=\"auto, (max-width: 1280px) 100vw, 1280px\" \/><figcaption class=\"wp-element-caption\">Novo Canil tem estrutura completa e ir\u00e1 potencializar a presta\u00e7\u00e3o do servi\u00e7o p\u00fablico<\/figcaption><\/figure>\n<\/figure>\n\n\n\n<p><strong>Assessoria de Imprensa<br>Fotos: Fot\u00f3grafo PMJ<\/strong><\/p>\n","protected":false},"excerpt":{"rendered":"<p>Com um investimento de aproximadamente R$ 5 milh\u00f5es e inaugurado em julho deste ano, o novo canil da Guarda Municipal trouxe refor\u00e7o na seguran\u00e7a p\u00fablica e caiu nas gra\u00e7as de comerciantes e moradores da regi\u00e3o oeste de Jundia\u00ed. Propriet\u00e1ria de um restaurante pr\u00f3ximo ao equipamento, Leurineide da Silva Jesus afirma que, desde a inaugura\u00e7\u00e3o, conseguiu [&hellip;]<\/p>\n","protected":false},"author":90,"featured_media":349283,"comment_status":"closed","ping_status":"0","sticky":false,"template":"","format":"standard","meta":{"footnotes":""},"categories":[2],"tags":[2821,31,4678,2948,948],"ods":[],"class_list":["post-349196","post","type-post","status-publish","format-standard","has-post-thumbnail","hentry","category-noticias","tag-canil-da-guarda-municipal","tag-guarda-municipal","tag-novo-canil","tag-regiao-oeste","tag-seguranca-municipal"],"_links":{"self":[{"href":"https:\/\/jundiai.sp.gov.br\/noticias\/wp-json\/wp\/v2\/posts\/349196","targetHints":{"allow":["GET"]}}],"collection":[{"href":"https:\/\/jundiai.sp.gov.br\/noticias\/wp-json\/wp\/v2\/posts"}],"about":[{"href":"https:\/\/jundiai.sp.gov.br\/noticias\/wp-json\/wp\/v2\/types\/post"}],"author":[{"embeddable":true,"href":"https:\/\/jundiai.sp.gov.br\/noticias\/wp-json\/wp\/v2\/users\/90"}],"replies":[{"embeddable":true,"href":"https:\/\/jundiai.sp.gov.br\/noticias\/wp-json\/wp\/v2\/comments?post=349196"}],"version-history":[{"count":4,"href":"https:\/\/jundiai.sp.gov.br\/noticias\/wp-json\/wp\/v2\/posts\/349196\/revisions"}],"predecessor-version":[{"id":349324,"href":"https:\/\/jundiai.sp.gov.br\/noticias\/wp-json\/wp\/v2\/posts\/349196\/revisions\/349324"}],"wp:featuredmedia":[{"embeddable":true,"href":"https:\/\/jundiai.sp.gov.br\/noticias\/wp-json\/wp\/v2\/media\/349283"}],"wp:attachment":[{"href":"https:\/\/jundiai.sp.gov.br\/noticias\/wp-json\/wp\/v2\/media?parent=349196"}],"wp:term":[{"taxonomy":"category","embeddable":true,"href":"https:\/\/jundiai.sp.gov.br\/noticias\/wp-json\/wp\/v2\/categories?post=349196"},{"taxonomy":"post_tag","embeddable":true,"href":"https:\/\/jundiai.sp.gov.br\/noticias\/wp-json\/wp\/v2\/tags?post=349196"},{"taxonomy":"ods","embeddable":true,"href":"https:\/\/jundiai.sp.gov.br\/noticias\/wp-json\/wp\/v2\/ods?post=349196"}],"curies":[{"name":"wp","href":"https:\/\/api.w.org\/{rel}","templated":true}]}}